{"id":2642,"date":"2014-07-03T15:59:00","date_gmt":"2014-07-03T15:59:00","guid":{"rendered":"http:\/\/www.cdlbc.com.br\/portal\/noticias\/procon-suspende-servicos-da-oi-por-5-dias-em-sc\/"},"modified":"2014-07-03T15:59:00","modified_gmt":"2014-07-03T15:59:00","slug":"procon-suspende-servicos-da-oi-por-5-dias-em-sc","status":"publish","type":"post","link":"https:\/\/www.cdlbc.com.br\/portal\/noticias\/procon-suspende-servicos-da-oi-por-5-dias-em-sc\/","title":{"rendered":"Procon suspende servi\u00e7os da Oi por 5 dias em SC"},"content":{"rendered":"<div class=\"ftpimagefix\" style=\"float:left\"><img decoding=\"async\" width=\"250\" alt=\"celular2\" src=\"http:\/\/economiasc.com.br\/wp-content\/uploads\/2014\/07\/celular2-300x146.jpg\"><\/div>\n<p>Medida foi adotada em raz\u00e3o do grande n\u00famero de reclama\u00e7\u00f5es de consumidores. Foto: Divulga\u00e7\u00e3o<\/p>\n<p>O Procon estadual protocolou na tarde desta quarta-feira, dia 2, na sede da empresa Oi Brasil Telecom, no bairro Itacorubi, em Florian\u00f3polis, uma medida cautelar que impede a empresa de comercializar produtos ou servi\u00e7os por cinco dias em todo o Estado.<\/p>\n<p>\u201cTomamos esta decis\u00e3o em raz\u00e3o do grande n\u00famero de reclama\u00e7\u00f5es feitas nos 85 procons municipais pela falta de instala\u00e7\u00e3o e instala\u00e7\u00e3o de terminais telef\u00f4nicos e novas linhas de TV, internet e telefonia\u201d, explica a diretora do Procon estadual, Elizabete Fernandes. Somente os servi\u00e7os como recargas de celular, mudan\u00e7as de plano e migra\u00e7\u00e3o para outras operadoras podem ser feitos. N\u00e3o est\u00e3o permitidas a venda de chips, planos de acesso \u00e0 banda larga e pacotes para acesso \u00e0 televis\u00e3o.<\/p>\n<p>Para cumprimento da medida cautelar, o Procon estadual solicitou que a Oi Brasil Telecom forne\u00e7a a lista completa de lojas e revendedoras credenciadas em 24 horas e que publique no Servi\u00e7o de Atendimento ao Consumidor (SAC) da empresa. Cada vez que a medida cautelar for descumprida a Oi receber\u00e1 uma multa no valor de R$ 10 mil.<\/p>\n<p>The post Procon suspende servi\u00e7os da Oi por 5 dias em SC appeared first on Economia SC.<\/p>\n<p>Via: <a href=\"http:\/\/economiasc.com.br\/procon-suspende-servicos-da-oi-por-5-dias-em-sc\/\" class=\"colorbox\" title=\"Procon suspende servi\u00e7os da Oi por 5 dias em SC\">economiasc.com.br<\/a><\/p>\n","protected":false},"excerpt":{"rendered":"<div class=\"ftpimagefix\" style=\"float:left\"><img decoding=\"async\" width=\"250\" alt=\"celular2\" src=\"http:\/\/economiasc.com.br\/wp-content\/uploads\/2014\/07\/celular2-300x146.jpg\"><\/div>\n<\/p>\n<p>Medida foi adotada em raz\u00e3o do grande n\u00famero de reclama\u00e7\u00f5es de consumidores. Foto: Divulga\u00e7\u00e3o<\/p>\n<p>O Procon estadual protocolou na tarde desta quarta-feira, dia 2, na sede da empresa Oi Brasil Telecom, no bairro Itacorubi, em Florian\u00f3polis, uma medida cautelar que impede a empresa de comercializar produtos ou servi\u00e7os por cinco dias em todo o Estado.<\/p>\n<p>\u201cTomamos esta decis\u00e3o em raz\u00e3o do grande n\u00famero de reclama\u00e7\u00f5es feitas nos 85 procons municipais pela falta de instala\u00e7\u00e3o e instala\u00e7\u00e3o de terminais telef\u00f4nicos e novas linhas de TV, internet e telefonia\u201d, explica a diretora do Procon estadual, Elizabete Fernandes. Somente os servi\u00e7os como recargas de celular, mudan\u00e7as de plano e migra\u00e7\u00e3o para outras operadoras podem ser feitos. N\u00e3o est\u00e3o permitidas a venda de chips, planos de acesso \u00e0 banda larga e pacotes para acesso \u00e0 televis\u00e3o.<\/p>\n<p>Para cumprimento da medida cautelar, o Procon estadual solicitou que a Oi Brasil Telecom forne\u00e7a a lista completa de lojas e revendedoras credenciadas em 24 horas e que publique no Servi\u00e7o de Atendimento ao Consumidor (SAC) da empresa. Cada vez que a medida cautelar for descumprida a Oi receber\u00e1 uma multa no valor de R$ 10 mil.<\/p>\n<p>The post Procon suspende servi\u00e7os da Oi por 5 dias em SC appeared first on Economia SC.<\/p>\n","protected":false},"author":1,"featured_media":0,"comment_status":"open","ping_status":"open","sticky":false,"template":"","format":"standard","meta":{"footnotes":""},"categories":[5],"tags":[],"class_list":["post-2642","post","type-post","status-publish","format-standard","hentry","category-noticias","no-post-thumbnail"],"_links":{"self":[{"href":"https:\/\/www.cdlbc.com.br\/portal\/wp-json\/wp\/v2\/posts\/2642","targetHints":{"allow":["GET"]}}],"collection":[{"href":"https:\/\/www.cdlbc.com.br\/portal\/wp-json\/wp\/v2\/posts"}],"about":[{"href":"https:\/\/www.cdlbc.com.br\/portal\/wp-json\/wp\/v2\/types\/post"}],"author":[{"embeddable":true,"href":"https:\/\/www.cdlbc.com.br\/portal\/wp-json\/wp\/v2\/users\/1"}],"replies":[{"embeddable":true,"href":"https:\/\/www.cdlbc.com.br\/portal\/wp-json\/wp\/v2\/comments?post=2642"}],"version-history":[{"count":0,"href":"https:\/\/www.cdlbc.com.br\/portal\/wp-json\/wp\/v2\/posts\/2642\/revisions"}],"wp:attachment":[{"href":"https:\/\/www.cdlbc.com.br\/portal\/wp-json\/wp\/v2\/media?parent=2642"}],"wp:term":[{"taxonomy":"category","embeddable":true,"href":"https:\/\/www.cdlbc.com.br\/portal\/wp-json\/wp\/v2\/categories?post=2642"},{"taxonomy":"post_tag","embeddable":true,"href":"https:\/\/www.cdlbc.com.br\/portal\/wp-json\/wp\/v2\/tags?post=2642"}],"curies":[{"name":"wp","href":"https:\/\/api.w.org\/{rel}","templated":true}]}}