{"id":2641,"date":"2014-07-03T14:28:00","date_gmt":"2014-07-03T14:28:00","guid":{"rendered":"http:\/\/www.cdlbc.com.br\/portal\/noticias\/complexo-portuario-volta-a-operar-com-restricoes\/"},"modified":"2014-07-03T14:28:00","modified_gmt":"2014-07-03T14:28:00","slug":"complexo-portuario-volta-a-operar-com-restricoes","status":"publish","type":"post","link":"https:\/\/www.cdlbc.com.br\/portal\/noticias\/complexo-portuario-volta-a-operar-com-restricoes\/","title":{"rendered":"Complexo Portu\u00e1rio volta a operar, com restri\u00e7\u00f5es"},"content":{"rendered":"<p align=\"center\"><span>Depois de cinco dias com a barra fechada o porto de Itaja\u00ed retomou as opera\u00e7\u00f5es no in\u00edcio da tarde desta quarta-feira, dia 2, por\u00e9m, com restri\u00e7\u00f5es. A libera\u00e7\u00e3o por parte da Autoridade Mar\u00edtima ocorreu para opera\u00e7\u00f5es a partir das 15h. O porto estava fechado devido a forte correnteza do rio Itaja\u00ed-A\u00e7u.<\/span><\/p>\n<p>Est\u00e3o previstas duas manobras para esta tarde \u2013 uma atraca\u00e7\u00e3o e uma desatraca\u00e7\u00e3o \u2013 nas quais a Autoridade Mar\u00edtima e praticagem avaliam as condi\u00e7\u00f5es operacionais para a libera\u00e7\u00e3o. <span>Devido \u00e0s restri\u00e7\u00f5es, as manobras somente podem ser feitas no per\u00edodo diurno, durante a preamar (mar\u00e9 cheia) e com navios de at\u00e9 278 metros de comprimento. <\/span><span>J\u00e1 na quinta-feira os trabalhos devem ocorrer com maior intensidade a partir da redu\u00e7\u00e3o na correnteza.<\/span><\/p>\n<p>The post <a class=\"colorbox\" rel=\"nofollow\" href=\"http:\/\/economiasc.com.br\/complexo-portuario-volta-operar-com-restricoes\/\">Complexo Portu\u00e1rio volta a operar, com restri\u00e7\u00f5es<\/a> appeared first on <a class=\"colorbox\" rel=\"nofollow\" href=\"http:\/\/economiasc.com.br\/\">Economia SC<\/a>.<\/p>\n<p>Via: <a href=\"http:\/\/economiasc.com.br\/complexo-portuario-volta-operar-com-restricoes\/\" class=\"colorbox\" title=\"Complexo Portu\u00e1rio volta a operar, com restri\u00e7\u00f5es\">economiasc.com.br<\/a><\/p>\n","protected":false},"excerpt":{"rendered":"<p align=\"center\"><span>Depois de cinco dias com a barra fechada o porto de Itaja\u00ed retomou as opera\u00e7\u00f5es no in\u00edcio da tarde desta quarta-feira, dia 2, por\u00e9m, com restri\u00e7\u00f5es. A libera\u00e7\u00e3o por parte da Autoridade Mar\u00edtima ocorreu para opera\u00e7\u00f5es a partir das 15h. O porto estava fechado devido a forte correnteza do rio Itaja\u00ed-A\u00e7u.<\/span><\/p>\n<p>Est\u00e3o previstas duas manobras para esta tarde \u2013 uma atraca\u00e7\u00e3o e uma desatraca\u00e7\u00e3o \u2013 nas quais a Autoridade Mar\u00edtima e praticagem avaliam as condi\u00e7\u00f5es operacionais para a libera\u00e7\u00e3o. <span>Devido \u00e0s restri\u00e7\u00f5es, as manobras somente podem ser feitas no per\u00edodo diurno, durante a preamar (mar\u00e9 cheia) e com navios de at\u00e9 278 metros de comprimento. <\/span><span>J\u00e1 na quinta-feira os trabalhos devem ocorrer com maior intensidade a partir da redu\u00e7\u00e3o na correnteza.<\/span><\/p>\n<p>The post <a class=\"colorbox\" rel=\"nofollow\" href=\"http:\/\/economiasc.com.br\/complexo-portuario-volta-operar-com-restricoes\/\">Complexo Portu\u00e1rio volta a operar, com restri\u00e7\u00f5es<\/a> appeared first on <a class=\"colorbox\" rel=\"nofollow\" href=\"http:\/\/economiasc.com.br\/\">Economia SC<\/a>.<\/p>\n","protected":false},"author":1,"featured_media":0,"comment_status":"open","ping_status":"open","sticky":false,"template":"","format":"standard","meta":{"footnotes":""},"categories":[5],"tags":[],"class_list":["post-2641","post","type-post","status-publish","format-standard","hentry","category-noticias","no-post-thumbnail"],"_links":{"self":[{"href":"https:\/\/www.cdlbc.com.br\/portal\/wp-json\/wp\/v2\/posts\/2641","targetHints":{"allow":["GET"]}}],"collection":[{"href":"https:\/\/www.cdlbc.com.br\/portal\/wp-json\/wp\/v2\/posts"}],"about":[{"href":"https:\/\/www.cdlbc.com.br\/portal\/wp-json\/wp\/v2\/types\/post"}],"author":[{"embeddable":true,"href":"https:\/\/www.cdlbc.com.br\/portal\/wp-json\/wp\/v2\/users\/1"}],"replies":[{"embeddable":true,"href":"https:\/\/www.cdlbc.com.br\/portal\/wp-json\/wp\/v2\/comments?post=2641"}],"version-history":[{"count":0,"href":"https:\/\/www.cdlbc.com.br\/portal\/wp-json\/wp\/v2\/posts\/2641\/revisions"}],"wp:attachment":[{"href":"https:\/\/www.cdlbc.com.br\/portal\/wp-json\/wp\/v2\/media?parent=2641"}],"wp:term":[{"taxonomy":"category","embeddable":true,"href":"https:\/\/www.cdlbc.com.br\/portal\/wp-json\/wp\/v2\/categories?post=2641"},{"taxonomy":"post_tag","embeddable":true,"href":"https:\/\/www.cdlbc.com.br\/portal\/wp-json\/wp\/v2\/tags?post=2641"}],"curies":[{"name":"wp","href":"https:\/\/api.w.org\/{rel}","templated":true}]}}