{"id":2634,"date":"2014-07-03T12:54:00","date_gmt":"2014-07-03T12:54:00","guid":{"rendered":"http:\/\/www.cdlbc.com.br\/portal\/noticias\/atividade-do-comercio-cai-em-junho-aponta-serasa\/"},"modified":"2014-07-03T12:54:00","modified_gmt":"2014-07-03T12:54:00","slug":"atividade-do-comercio-cai-em-junho-aponta-serasa","status":"publish","type":"post","link":"https:\/\/www.cdlbc.com.br\/portal\/noticias\/atividade-do-comercio-cai-em-junho-aponta-serasa\/","title":{"rendered":"Atividade do com\u00e9rcio cai em junho, aponta Serasa"},"content":{"rendered":"<div class=\"ftpimagefix\" style=\"float:left\"><img decoding=\"async\" width=\"250\" alt=\"Movimento dos consumidores nas lojas de todo o pa\u00eds em caiu 3,2% . Foto: Divulga\u00e7\u00e3o\" src=\"http:\/\/economiasc.com.br\/wp-content\/uploads\/2014\/07\/Com%C3%A9rcio-Pesquisa-Feco%C3%A9rcio.jpg\"><\/div>\n<p>Movimento dos consumidores nas lojas de todo o pa\u00eds em caiu 3,2% . Foto: Divulga\u00e7\u00e3o<\/p>\n<p>O movimento dos consumidores nas lojas de todo o pa\u00eds em caiu 3,2% em junho, em rela\u00e7\u00e3o a maio e j\u00e1 descontados os fatores sazonais. Os dados s\u00e3o do Indicador Serasa Experian de Atividade do Com\u00e9rcio<i>. <\/i>Em  maio, a alta em rela\u00e7\u00e3o a abril havia sido de 0,6%. Na compara\u00e7\u00e3o com junho de 2013, a alta foi de 0,7%, menor que os 5,2% atingidos em maio. Com estes resultados, o movimento dos consumidores no com\u00e9rcio acumulou, no per\u00edodo de janeiro a junho de 2014, alta de 3,6% em rela\u00e7\u00e3o ao mesmo per\u00edodo do ano passado.<\/p>\n<p>Segundo os economistas da Serasa Experian, a menor atividade comercial deve-se ao impacto da realiza\u00e7\u00e3o da Copa do Mundo da FIFA, que provocou a decreta\u00e7\u00e3o de feriados em algumas das cidades sede, bem como a redu\u00e7\u00e3o do expediente do com\u00e9rcio, gerando redu\u00e7\u00e3o do volume de neg\u00f3cios para a maioria dos segmentos.<\/p>\n<p>Outros fatores que provocaram a diminui\u00e7\u00e3o do n\u00famero de consumidores nas lojas foram: a eleva\u00e7\u00e3o das taxas de juros; a menor gera\u00e7\u00e3o de empregos no mercado de trabalho; o baixo \u00edndice de confian\u00e7a dos consumidores e as incertezas com rela\u00e7\u00e3o \u00e0 economia.<\/p>\n<p>Apenas o segmento tecidos, vestu\u00e1rio, cal\u00e7ados e acess\u00f3rios n\u00e3o apresentou varia\u00e7\u00e3o em junho. Os demais segmentos do varejo acusaram queda de movimenta\u00e7\u00e3o no m\u00eas passado: material de constru\u00e7\u00e3o (-13,1%); combust\u00edveis e lubrificantes (-12,3%); ve\u00edculos, motos e pe\u00e7as (-6,4%); supermercados, hipermercados, alimentos e bebidas (-4,2%) e m\u00f3veis, eletroeletr\u00f4nicos e inform\u00e1tica (-3,0%).<\/p>\n<p>The post Atividade do com\u00e9rcio cai em junho, aponta Serasa appeared first on Economia SC.<\/p>\n<p>Via: <a href=\"http:\/\/economiasc.com.br\/atividade-comercio-cai-em-junho-aponta-serasa\/\" class=\"colorbox\" title=\"Atividade do com\u00e9rcio cai em junho, aponta Serasa\">economiasc.com.br<\/a><\/p>\n","protected":false},"excerpt":{"rendered":"<div class=\"ftpimagefix\" style=\"float:left\"><img decoding=\"async\" width=\"250\" alt=\"Movimento dos consumidores nas lojas de todo o pa\u00eds em caiu 3,2% . Foto: Divulga\u00e7\u00e3o\" src=\"http:\/\/economiasc.com.br\/wp-content\/uploads\/2014\/07\/Com%C3%A9rcio-Pesquisa-Feco%C3%A9rcio.jpg\"><\/div>\n<p>Movimento dos consumidores nas lojas de todo o pa\u00eds em caiu 3,2% . Foto: Divulga\u00e7\u00e3o<\/p>\n<p>O movimento dos consumidores nas lojas de todo o pa\u00eds em caiu 3,2% em junho, em rela\u00e7\u00e3o a maio e j\u00e1 descontados os fatores sazonais. Os dados s\u00e3o do Indicador Serasa Experian de Atividade do Com\u00e9rcio<i>. <\/i>Em  maio, a alta em rela\u00e7\u00e3o a abril havia sido de 0,6%. Na compara\u00e7\u00e3o com junho de 2013, a alta foi de 0,7%, menor que os 5,2% atingidos em maio. Com estes resultados, o movimento dos consumidores no com\u00e9rcio acumulou, no per\u00edodo de janeiro a junho de 2014, alta de 3,6% em rela\u00e7\u00e3o ao mesmo per\u00edodo do ano passado.<\/p>\n<p>Segundo os economistas da Serasa Experian, a menor atividade comercial deve-se ao impacto da realiza\u00e7\u00e3o da Copa do Mundo da FIFA, que provocou a decreta\u00e7\u00e3o de feriados em algumas das cidades sede, bem como a redu\u00e7\u00e3o do expediente do com\u00e9rcio, gerando redu\u00e7\u00e3o do volume de neg\u00f3cios para a maioria dos segmentos.<\/p>\n<p>Outros fatores que provocaram a diminui\u00e7\u00e3o do n\u00famero de consumidores nas lojas foram: a eleva\u00e7\u00e3o das taxas de juros; a menor gera\u00e7\u00e3o de empregos no mercado de trabalho; o baixo \u00edndice de confian\u00e7a dos consumidores e as incertezas com rela\u00e7\u00e3o \u00e0 economia.<\/p>\n<p>Apenas o segmento tecidos, vestu\u00e1rio, cal\u00e7ados e acess\u00f3rios n\u00e3o apresentou varia\u00e7\u00e3o em junho. Os demais segmentos do varejo acusaram queda de movimenta\u00e7\u00e3o no m\u00eas passado: material de constru\u00e7\u00e3o (-13,1%); combust\u00edveis e lubrificantes (-12,3%); ve\u00edculos, motos e pe\u00e7as (-6,4%); supermercados, hipermercados, alimentos e bebidas (-4,2%) e m\u00f3veis, eletroeletr\u00f4nicos e inform\u00e1tica (-3,0%).<\/p>\n<p>The post Atividade do com\u00e9rcio cai em junho, aponta Serasa appeared first on Economia SC.<\/p>\n","protected":false},"author":1,"featured_media":0,"comment_status":"open","ping_status":"open","sticky":false,"template":"","format":"standard","meta":{"footnotes":""},"categories":[5],"tags":[],"class_list":["post-2634","post","type-post","status-publish","format-standard","hentry","category-noticias","no-post-thumbnail"],"_links":{"self":[{"href":"https:\/\/www.cdlbc.com.br\/portal\/wp-json\/wp\/v2\/posts\/2634","targetHints":{"allow":["GET"]}}],"collection":[{"href":"https:\/\/www.cdlbc.com.br\/portal\/wp-json\/wp\/v2\/posts"}],"about":[{"href":"https:\/\/www.cdlbc.com.br\/portal\/wp-json\/wp\/v2\/types\/post"}],"author":[{"embeddable":true,"href":"https:\/\/www.cdlbc.com.br\/portal\/wp-json\/wp\/v2\/users\/1"}],"replies":[{"embeddable":true,"href":"https:\/\/www.cdlbc.com.br\/portal\/wp-json\/wp\/v2\/comments?post=2634"}],"version-history":[{"count":0,"href":"https:\/\/www.cdlbc.com.br\/portal\/wp-json\/wp\/v2\/posts\/2634\/revisions"}],"wp:attachment":[{"href":"https:\/\/www.cdlbc.com.br\/portal\/wp-json\/wp\/v2\/media?parent=2634"}],"wp:term":[{"taxonomy":"category","embeddable":true,"href":"https:\/\/www.cdlbc.com.br\/portal\/wp-json\/wp\/v2\/categories?post=2634"},{"taxonomy":"post_tag","embeddable":true,"href":"https:\/\/www.cdlbc.com.br\/portal\/wp-json\/wp\/v2\/tags?post=2634"}],"curies":[{"name":"wp","href":"https:\/\/api.w.org\/{rel}","templated":true}]}}