{"id":2632,"date":"2014-07-03T12:21:00","date_gmt":"2014-07-03T12:21:00","guid":{"rendered":"http:\/\/www.cdlbc.com.br\/portal\/noticias\/sobe-preco-medio-do-m%c2%b2-em-florianopolis\/"},"modified":"2014-07-03T12:21:00","modified_gmt":"2014-07-03T12:21:00","slug":"sobe-preco-medio-do-m%c2%b2-em-florianopolis","status":"publish","type":"post","link":"https:\/\/www.cdlbc.com.br\/portal\/noticias\/sobe-preco-medio-do-m%c2%b2-em-florianopolis\/","title":{"rendered":"Sobe pre\u00e7o m\u00e9dio do m\u00b2 em Florian\u00f3polis"},"content":{"rendered":"<div class=\"ftpimagefix\" style=\"float:left\"><img decoding=\"async\" width=\"250\" alt=\"Varia\u00e7\u00e3o em junho foi de 0,27% na capital catarinense e de 1,24% em Porto Alegre. Foto: Divulga\u00e7\u00e3o\" src=\"http:\/\/economiasc.com.br\/wp-content\/uploads\/2014\/07\/indice-subindo.jpg\"><\/div>\n<p>Varia\u00e7\u00e3o em junho foi de 0,27% na capital catarinense e de 1,24% em Porto Alegre. Foto: Divulga\u00e7\u00e3o<\/p>\n<p>O pre\u00e7o m\u00e9dio do m\u00b2 em Florian\u00f3polis subiu 0,27% em junho, passando para R$5.235,00. J\u00e1 em Curitiba, m\u00e9dia foi de R$5.024 por m\u00b2 (queda de 0,51%) e, em Porto Alegre, R$4824 (aumento de 1,24%). Os dados s\u00e3o do \u00cdndice FipeZap Ampliado,  que acompanha o pre\u00e7o dos im\u00f3veis em dezesseis cidades do Brasil,.<\/p>\n<p>O aumento anual do pre\u00e7o m\u00e9dio do m\u00b2 anunciado no Brasil desacelerou novamente em junho, pelo s\u00e9timo m\u00eas consecutivo. Houve  aumento de 10,9% em compara\u00e7\u00e3o com o mesmo m\u00eas de 2013 e, em maio,   alta em 12 meses era de 11,7%. O movimento de desacelera\u00e7\u00e3o foi mais acentuado nos \u00faltimos meses, j\u00e1 que no primeiro semestre de 2014 o aumento foi  de 3,49%.<\/p>\n<p>Considerando a varia\u00e7\u00e3o esperada para o IPCA de junho (que \u00e9 de 0,34%, segundo o boletim Focus do Banco Central), a varia\u00e7\u00e3o do pre\u00e7o m\u00e9dio  anunciado das 16 cidades monitoradas ser\u00e1 menor do que a infla\u00e7\u00e3o do primeiro semestre (3,68%). Ou seja, o pre\u00e7o dos im\u00f3veis subiu menos do que a  m\u00e9dia dos demais pre\u00e7os da economia. Houve, portanto, queda real de pre\u00e7os.<\/p>\n<p>The post Sobe pre\u00e7o m\u00e9dio do m\u00b2 em Florian\u00f3polis appeared first on Economia SC.<\/p>\n<p>Via: <a href=\"http:\/\/economiasc.com.br\/sobe-preco-medio-m%C2%B2-em-florianopolis\/\" class=\"colorbox\" title=\"Sobe pre\u00e7o m\u00e9dio do m\u00b2 em Florian\u00f3polis\">economiasc.com.br<\/a><\/p>\n","protected":false},"excerpt":{"rendered":"<div class=\"ftpimagefix\" style=\"float:left\"><img decoding=\"async\" width=\"250\" alt=\"Varia\u00e7\u00e3o em junho foi de 0,27% na capital catarinense e de 1,24% em Porto Alegre. Foto: Divulga\u00e7\u00e3o\" src=\"http:\/\/economiasc.com.br\/wp-content\/uploads\/2014\/07\/indice-subindo.jpg\"><\/div>\n<p>Varia\u00e7\u00e3o em junho foi de 0,27% na capital catarinense e de 1,24% em Porto Alegre. Foto: Divulga\u00e7\u00e3o<\/p>\n<p>O pre\u00e7o m\u00e9dio do m\u00b2 em Florian\u00f3polis subiu 0,27% em junho, passando para R$5.235,00. J\u00e1 em Curitiba, m\u00e9dia foi de R$5.024 por m\u00b2 (queda de 0,51%) e, em Porto Alegre, R$4824 (aumento de 1,24%). Os dados s\u00e3o do \u00cdndice FipeZap Ampliado,  que acompanha o pre\u00e7o dos im\u00f3veis em dezesseis cidades do Brasil,.<\/p>\n<p>O aumento anual do pre\u00e7o m\u00e9dio do m\u00b2 anunciado no Brasil desacelerou novamente em junho, pelo s\u00e9timo m\u00eas consecutivo. Houve  aumento de 10,9% em compara\u00e7\u00e3o com o mesmo m\u00eas de 2013 e, em maio,   alta em 12 meses era de 11,7%. O movimento de desacelera\u00e7\u00e3o foi mais acentuado nos \u00faltimos meses, j\u00e1 que no primeiro semestre de 2014 o aumento foi  de 3,49%.<\/p>\n<p>Considerando a varia\u00e7\u00e3o esperada para o IPCA de junho (que \u00e9 de 0,34%, segundo o boletim Focus do Banco Central), a varia\u00e7\u00e3o do pre\u00e7o m\u00e9dio  anunciado das 16 cidades monitoradas ser\u00e1 menor do que a infla\u00e7\u00e3o do primeiro semestre (3,68%). Ou seja, o pre\u00e7o dos im\u00f3veis subiu menos do que a  m\u00e9dia dos demais pre\u00e7os da economia. Houve, portanto, queda real de pre\u00e7os.<\/p>\n<p>The post Sobe pre\u00e7o m\u00e9dio do m\u00b2 em Florian\u00f3polis appeared first on Economia SC.<\/p>\n","protected":false},"author":1,"featured_media":0,"comment_status":"open","ping_status":"open","sticky":false,"template":"","format":"standard","meta":{"footnotes":""},"categories":[5],"tags":[],"class_list":["post-2632","post","type-post","status-publish","format-standard","hentry","category-noticias","no-post-thumbnail"],"_links":{"self":[{"href":"https:\/\/www.cdlbc.com.br\/portal\/wp-json\/wp\/v2\/posts\/2632","targetHints":{"allow":["GET"]}}],"collection":[{"href":"https:\/\/www.cdlbc.com.br\/portal\/wp-json\/wp\/v2\/posts"}],"about":[{"href":"https:\/\/www.cdlbc.com.br\/portal\/wp-json\/wp\/v2\/types\/post"}],"author":[{"embeddable":true,"href":"https:\/\/www.cdlbc.com.br\/portal\/wp-json\/wp\/v2\/users\/1"}],"replies":[{"embeddable":true,"href":"https:\/\/www.cdlbc.com.br\/portal\/wp-json\/wp\/v2\/comments?post=2632"}],"version-history":[{"count":0,"href":"https:\/\/www.cdlbc.com.br\/portal\/wp-json\/wp\/v2\/posts\/2632\/revisions"}],"wp:attachment":[{"href":"https:\/\/www.cdlbc.com.br\/portal\/wp-json\/wp\/v2\/media?parent=2632"}],"wp:term":[{"taxonomy":"category","embeddable":true,"href":"https:\/\/www.cdlbc.com.br\/portal\/wp-json\/wp\/v2\/categories?post=2632"},{"taxonomy":"post_tag","embeddable":true,"href":"https:\/\/www.cdlbc.com.br\/portal\/wp-json\/wp\/v2\/tags?post=2632"}],"curies":[{"name":"wp","href":"https:\/\/api.w.org\/{rel}","templated":true}]}}