{"id":2629,"date":"2014-07-03T12:01:00","date_gmt":"2014-07-03T12:01:00","guid":{"rendered":"http:\/\/www.cdlbc.com.br\/portal\/noticias\/hoteis-e-empresas-aereas-fazem-promocoes-na-copa\/"},"modified":"2014-07-03T12:01:00","modified_gmt":"2014-07-03T12:01:00","slug":"hoteis-e-empresas-aereas-fazem-promocoes-na-copa","status":"publish","type":"post","link":"https:\/\/www.cdlbc.com.br\/portal\/noticias\/hoteis-e-empresas-aereas-fazem-promocoes-na-copa\/","title":{"rendered":"Hot\u00e9is e empresas a\u00e9reas fazem promo\u00e7\u00f5es na Copa"},"content":{"rendered":"<div class=\"ftpimagefix\" style=\"float:left\"><img decoding=\"async\" width=\"250\" alt=\"Coincid\u00eancia entre a realiza\u00e7\u00e3o do Mundial e as f\u00e9rias esvaziou alguns locais. Foto: Ag\u00eancia Brasil\/Divulga\u00e7\u00e3o\" src=\"http:\/\/economiasc.com.br\/wp-content\/uploads\/2014\/07\/917734-turista_copa-do-mundo_tng4174.jpg\"><\/div>\n<p>Coincid\u00eancia entre a realiza\u00e7\u00e3o do Mundial e as f\u00e9rias esvaziou alguns locais. Foto: Ag\u00eancia Brasil\/Divulga\u00e7\u00e3o<\/p>\n<p>Quem pensa em viajar durante as f\u00e9rias de julho e n\u00e3o se programou com anteced\u00eancia pode ter uma boa surpresa ao pesquisar os pre\u00e7os de pacotes tur\u00edsticos e passagens. Como as vendas ficaram abaixo do que muitos empres\u00e1rios esperavam para o per\u00edodo de Copa do Mundo, ag\u00eancias de viagens, hot\u00e9is e empresas a\u00e9reas tentam atrair os viajantes de \u00faltima hora com promo\u00e7\u00f5es.<\/p>\n<p>Segundo a Associa\u00e7\u00e3o Brasileira das Operadoras de Turismo (Braztoa), cujos associados respondem por 90% dos pacotes tur\u00edsticos comercializados no pa\u00eds, a coincid\u00eancia entre a realiza\u00e7\u00e3o do Mundial e as f\u00e9rias teve um \u201cefeito colateral\u201d, esvaziando alguns destinos tur\u00edsticos tradicionais. Para recuperar a clientela, algumas dessas localidades est\u00e3o oferecendo pacotes de viagem at\u00e9 40% mais baratos que no mesmo per\u00edodo de 2013.<\/p>\n<p>De acordo com o presidente da Braztoa, Marco Ferraz, al\u00e9m da comodidade, fatores como os altos pre\u00e7os cobrados meses antes do in\u00edcio da Copa e o medo de problemas e transtornos desestimularam muitos brasileiros a viajar, levando-os, em um primeiro momento, a optar por ficar em casa durante as f\u00e9rias de julho.<\/p>\n<p>\u201cEsper\u00e1vamos que o turismo estaria em alta devido \u00e0 Copa. Por isso, inicialmente, os pre\u00e7os de alguns servi\u00e7os subiram bem acima da m\u00e9dia. Os pre\u00e7os altos afastaram algumas pessoas que queriam viajar. O clima de pessimismo que antecedeu o evento, com as pessoas temendo problemas nos aeroportos e transtornos nas ruas, tamb\u00e9m desestimulou muita gente que preferiu ficar em casa\u201d, lembrou Ferraz. \u201cCom voos e vagas em hot\u00e9is e os neg\u00f3cios bem ruins, as companhias a\u00e9reas e hot\u00e9is passaram a conceder descontos e isso permitiu \u00e0s operadoras e ag\u00eancias montarem pacotes mais baratos\u201d, disse ele, acrescentando que o setor acredita que o investimento p\u00fablico na Copa do Mundo se traduzir\u00e1, no futuro, em um crescimento do n\u00famero de estrangeiros que visitam o pa\u00eds. \u201cEstamos pensando positivamente, levando em conta a visibilidade que o Brasil est\u00e1 obtendo. Historicamente, em pa\u00edses que sediam a Copa, o n\u00famero de turistas cresce em m\u00e9dia 10% nos anos seguintes\u201d.<\/p>\n<p>Mesmo sem dados consolidados, o diretor de comunica\u00e7\u00e3o da Confedera\u00e7\u00e3o Nacional de Turismo, Jos\u00e9 Os\u00f3rio Naves, atribuiu a ociosidade de poltronas em voos dom\u00e9sticos e de leitos em hot\u00e9is, pousadas e <em>resorts<\/em>, principalmente das cidades onde n\u00e3o j\u00e1 jogos, \u00e0 expectativa que antecipou o Mundial.<\/p>\n<p>\u201cA expectativa da Copa foi superestimada. Mas, como os brasileiros est\u00e3o viajando menos em fun\u00e7\u00e3o do pr\u00f3prio Mundial e os estrangeiros de pa\u00edses vizinhos vieram, em sua maioria, de carro ou \u00f4nibus, a venda de passagens a\u00e9reas ficou muito concentrada\u201d, argumentou Naves, lembrando o grande n\u00famero de estrangeiros hospedados em albergues da juventude, casas de moradores das cidades-sede ou que, no caso de muitos sul-americanos, simplesmente montam suas barracas em <em>campings<\/em> ou estacionam seus <em>trailers<\/em> e <em>motorhomes<\/em> onde \u00e9 poss\u00edvel.<\/p>\n<p>O presidente da Associa\u00e7\u00e3o Brasileira da Ind\u00fastria de Hot\u00e9is (Abih), Enrico Fermi Torquato Fontes, garante que o n\u00edvel de ocupa\u00e7\u00e3o dos hot\u00e9is brasileiros j\u00e1 era esperado. \u201cHistoricamente, o movimento cai durante todas as copas. As pessoas viajam menos e at\u00e9 o n\u00famero de casamentos deve ser menor. Se compararmos o resultado deste ano n\u00e3o com o de 2013, mas sim com o da Copa de 2010, n\u00e3o teremos grandes surpresas. A quest\u00e3o \u00e9 que n\u00e3o h\u00e1 como comparar o movimento de um ano em que o pa\u00eds sedia o evento com outro em que o evento ocorreu em outro local\u201d, disse Fontes \u00e0 <strong>Ag\u00eancia Brasil<\/strong>.<\/p>\n<p>Dados preliminares da Abih indicam que em nenhuma das 12 cidades-sede a taxa de ocupa\u00e7\u00e3o hoteleira chegou aos 100%. Em Belo Horizonte, a ocupa\u00e7\u00e3o m\u00e9dia do per\u00edodo atingiu 60% da capacidade; em Cuiab\u00e1, 85%; Curitiba (60%); Distrito Federal (55%); Fortaleza (90%); Manaus (55%); Natal (67%); Porto Alegre (80%), Recife (80%); Rio de Janeiro (90%); Salvador (85%) e S\u00e3o Paulo (60%). \u201cQuem tem do que se queixar s\u00e3o as cidades onde n\u00e3o houve jogos. Mas esse n\u00e3o \u00e9, de forma alguma, um investimento perdido. Estamos certos de que boa parte dos estrangeiros voltar\u00e1 ao pa\u00eds e que, no futuro, o n\u00famero de turistas estrangeiros vai aumentar gra\u00e7as \u00e0 visibilidade que o pa\u00eds ganhou com a Copa\u201d, acrescentou Fontes.<\/p>\n<p>De acordo com o diretor da ABIH na Regi\u00e3o Nordeste, Jos\u00e9 Manoel Garrido Filho, na Bahia, estado bastante procurado pelos turistas das regi\u00f5es Sul e Sudeste que fogem do frio de julho, Salvador e localidades pr\u00f3ximas como Trancoso e Morro de S\u00e3o Paulo atra\u00edram turistas, mas em cidades e regi\u00f5es mais distantes da cidade-sede, como Ilh\u00e9us e a Chapada Diamantina, a procura foi menor, em parte devido \u00e0 fuga de brasileiros.<\/p>\n<p>As empresas a\u00e9reas Gol e TAM alegaram quest\u00f5es estrat\u00e9gicas para n\u00e3o entrar em detalhes sobre suas pol\u00edticas tarif\u00e1rias. Ainda assim, a TAM confirmou oferecer passagens \u201ca pre\u00e7os acess\u00edveis\u201d para junho e julho. As duas companhias destacaram que, como de costume, os pre\u00e7os variam conforme a procura e a antecipa\u00e7\u00e3o da compra, entre outros fatores.<\/p>\n<p>A expectativa do Minist\u00e9rio do Turismo \u00e9 que, at\u00e9 o fim do campeonato, cerca de 3,1 milh\u00f5es de estrangeiros e 600 mil brasileiros viajem pelo pa\u00eds. Para estimular os brasileiros a aproveitar as f\u00e9rias, o minist\u00e9rio lan\u00e7ou no \u00faltimo fim de semana uma campanha (#PartiuBrasil) em que ser\u00e3o investidos mais de R$ 4 milh\u00f5es. A proposta \u00e9 que os brasileiros aproveitem o bom momento e desfrutem da variedade de roteiros dom\u00e9sticos, bem como a gastronomia, a receptividade dos moradores e a facilidade de acesso \u00e0s principais localidades tur\u00edsticas.<\/p>\n<p>Procurado para comentar as declara\u00e7\u00f5es dos representantes do setor tur\u00edstico, o minist\u00e9rio informou que o ministro Vinicius Lage e o secret\u00e1rio especial de Turismo da cidade de S\u00e3o Paulo e presidente da SPTuris, Wilson Poit, apresentar\u00e3o um balan\u00e7o preliminar sobre a Copa, em S\u00e3o Paulo. <strong>(Ag\u00eancia Brasil)<\/strong><\/p>\n<p>The post Hot\u00e9is e empresas a\u00e9reas fazem promo\u00e7\u00f5es na Copa appeared first on Economia SC.<\/p>\n<p>Via: <a href=\"http:\/\/economiasc.com.br\/hoteis-e-empresas-aereas-fazem-promocoes-na-copa\/\" class=\"colorbox\" title=\"Hot\u00e9is e empresas a\u00e9reas fazem promo\u00e7\u00f5es na Copa\">economiasc.com.br<\/a><\/p>\n","protected":false},"excerpt":{"rendered":"<div class=\"ftpimagefix\" style=\"float:left\"><img decoding=\"async\" width=\"250\" alt=\"Coincid\u00eancia entre a realiza\u00e7\u00e3o do Mundial e as f\u00e9rias esvaziou alguns locais. Foto: Ag\u00eancia Brasil\/Divulga\u00e7\u00e3o\" src=\"http:\/\/economiasc.com.br\/wp-content\/uploads\/2014\/07\/917734-turista_copa-do-mundo_tng4174.jpg\"><\/div>\n<p>Coincid\u00eancia entre a realiza\u00e7\u00e3o do Mundial e as f\u00e9rias esvaziou alguns locais. Foto: Ag\u00eancia Brasil\/Divulga\u00e7\u00e3o<\/p>\n<p>Quem pensa em viajar durante as f\u00e9rias de julho e n\u00e3o se programou com anteced\u00eancia pode ter uma boa surpresa ao pesquisar os pre\u00e7os de pacotes tur\u00edsticos e passagens. Como as vendas ficaram abaixo do que muitos empres\u00e1rios esperavam para o per\u00edodo de Copa do Mundo, ag\u00eancias de viagens, hot\u00e9is e empresas a\u00e9reas tentam atrair os viajantes de \u00faltima hora com promo\u00e7\u00f5es.<\/p>\n<p>Segundo a Associa\u00e7\u00e3o Brasileira das Operadoras de Turismo (Braztoa), cujos associados respondem por 90% dos pacotes tur\u00edsticos comercializados no pa\u00eds, a coincid\u00eancia entre a realiza\u00e7\u00e3o do Mundial e as f\u00e9rias teve um \u201cefeito colateral\u201d, esvaziando alguns destinos tur\u00edsticos tradicionais. Para recuperar a clientela, algumas dessas localidades est\u00e3o oferecendo pacotes de viagem at\u00e9 40% mais baratos que no mesmo per\u00edodo de 2013.<\/p>\n<p>De acordo com o presidente da Braztoa, Marco Ferraz, al\u00e9m da comodidade, fatores como os altos pre\u00e7os cobrados meses antes do in\u00edcio da Copa e o medo de problemas e transtornos desestimularam muitos brasileiros a viajar, levando-os, em um primeiro momento, a optar por ficar em casa durante as f\u00e9rias de julho.<\/p>\n<p>\u201cEsper\u00e1vamos que o turismo estaria em alta devido \u00e0 Copa. Por isso, inicialmente, os pre\u00e7os de alguns servi\u00e7os subiram bem acima da m\u00e9dia. Os pre\u00e7os altos afastaram algumas pessoas que queriam viajar. O clima de pessimismo que antecedeu o evento, com as pessoas temendo problemas nos aeroportos e transtornos nas ruas, tamb\u00e9m desestimulou muita gente que preferiu ficar em casa\u201d, lembrou Ferraz. \u201cCom voos e vagas em hot\u00e9is e os neg\u00f3cios bem ruins, as companhias a\u00e9reas e hot\u00e9is passaram a conceder descontos e isso permitiu \u00e0s operadoras e ag\u00eancias montarem pacotes mais baratos\u201d, disse ele, acrescentando que o setor acredita que o investimento p\u00fablico na Copa do Mundo se traduzir\u00e1, no futuro, em um crescimento do n\u00famero de estrangeiros que visitam o pa\u00eds. \u201cEstamos pensando positivamente, levando em conta a visibilidade que o Brasil est\u00e1 obtendo. Historicamente, em pa\u00edses que sediam a Copa, o n\u00famero de turistas cresce em m\u00e9dia 10% nos anos seguintes\u201d.<\/p>\n<p>Mesmo sem dados consolidados, o diretor de comunica\u00e7\u00e3o da Confedera\u00e7\u00e3o Nacional de Turismo, Jos\u00e9 Os\u00f3rio Naves, atribuiu a ociosidade de poltronas em voos dom\u00e9sticos e de leitos em hot\u00e9is, pousadas e <em>resorts<\/em>, principalmente das cidades onde n\u00e3o j\u00e1 jogos, \u00e0 expectativa que antecipou o Mundial.<\/p>\n<p>\u201cA expectativa da Copa foi superestimada. Mas, como os brasileiros est\u00e3o viajando menos em fun\u00e7\u00e3o do pr\u00f3prio Mundial e os estrangeiros de pa\u00edses vizinhos vieram, em sua maioria, de carro ou \u00f4nibus, a venda de passagens a\u00e9reas ficou muito concentrada\u201d, argumentou Naves, lembrando o grande n\u00famero de estrangeiros hospedados em albergues da juventude, casas de moradores das cidades-sede ou que, no caso de muitos sul-americanos, simplesmente montam suas barracas em <em>campings<\/em> ou estacionam seus <em>trailers<\/em> e <em>motorhomes<\/em> onde \u00e9 poss\u00edvel.<\/p>\n<p>O presidente da Associa\u00e7\u00e3o Brasileira da Ind\u00fastria de Hot\u00e9is (Abih), Enrico Fermi Torquato Fontes, garante que o n\u00edvel de ocupa\u00e7\u00e3o dos hot\u00e9is brasileiros j\u00e1 era esperado. \u201cHistoricamente, o movimento cai durante todas as copas. As pessoas viajam menos e at\u00e9 o n\u00famero de casamentos deve ser menor. Se compararmos o resultado deste ano n\u00e3o com o de 2013, mas sim com o da Copa de 2010, n\u00e3o teremos grandes surpresas. A quest\u00e3o \u00e9 que n\u00e3o h\u00e1 como comparar o movimento de um ano em que o pa\u00eds sedia o evento com outro em que o evento ocorreu em outro local\u201d, disse Fontes \u00e0 <strong>Ag\u00eancia Brasil<\/strong>.<\/p>\n<p>Dados preliminares da Abih indicam que em nenhuma das 12 cidades-sede a taxa de ocupa\u00e7\u00e3o hoteleira chegou aos 100%. Em Belo Horizonte, a ocupa\u00e7\u00e3o m\u00e9dia do per\u00edodo atingiu 60% da capacidade; em Cuiab\u00e1, 85%; Curitiba (60%); Distrito Federal (55%); Fortaleza (90%); Manaus (55%); Natal (67%); Porto Alegre (80%), Recife (80%); Rio de Janeiro (90%); Salvador (85%) e S\u00e3o Paulo (60%). \u201cQuem tem do que se queixar s\u00e3o as cidades onde n\u00e3o houve jogos. Mas esse n\u00e3o \u00e9, de forma alguma, um investimento perdido. Estamos certos de que boa parte dos estrangeiros voltar\u00e1 ao pa\u00eds e que, no futuro, o n\u00famero de turistas estrangeiros vai aumentar gra\u00e7as \u00e0 visibilidade que o pa\u00eds ganhou com a Copa\u201d, acrescentou Fontes.<\/p>\n<p>De acordo com o diretor da ABIH na Regi\u00e3o Nordeste, Jos\u00e9 Manoel Garrido Filho, na Bahia, estado bastante procurado pelos turistas das regi\u00f5es Sul e Sudeste que fogem do frio de julho, Salvador e localidades pr\u00f3ximas como Trancoso e Morro de S\u00e3o Paulo atra\u00edram turistas, mas em cidades e regi\u00f5es mais distantes da cidade-sede, como Ilh\u00e9us e a Chapada Diamantina, a procura foi menor, em parte devido \u00e0 fuga de brasileiros.<\/p>\n<p>As empresas a\u00e9reas Gol e TAM alegaram quest\u00f5es estrat\u00e9gicas para n\u00e3o entrar em detalhes sobre suas pol\u00edticas tarif\u00e1rias. Ainda assim, a TAM confirmou oferecer passagens \u201ca pre\u00e7os acess\u00edveis\u201d para junho e julho. As duas companhias destacaram que, como de costume, os pre\u00e7os variam conforme a procura e a antecipa\u00e7\u00e3o da compra, entre outros fatores.<\/p>\n<p>A expectativa do Minist\u00e9rio do Turismo \u00e9 que, at\u00e9 o fim do campeonato, cerca de 3,1 milh\u00f5es de estrangeiros e 600 mil brasileiros viajem pelo pa\u00eds. Para estimular os brasileiros a aproveitar as f\u00e9rias, o minist\u00e9rio lan\u00e7ou no \u00faltimo fim de semana uma campanha (#PartiuBrasil) em que ser\u00e3o investidos mais de R$ 4 milh\u00f5es. A proposta \u00e9 que os brasileiros aproveitem o bom momento e desfrutem da variedade de roteiros dom\u00e9sticos, bem como a gastronomia, a receptividade dos moradores e a facilidade de acesso \u00e0s principais localidades tur\u00edsticas.<\/p>\n<p>Procurado para comentar as declara\u00e7\u00f5es dos representantes do setor tur\u00edstico, o minist\u00e9rio informou que o ministro Vinicius Lage e o secret\u00e1rio especial de Turismo da cidade de S\u00e3o Paulo e presidente da SPTuris, Wilson Poit, apresentar\u00e3o um balan\u00e7o preliminar sobre a Copa, em S\u00e3o Paulo. <strong>(Ag\u00eancia Brasil)<\/strong><\/p>\n<p>The post Hot\u00e9is e empresas a\u00e9reas fazem promo\u00e7\u00f5es na Copa appeared first on Economia SC.<\/p>\n","protected":false},"author":1,"featured_media":0,"comment_status":"open","ping_status":"open","sticky":false,"template":"","format":"standard","meta":{"footnotes":""},"categories":[5],"tags":[],"class_list":["post-2629","post","type-post","status-publish","format-standard","hentry","category-noticias","no-post-thumbnail"],"_links":{"self":[{"href":"https:\/\/www.cdlbc.com.br\/portal\/wp-json\/wp\/v2\/posts\/2629","targetHints":{"allow":["GET"]}}],"collection":[{"href":"https:\/\/www.cdlbc.com.br\/portal\/wp-json\/wp\/v2\/posts"}],"about":[{"href":"https:\/\/www.cdlbc.com.br\/portal\/wp-json\/wp\/v2\/types\/post"}],"author":[{"embeddable":true,"href":"https:\/\/www.cdlbc.com.br\/portal\/wp-json\/wp\/v2\/users\/1"}],"replies":[{"embeddable":true,"href":"https:\/\/www.cdlbc.com.br\/portal\/wp-json\/wp\/v2\/comments?post=2629"}],"version-history":[{"count":0,"href":"https:\/\/www.cdlbc.com.br\/portal\/wp-json\/wp\/v2\/posts\/2629\/revisions"}],"wp:attachment":[{"href":"https:\/\/www.cdlbc.com.br\/portal\/wp-json\/wp\/v2\/media?parent=2629"}],"wp:term":[{"taxonomy":"category","embeddable":true,"href":"https:\/\/www.cdlbc.com.br\/portal\/wp-json\/wp\/v2\/categories?post=2629"},{"taxonomy":"post_tag","embeddable":true,"href":"https:\/\/www.cdlbc.com.br\/portal\/wp-json\/wp\/v2\/tags?post=2629"}],"curies":[{"name":"wp","href":"https:\/\/api.w.org\/{rel}","templated":true}]}}