{"id":2626,"date":"2014-07-02T17:31:00","date_gmt":"2014-07-02T17:31:00","guid":{"rendered":"http:\/\/www.cdlbc.com.br\/portal\/noticias\/bmw-top-car-promove-acao-inedita-em-festa-de-gala\/"},"modified":"2014-07-02T17:31:00","modified_gmt":"2014-07-02T17:31:00","slug":"bmw-top-car-promove-acao-inedita-em-festa-de-gala","status":"publish","type":"post","link":"https:\/\/www.cdlbc.com.br\/portal\/noticias\/bmw-top-car-promove-acao-inedita-em-festa-de-gala\/","title":{"rendered":"BMW Top Car promove a\u00e7\u00e3o in\u00e9dita em festa de gala"},"content":{"rendered":"<p>ATop Car, distribuidora autorizada da BMW em Santa Catarina, vai promover uma a\u00e7\u00e3o in\u00e9dita de relacionamento neste s\u00e1bado, dia 5, na Noite de Gala Catarinense, no Tabajara T\u00eanis Clube, em Blumenau, que deve reunir cerca de 600 pessoas. Para fidelizar seus clientes e ainda gerar novos neg\u00f3cios, a distribuidora vai dar aten\u00e7\u00e3o especial aos clientes BMW durante todo o evento, que ter\u00e3o estacionamento exclusivo, transmiss\u00e3o ao vivo da chegada nos tel\u00f5es internos e a disponibilidade de <i>car transfer<\/i>. Ao final, cada propriet\u00e1rio BMW ser\u00e1 presenteado com um agrado surpresa em seu ve\u00edculo.<\/p>\n<\/p>\n<p>Os convidados da festa poder\u00e3o conhecer de perto os modelos M5, 640i e 750i. Segundo Flavio Porto, gerente geral de marketing da Top Car, o p\u00fablico busca n\u00e3o s\u00f3 produtos e servi\u00e7os, mas tamb\u00e9m uma experi\u00eancia positiva com a marca, por meio de atendimento diferenciado e exclusivo. \u201cAs a\u00e7\u00f5es promocionais do grupo n\u00e3o visam apenas \u00e0 venda de novos ve\u00edculos. \u00c9 essencial a fideliza\u00e7\u00e3o, ressaltando a import\u00e2ncia de cada cliente\u201d, afirma.<\/p>\n<\/p>\n<p>The post <a class=\"colorbox\" rel=\"nofollow\" href=\"http:\/\/economiasc.com.br\/bmw-top-car-promove-acao-inedita-em-festa-de-gala\/\">BMW Top Car promove a\u00e7\u00e3o in\u00e9dita em festa de gala<\/a> appeared first on <a class=\"colorbox\" rel=\"nofollow\" href=\"http:\/\/economiasc.com.br\/\">Economia SC<\/a>.<\/p>\n<p>Via: <a href=\"http:\/\/economiasc.com.br\/bmw-top-car-promove-acao-inedita-em-festa-de-gala\/\" class=\"colorbox\" title=\"BMW Top Car promove a\u00e7\u00e3o in\u00e9dita em festa de gala\">economiasc.com.br<\/a><\/p>\n","protected":false},"excerpt":{"rendered":"<p>ATop Car, distribuidora autorizada da BMW em Santa Catarina, vai promover uma a\u00e7\u00e3o in\u00e9dita de relacionamento neste s\u00e1bado, dia 5, na Noite de Gala Catarinense, no Tabajara T\u00eanis Clube, em Blumenau, que deve reunir cerca de 600 pessoas. Para fidelizar seus clientes e ainda gerar novos neg\u00f3cios, a distribuidora vai dar aten\u00e7\u00e3o especial aos clientes BMW durante todo o evento, que ter\u00e3o estacionamento exclusivo, transmiss\u00e3o ao vivo da chegada nos tel\u00f5es internos e a disponibilidade de <i>car transfer<\/i>. Ao final, cada propriet\u00e1rio BMW ser\u00e1 presenteado com um agrado surpresa em seu ve\u00edculo.<\/p>\n<\/p>\n<p>Os convidados da festa poder\u00e3o conhecer de perto os modelos M5, 640i e 750i. Segundo Flavio Porto, gerente geral de marketing da Top Car, o p\u00fablico busca n\u00e3o s\u00f3 produtos e servi\u00e7os, mas tamb\u00e9m uma experi\u00eancia positiva com a marca, por meio de atendimento diferenciado e exclusivo. \u201cAs a\u00e7\u00f5es promocionais do grupo n\u00e3o visam apenas \u00e0 venda de novos ve\u00edculos. \u00c9 essencial a fideliza\u00e7\u00e3o, ressaltando a import\u00e2ncia de cada cliente\u201d, afirma.<\/p>\n<\/p>\n<p>The post <a class=\"colorbox\" rel=\"nofollow\" href=\"http:\/\/economiasc.com.br\/bmw-top-car-promove-acao-inedita-em-festa-de-gala\/\">BMW Top Car promove a\u00e7\u00e3o in\u00e9dita em festa de gala<\/a> appeared first on <a class=\"colorbox\" rel=\"nofollow\" href=\"http:\/\/economiasc.com.br\/\">Economia SC<\/a>.<\/p>\n","protected":false},"author":1,"featured_media":0,"comment_status":"open","ping_status":"open","sticky":false,"template":"","format":"standard","meta":{"footnotes":""},"categories":[5],"tags":[],"class_list":["post-2626","post","type-post","status-publish","format-standard","hentry","category-noticias","no-post-thumbnail"],"_links":{"self":[{"href":"https:\/\/www.cdlbc.com.br\/portal\/wp-json\/wp\/v2\/posts\/2626","targetHints":{"allow":["GET"]}}],"collection":[{"href":"https:\/\/www.cdlbc.com.br\/portal\/wp-json\/wp\/v2\/posts"}],"about":[{"href":"https:\/\/www.cdlbc.com.br\/portal\/wp-json\/wp\/v2\/types\/post"}],"author":[{"embeddable":true,"href":"https:\/\/www.cdlbc.com.br\/portal\/wp-json\/wp\/v2\/users\/1"}],"replies":[{"embeddable":true,"href":"https:\/\/www.cdlbc.com.br\/portal\/wp-json\/wp\/v2\/comments?post=2626"}],"version-history":[{"count":0,"href":"https:\/\/www.cdlbc.com.br\/portal\/wp-json\/wp\/v2\/posts\/2626\/revisions"}],"wp:attachment":[{"href":"https:\/\/www.cdlbc.com.br\/portal\/wp-json\/wp\/v2\/media?parent=2626"}],"wp:term":[{"taxonomy":"category","embeddable":true,"href":"https:\/\/www.cdlbc.com.br\/portal\/wp-json\/wp\/v2\/categories?post=2626"},{"taxonomy":"post_tag","embeddable":true,"href":"https:\/\/www.cdlbc.com.br\/portal\/wp-json\/wp\/v2\/tags?post=2626"}],"curies":[{"name":"wp","href":"https:\/\/api.w.org\/{rel}","templated":true}]}}