{"id":2625,"date":"2014-07-02T17:23:00","date_gmt":"2014-07-02T17:23:00","guid":{"rendered":"http:\/\/www.cdlbc.com.br\/portal\/noticias\/setor-textil-de-sc-reforca-aposta-na-inovacao\/"},"modified":"2014-07-02T17:23:00","modified_gmt":"2014-07-02T17:23:00","slug":"setor-textil-de-sc-reforca-aposta-na-inovacao","status":"publish","type":"post","link":"https:\/\/www.cdlbc.com.br\/portal\/noticias\/setor-textil-de-sc-reforca-aposta-na-inovacao\/","title":{"rendered":"Setor t\u00eaxtil de SC refor\u00e7a aposta na inova\u00e7\u00e3o"},"content":{"rendered":"<div class=\"ftpimagefix\" style=\"float:left\"><img decoding=\"async\" width=\"250\" alt=\"Evento da FIESC re\u00fane empres\u00e1rios e especialistas do Vale do Itaja\u00ed. Foto: F\u00e1bio Almeida\/Divulga\u00e7\u00e3o\" src=\"http:\/\/economiasc.com.br\/wp-content\/uploads\/2014\/07\/fiesc.jpg\"><\/div>\n<p>Evento da Fiesc re\u00fane empres\u00e1rios e especialistas do Vale do Itaja\u00ed. Foto: F\u00e1bio Almeida\/Divulga\u00e7\u00e3o<\/p>\n<\/p>\n<p>Empres\u00e1rios e especialistas do setor t\u00eaxtil e de confec\u00e7\u00e3o se reuniram nesta ter\u00e7a e quarta-feira, dias 1 e 2, para fazer um diagn\u00f3stico do crescimento setor no Estado.  Entre as apostas, est\u00e3o uma ind\u00fastria globalizada, que exige inova\u00e7\u00e3o, qualifica\u00e7\u00e3o e uso intenso de design para se manter competitiva.O evento foi realizado pela Federa\u00e7\u00e3o das Ind\u00fastrias de Santa Catarina (Fiesc) em Blumenau. <br \/>\nPara S\u00e9rgio Pires, s\u00f3cio da TecnoBlu e presidente da C\u00e2mara da Ind\u00fastria da Moda da Fiesc, o setor est\u00e1 desenvolvendo no Estado um modelo de competitividade. \u201cCom o perfil e a capacita\u00e7\u00e3o do empreendedor catarinense, ele pode conviver com a importa\u00e7\u00e3o. Temos um \u00f3timo algod\u00e3o, empresas modernas e despertamos agora tamb\u00e9m o interesse das universidades pela moda\u201d, afirma.<\/p>\n<p>Dados apresentados no evento apontam para uma ind\u00fastria que concentra 60% dos estabelecimentos no Vale do Itaja\u00ed, que nos \u00faltimos seis anos cresceu mais em Santa Catarina que no Brasil e que possui no Estado \u00edndices de produtividade superiores aos nacionais.<\/p>\n<p>O presidente da Altenburg e vice-presidente regional da Fiesc, Rui Altenburg, ressalta, no entanto, que ainda h\u00e1, do lado do governo, aspectos estruturais a se corrigir para aprimorar a competitividade do setor. \u201cOuvimos falar de globaliza\u00e7\u00e3o h\u00e1 mais de 20 anos. Se falava que o Brasil precisava se preparar para a globaliza\u00e7\u00e3o. E, realmente, a gente sabe que muito pouco foi feito. O que era para ser feito s\u00e3o as ditas reformas, que n\u00e3o foram feitas at\u00e9 hoje. \u00c9 preciso aprimorar legisla\u00e7\u00f5es e custos que afetam a ind\u00fastria\u201d, defende Altenburg.<\/p>\n<p>Entre as tend\u00eancias apontadas pelas pesquisas apresentadas no evento, est\u00e1 a maior aten\u00e7\u00e3o aos servi\u00e7os que adicionam grande valor ao produto. Eles est\u00e3o concentrados nas etapas anteriores \u2013 inova\u00e7\u00e3o, pesquisa e design \u2013 e posteriores \u2013 marketing, distribui\u00e7\u00e3o e p\u00f3s-venda \u2013 \u00e0s linhas de produ\u00e7\u00e3o. Estas fun\u00e7\u00f5es s\u00e3o consideradas hoje o centro do foco de atua\u00e7\u00e3o das ind\u00fastrias t\u00eaxtil e de confec\u00e7\u00e3o dos pa\u00edses desenvolvidos.<\/p>\n<p>Para os participantes do encontro, a vis\u00e3o de futuro para a ind\u00fastria no Estado passa por seu reconhecimento como intensiva em inova\u00e7\u00e3o, tecnologia e design, liderando o setor nacionalmente. E para atingir estes objetivos, foram abordados temas como forma\u00e7\u00e3o profissional, conhecimento de mercado e ambiente institucional.<\/p>\n<p>The post Setor t\u00eaxtil de SC refor\u00e7a aposta na inova\u00e7\u00e3o appeared first on Economia SC.<\/p>\n<p>Via: <a href=\"http:\/\/economiasc.com.br\/setor-textil-de-sc-reforca-aposta-na-inovacao\/\" class=\"colorbox\" title=\"Setor t\u00eaxtil de SC refor\u00e7a aposta na inova\u00e7\u00e3o\">economiasc.com.br<\/a><\/p>\n","protected":false},"excerpt":{"rendered":"<div class=\"ftpimagefix\" style=\"float:left\"><img decoding=\"async\" width=\"250\" alt=\"Evento da FIESC re\u00fane empres\u00e1rios e especialistas do Vale do Itaja\u00ed. Foto: F\u00e1bio Almeida\/Divulga\u00e7\u00e3o\" src=\"http:\/\/economiasc.com.br\/wp-content\/uploads\/2014\/07\/fiesc.jpg\"><\/div>\n<p>Evento da Fiesc re\u00fane empres\u00e1rios e especialistas do Vale do Itaja\u00ed. Foto: F\u00e1bio Almeida\/Divulga\u00e7\u00e3o<\/p>\n<\/p>\n<p>Empres\u00e1rios e especialistas do setor t\u00eaxtil e de confec\u00e7\u00e3o se reuniram nesta ter\u00e7a e quarta-feira, dias 1 e 2, para fazer um diagn\u00f3stico do crescimento setor no Estado.  Entre as apostas, est\u00e3o uma ind\u00fastria globalizada, que exige inova\u00e7\u00e3o, qualifica\u00e7\u00e3o e uso intenso de design para se manter competitiva.O evento foi realizado pela Federa\u00e7\u00e3o das Ind\u00fastrias de Santa Catarina (Fiesc) em Blumenau. <br \/>\nPara S\u00e9rgio Pires, s\u00f3cio da TecnoBlu e presidente da C\u00e2mara da Ind\u00fastria da Moda da Fiesc, o setor est\u00e1 desenvolvendo no Estado um modelo de competitividade. \u201cCom o perfil e a capacita\u00e7\u00e3o do empreendedor catarinense, ele pode conviver com a importa\u00e7\u00e3o. Temos um \u00f3timo algod\u00e3o, empresas modernas e despertamos agora tamb\u00e9m o interesse das universidades pela moda\u201d, afirma.<\/p>\n<p>Dados apresentados no evento apontam para uma ind\u00fastria que concentra 60% dos estabelecimentos no Vale do Itaja\u00ed, que nos \u00faltimos seis anos cresceu mais em Santa Catarina que no Brasil e que possui no Estado \u00edndices de produtividade superiores aos nacionais.<\/p>\n<p>O presidente da Altenburg e vice-presidente regional da Fiesc, Rui Altenburg, ressalta, no entanto, que ainda h\u00e1, do lado do governo, aspectos estruturais a se corrigir para aprimorar a competitividade do setor. \u201cOuvimos falar de globaliza\u00e7\u00e3o h\u00e1 mais de 20 anos. Se falava que o Brasil precisava se preparar para a globaliza\u00e7\u00e3o. E, realmente, a gente sabe que muito pouco foi feito. O que era para ser feito s\u00e3o as ditas reformas, que n\u00e3o foram feitas at\u00e9 hoje. \u00c9 preciso aprimorar legisla\u00e7\u00f5es e custos que afetam a ind\u00fastria\u201d, defende Altenburg.<\/p>\n<p>Entre as tend\u00eancias apontadas pelas pesquisas apresentadas no evento, est\u00e1 a maior aten\u00e7\u00e3o aos servi\u00e7os que adicionam grande valor ao produto. Eles est\u00e3o concentrados nas etapas anteriores \u2013 inova\u00e7\u00e3o, pesquisa e design \u2013 e posteriores \u2013 marketing, distribui\u00e7\u00e3o e p\u00f3s-venda \u2013 \u00e0s linhas de produ\u00e7\u00e3o. Estas fun\u00e7\u00f5es s\u00e3o consideradas hoje o centro do foco de atua\u00e7\u00e3o das ind\u00fastrias t\u00eaxtil e de confec\u00e7\u00e3o dos pa\u00edses desenvolvidos.<\/p>\n<p>Para os participantes do encontro, a vis\u00e3o de futuro para a ind\u00fastria no Estado passa por seu reconhecimento como intensiva em inova\u00e7\u00e3o, tecnologia e design, liderando o setor nacionalmente. E para atingir estes objetivos, foram abordados temas como forma\u00e7\u00e3o profissional, conhecimento de mercado e ambiente institucional.<\/p>\n<p>The post Setor t\u00eaxtil de SC refor\u00e7a aposta na inova\u00e7\u00e3o appeared first on Economia SC.<\/p>\n","protected":false},"author":1,"featured_media":0,"comment_status":"open","ping_status":"open","sticky":false,"template":"","format":"standard","meta":{"footnotes":""},"categories":[5],"tags":[],"class_list":["post-2625","post","type-post","status-publish","format-standard","hentry","category-noticias","no-post-thumbnail"],"_links":{"self":[{"href":"https:\/\/www.cdlbc.com.br\/portal\/wp-json\/wp\/v2\/posts\/2625","targetHints":{"allow":["GET"]}}],"collection":[{"href":"https:\/\/www.cdlbc.com.br\/portal\/wp-json\/wp\/v2\/posts"}],"about":[{"href":"https:\/\/www.cdlbc.com.br\/portal\/wp-json\/wp\/v2\/types\/post"}],"author":[{"embeddable":true,"href":"https:\/\/www.cdlbc.com.br\/portal\/wp-json\/wp\/v2\/users\/1"}],"replies":[{"embeddable":true,"href":"https:\/\/www.cdlbc.com.br\/portal\/wp-json\/wp\/v2\/comments?post=2625"}],"version-history":[{"count":0,"href":"https:\/\/www.cdlbc.com.br\/portal\/wp-json\/wp\/v2\/posts\/2625\/revisions"}],"wp:attachment":[{"href":"https:\/\/www.cdlbc.com.br\/portal\/wp-json\/wp\/v2\/media?parent=2625"}],"wp:term":[{"taxonomy":"category","embeddable":true,"href":"https:\/\/www.cdlbc.com.br\/portal\/wp-json\/wp\/v2\/categories?post=2625"},{"taxonomy":"post_tag","embeddable":true,"href":"https:\/\/www.cdlbc.com.br\/portal\/wp-json\/wp\/v2\/tags?post=2625"}],"curies":[{"name":"wp","href":"https:\/\/api.w.org\/{rel}","templated":true}]}}