{"id":2623,"date":"2014-07-02T15:58:00","date_gmt":"2014-07-02T15:58:00","guid":{"rendered":"http:\/\/www.cdlbc.com.br\/portal\/noticias\/festitalia-reune-musica-cultura-e-gastronomia\/"},"modified":"2014-07-02T15:58:00","modified_gmt":"2014-07-02T15:58:00","slug":"festitalia-reune-musica-cultura-e-gastronomia","status":"publish","type":"post","link":"https:\/\/www.cdlbc.com.br\/portal\/noticias\/festitalia-reune-musica-cultura-e-gastronomia\/","title":{"rendered":"Festit\u00e1lia re\u00fane m\u00fasica, cultura e gastronomia"},"content":{"rendered":"<p>A 21\u00aa edi\u00e7\u00e3o da  Festit\u00e1lia vai contar com dez dias de atra\u00e7\u00f5es que devem resgatar e reviver as tradi\u00e7\u00f5es e cultura italiana. O evento ser\u00e1 realizado no entre os dias 11 e 20 de julho no Parque Vila Germ\u00e2nica, em Blumenau. Os visitantes poder\u00e3o conferir grupos de canto e dan\u00e7as folcl\u00f3ricas, apresenta\u00e7\u00e3o de cantores e bandas com m\u00fasicas t\u00edpicas e do musical Horizonte Azul. A festa tamb\u00e9m  vai oferecer uma variedade de mais de 50 pratos tradicionais da culin\u00e1ria italiana, al\u00e9m das novidades previstas para esta edi\u00e7\u00e3o.  A organiza\u00e7\u00e3o \u00e9 do Lira Circolo Italiano de Blumenau.<\/p>\n<p>Neste ano, haver\u00e1 um ponto com venda de cervejas italianas. A ideia \u00e9 incentivar a harmoniza\u00e7\u00e3o com receitas de v\u00e1rias regi\u00f5es da It\u00e1lia. Para quem gostava de degustar a carta de vinhos da Festit\u00e1lia, uma boa mudan\u00e7a para 2014 promete agradar este p\u00fablico. Os organizadores v\u00e3o possibilitar durante a festa a loca\u00e7\u00e3o de ta\u00e7as de cristal. Ap\u00f3s o uso, e com devolu\u00e7\u00e3o da pe\u00e7a intacta, o visitante ser\u00e1 ressarcido. J\u00e1 as ta\u00e7as descart\u00e1veis ser\u00e3o fornecidas gratuitamente com a compra dos vinhos oferecidos no evento.<\/p>\n<\/p>\n<p>The post <a class=\"colorbox\" rel=\"nofollow\" href=\"http:\/\/economiasc.com.br\/festitalia-reune-musica-cultura-e-gastronomia\/\">Festit\u00e1lia re\u00fane m\u00fasica, cultura e gastronomia<\/a> appeared first on <a class=\"colorbox\" rel=\"nofollow\" href=\"http:\/\/economiasc.com.br\/\">Economia SC<\/a>.<\/p>\n<p>Via: <a href=\"http:\/\/economiasc.com.br\/festitalia-reune-musica-cultura-e-gastronomia\/\" class=\"colorbox\" title=\"Festit\u00e1lia re\u00fane m\u00fasica, cultura e gastronomia\">economiasc.com.br<\/a><\/p>\n","protected":false},"excerpt":{"rendered":"<p>A 21\u00aa edi\u00e7\u00e3o da  Festit\u00e1lia vai contar com dez dias de atra\u00e7\u00f5es que devem resgatar e reviver as tradi\u00e7\u00f5es e cultura italiana. O evento ser\u00e1 realizado no entre os dias 11 e 20 de julho no Parque Vila Germ\u00e2nica, em Blumenau. Os visitantes poder\u00e3o conferir grupos de canto e dan\u00e7as folcl\u00f3ricas, apresenta\u00e7\u00e3o de cantores e bandas com m\u00fasicas t\u00edpicas e do musical Horizonte Azul. A festa tamb\u00e9m  vai oferecer uma variedade de mais de 50 pratos tradicionais da culin\u00e1ria italiana, al\u00e9m das novidades previstas para esta edi\u00e7\u00e3o.  A organiza\u00e7\u00e3o \u00e9 do Lira Circolo Italiano de Blumenau.<\/p>\n<p>Neste ano, haver\u00e1 um ponto com venda de cervejas italianas. A ideia \u00e9 incentivar a harmoniza\u00e7\u00e3o com receitas de v\u00e1rias regi\u00f5es da It\u00e1lia. Para quem gostava de degustar a carta de vinhos da Festit\u00e1lia, uma boa mudan\u00e7a para 2014 promete agradar este p\u00fablico. Os organizadores v\u00e3o possibilitar durante a festa a loca\u00e7\u00e3o de ta\u00e7as de cristal. Ap\u00f3s o uso, e com devolu\u00e7\u00e3o da pe\u00e7a intacta, o visitante ser\u00e1 ressarcido. J\u00e1 as ta\u00e7as descart\u00e1veis ser\u00e3o fornecidas gratuitamente com a compra dos vinhos oferecidos no evento.<\/p>\n<\/p>\n<p>The post <a class=\"colorbox\" rel=\"nofollow\" href=\"http:\/\/economiasc.com.br\/festitalia-reune-musica-cultura-e-gastronomia\/\">Festit\u00e1lia re\u00fane m\u00fasica, cultura e gastronomia<\/a> appeared first on <a class=\"colorbox\" rel=\"nofollow\" href=\"http:\/\/economiasc.com.br\/\">Economia SC<\/a>.<\/p>\n","protected":false},"author":1,"featured_media":0,"comment_status":"open","ping_status":"open","sticky":false,"template":"","format":"standard","meta":{"footnotes":""},"categories":[5],"tags":[],"class_list":["post-2623","post","type-post","status-publish","format-standard","hentry","category-noticias","no-post-thumbnail"],"_links":{"self":[{"href":"https:\/\/www.cdlbc.com.br\/portal\/wp-json\/wp\/v2\/posts\/2623","targetHints":{"allow":["GET"]}}],"collection":[{"href":"https:\/\/www.cdlbc.com.br\/portal\/wp-json\/wp\/v2\/posts"}],"about":[{"href":"https:\/\/www.cdlbc.com.br\/portal\/wp-json\/wp\/v2\/types\/post"}],"author":[{"embeddable":true,"href":"https:\/\/www.cdlbc.com.br\/portal\/wp-json\/wp\/v2\/users\/1"}],"replies":[{"embeddable":true,"href":"https:\/\/www.cdlbc.com.br\/portal\/wp-json\/wp\/v2\/comments?post=2623"}],"version-history":[{"count":0,"href":"https:\/\/www.cdlbc.com.br\/portal\/wp-json\/wp\/v2\/posts\/2623\/revisions"}],"wp:attachment":[{"href":"https:\/\/www.cdlbc.com.br\/portal\/wp-json\/wp\/v2\/media?parent=2623"}],"wp:term":[{"taxonomy":"category","embeddable":true,"href":"https:\/\/www.cdlbc.com.br\/portal\/wp-json\/wp\/v2\/categories?post=2623"},{"taxonomy":"post_tag","embeddable":true,"href":"https:\/\/www.cdlbc.com.br\/portal\/wp-json\/wp\/v2\/tags?post=2623"}],"curies":[{"name":"wp","href":"https:\/\/api.w.org\/{rel}","templated":true}]}}