{"id":2622,"date":"2014-07-02T15:16:00","date_gmt":"2014-07-02T15:16:00","guid":{"rendered":"http:\/\/www.cdlbc.com.br\/portal\/noticias\/governo-de-sc-investe-r29-milhoes-na-regiao-norte\/"},"modified":"2014-07-02T15:16:00","modified_gmt":"2014-07-02T15:16:00","slug":"governo-de-sc-investe-r29-milhoes-na-regiao-norte","status":"publish","type":"post","link":"https:\/\/www.cdlbc.com.br\/portal\/noticias\/governo-de-sc-investe-r29-milhoes-na-regiao-norte\/","title":{"rendered":"Governo de SC investe R$29 milh\u00f5es na regi\u00e3o Norte"},"content":{"rendered":"<p>A secret\u00e1ria de Estado da Sa\u00fade, T\u00e2nia Eberhardt, anunciou, na noite desta ter\u00e7a-feira, 1\u00b0 de julho, uma s\u00e9rie de investimentos para a Sa\u00fade de Joinville e regi\u00e3o. O evento aconteceu \u00e0s 19h, no audit\u00f3rio do Hospital Infantil Dr. Jeser Amarante Faria, e contou com a presen\u00e7a da secret\u00e1ria de Desenvolvimento Regional de Joinville, Somone Schramm, do prefeito de Joinville, Udo D\u00f6hler, entre outras autoridades.<\/p>\n<p>Na ocasi\u00e3o, T\u00e2nia Eberhardt formalizou investimentos estaduais para os hospitais Infantil Jeser Amarante Faria, Hans Dieter Schmidt, Municipal S\u00e3o Jos\u00e9, Bethesda, al\u00e9m de unidades b\u00e1sicas de Sa\u00fade de Joinville.<\/p>\n<p>A primeira novidade anunciada pela secret\u00e1ria de Estado da Sa\u00fade \u00e9 que a partir de agora Santa Catarina est\u00e1 apta a fazer transplante de medula \u00f3ssea em crian\u00e7as. O sistema de transplante de medula \u00f3ssea infantil ser\u00e1 implantado no Hospital Infantil Dr. Jeser Amarante Faria, de Joinville. Atualmente, 45 crian\u00e7as catarinenses est\u00e3o sendo submetidas a esse tratamento fora do Estado. A primeira etapa ser\u00e1 a implanta\u00e7\u00e3o do transplante aut\u00f3logo (que consiste na retirada das c\u00e9lulas do pr\u00f3prio paciente), com in\u00edcio no segundo semestre deste ano.<\/p>\n<p>\u201cO Hospital Infantil Jeser Amarante passa a ser o \u00fanico de SC a fazer esse tipo de transplante. \u00c9 um orgulho para Joinville, para os profissionais que atuam no hospital e, principalmente, uma vit\u00f3ria para nossas crian\u00e7as\u201d, ressalta T\u00e2nia Eberhardt.<\/p>\n<p>Ainda para o Hospital Infantil, foi assinada uma ordem de servi\u00e7o no valor de R$ 13,9 milh\u00f5es para obras que incluem a aquisi\u00e7\u00e3o de equipamentos e materiais hospitalares, al\u00e9m de obras que permitir\u00e3o a abertura de 27 leitos, dos quais 13 ser\u00e3o de UTI neonatal e 14 de interna\u00e7\u00e3o psiqui\u00e1trica. \u201cH\u00e1 pouco mais de um ano o servi\u00e7o de cardiologia foi implantado no Jeser Amarante Faria, e j\u00e1 somos refer\u00eancia no Estado. Entre abril de 2013 e de 2014, foram feitas 220 cirurgias. Nosso objetivo \u00e9 fazer o mesmo com os transplantes de medula \u00f3ssea infantil\u201d, explica a diretora executiva do Hospital Infantil Jeser Amarante Faria, Estela Mari Galvan Cuchi.<\/p>\n<p>Tamb\u00e9m foi assinada autoriza\u00e7\u00e3o para lan\u00e7amento do edital de licita\u00e7\u00e3o, no valor de R$ 10,1 milh\u00f5es, para a reforma da Central de Material e Esteriliza\u00e7\u00e3o e do Centro Cir\u00fargico do Hospital Regional Hans Dieter Schimdt, envolvendo uma \u00e1rea de 1,6 mil metros quadrados, al\u00e9m da amplia\u00e7\u00e3o de 644 metros quadrados, incluindo obras civis para instala\u00e7\u00e3o de elevador e constru\u00e7\u00e3o de rampa de acesso.<br \/>\nSimone Schramm, secret\u00e1ria de Desenvolvimento Regional de Joinville, afirmou, na ocasi\u00e3o, que muitas a\u00e7\u00f5es est\u00e3o em execu\u00e7\u00e3o no Hospital Regional. Dentre elas, as obras do centro cir\u00fargico, cuja abertura da licita\u00e7\u00e3o para o novo contrato ser\u00e1 realizada em 5 de agosto.<\/p>\n<p><span>Foi assinada tamb\u00e9m autoriza\u00e7\u00e3o para celebra\u00e7\u00e3o de conv\u00eanio com o Hospital Bethesda, de Joinville, no valor de R$ 200 mil. Os recursos ser\u00e3o aplicados na aquisi\u00e7\u00e3o de materiais para o hospital.<\/span><\/p>\n<p>Outros dois conv\u00eanios envolveram o Hospital Municipal S\u00e3o Jos\u00e9. O primeiro, no valor de R$ 3,6 milh\u00f5es, ser\u00e1 destinado \u00e0 \u00e1rea oncol\u00f3gica da institui\u00e7\u00e3o. O segundo conv\u00eanio \u00e9 de R$ 288,6 mil e ser\u00e1 destinado \u00e0 aquisi\u00e7\u00e3o de um Arco em C.<\/p>\n<p>Ainda em Joinville, o governo estadual firmou conv\u00eanio com a prefeitura de Joinville, no valor de R$ 1,2 milh\u00e3o, para a compra de equipamentos, materiais e climatiza\u00e7\u00e3o de quatro novas unidades de sa\u00fade do munic\u00edpio \u2013 Policl\u00ednica Pirabeiraba e Unidades B\u00e1sica de Sa\u00fade da Fam\u00edlia Vila Nova 1, Aventureiro 3 e Rio da Prata.<\/p>\n<p>The post <a class=\"colorbox\" rel=\"nofollow\" href=\"http:\/\/economiasc.com.br\/governo-de-sc-investe-r29-milhoes-na-regiao-norte\/\">Governo de SC investe R$29 milh\u00f5es na regi\u00e3o Norte<\/a> appeared first on <a class=\"colorbox\" rel=\"nofollow\" href=\"http:\/\/economiasc.com.br\/\">Economia SC<\/a>.<\/p>\n<p>Via: <a href=\"http:\/\/economiasc.com.br\/governo-de-sc-investe-r29-milhoes-na-regiao-norte\/\" class=\"colorbox\" title=\"Governo de SC investe R$29 milh\u00f5es na regi\u00e3o Norte\">economiasc.com.br<\/a><\/p>\n","protected":false},"excerpt":{"rendered":"<p>A secret\u00e1ria de Estado da Sa\u00fade, T\u00e2nia Eberhardt, anunciou, na noite desta ter\u00e7a-feira, 1\u00b0 de julho, uma s\u00e9rie de investimentos para a Sa\u00fade de Joinville e regi\u00e3o. O evento aconteceu \u00e0s 19h, no audit\u00f3rio do Hospital Infantil Dr. Jeser Amarante Faria, e contou com a presen\u00e7a da secret\u00e1ria de Desenvolvimento Regional de Joinville, Somone Schramm, do prefeito de Joinville, Udo D\u00f6hler, entre outras autoridades.<\/p>\n<p>Na ocasi\u00e3o, T\u00e2nia Eberhardt formalizou investimentos estaduais para os hospitais Infantil Jeser Amarante Faria, Hans Dieter Schmidt, Municipal S\u00e3o Jos\u00e9, Bethesda, al\u00e9m de unidades b\u00e1sicas de Sa\u00fade de Joinville.<\/p>\n<p>A primeira novidade anunciada pela secret\u00e1ria de Estado da Sa\u00fade \u00e9 que a partir de agora Santa Catarina est\u00e1 apta a fazer transplante de medula \u00f3ssea em crian\u00e7as. O sistema de transplante de medula \u00f3ssea infantil ser\u00e1 implantado no Hospital Infantil Dr. Jeser Amarante Faria, de Joinville. Atualmente, 45 crian\u00e7as catarinenses est\u00e3o sendo submetidas a esse tratamento fora do Estado. A primeira etapa ser\u00e1 a implanta\u00e7\u00e3o do transplante aut\u00f3logo (que consiste na retirada das c\u00e9lulas do pr\u00f3prio paciente), com in\u00edcio no segundo semestre deste ano.<\/p>\n<p>\u201cO Hospital Infantil Jeser Amarante passa a ser o \u00fanico de SC a fazer esse tipo de transplante. \u00c9 um orgulho para Joinville, para os profissionais que atuam no hospital e, principalmente, uma vit\u00f3ria para nossas crian\u00e7as\u201d, ressalta T\u00e2nia Eberhardt.<\/p>\n<p>Ainda para o Hospital Infantil, foi assinada uma ordem de servi\u00e7o no valor de R$ 13,9 milh\u00f5es para obras que incluem a aquisi\u00e7\u00e3o de equipamentos e materiais hospitalares, al\u00e9m de obras que permitir\u00e3o a abertura de 27 leitos, dos quais 13 ser\u00e3o de UTI neonatal e 14 de interna\u00e7\u00e3o psiqui\u00e1trica. \u201cH\u00e1 pouco mais de um ano o servi\u00e7o de cardiologia foi implantado no Jeser Amarante Faria, e j\u00e1 somos refer\u00eancia no Estado. Entre abril de 2013 e de 2014, foram feitas 220 cirurgias. Nosso objetivo \u00e9 fazer o mesmo com os transplantes de medula \u00f3ssea infantil\u201d, explica a diretora executiva do Hospital Infantil Jeser Amarante Faria, Estela Mari Galvan Cuchi.<\/p>\n<p>Tamb\u00e9m foi assinada autoriza\u00e7\u00e3o para lan\u00e7amento do edital de licita\u00e7\u00e3o, no valor de R$ 10,1 milh\u00f5es, para a reforma da Central de Material e Esteriliza\u00e7\u00e3o e do Centro Cir\u00fargico do Hospital Regional Hans Dieter Schimdt, envolvendo uma \u00e1rea de 1,6 mil metros quadrados, al\u00e9m da amplia\u00e7\u00e3o de 644 metros quadrados, incluindo obras civis para instala\u00e7\u00e3o de elevador e constru\u00e7\u00e3o de rampa de acesso.<br \/>\nSimone Schramm, secret\u00e1ria de Desenvolvimento Regional de Joinville, afirmou, na ocasi\u00e3o, que muitas a\u00e7\u00f5es est\u00e3o em execu\u00e7\u00e3o no Hospital Regional. Dentre elas, as obras do centro cir\u00fargico, cuja abertura da licita\u00e7\u00e3o para o novo contrato ser\u00e1 realizada em 5 de agosto.<\/p>\n<p><span>Foi assinada tamb\u00e9m autoriza\u00e7\u00e3o para celebra\u00e7\u00e3o de conv\u00eanio com o Hospital Bethesda, de Joinville, no valor de R$ 200 mil. Os recursos ser\u00e3o aplicados na aquisi\u00e7\u00e3o de materiais para o hospital.<\/span><\/p>\n<p>Outros dois conv\u00eanios envolveram o Hospital Municipal S\u00e3o Jos\u00e9. O primeiro, no valor de R$ 3,6 milh\u00f5es, ser\u00e1 destinado \u00e0 \u00e1rea oncol\u00f3gica da institui\u00e7\u00e3o. O segundo conv\u00eanio \u00e9 de R$ 288,6 mil e ser\u00e1 destinado \u00e0 aquisi\u00e7\u00e3o de um Arco em C.<\/p>\n<p>Ainda em Joinville, o governo estadual firmou conv\u00eanio com a prefeitura de Joinville, no valor de R$ 1,2 milh\u00e3o, para a compra de equipamentos, materiais e climatiza\u00e7\u00e3o de quatro novas unidades de sa\u00fade do munic\u00edpio \u2013 Policl\u00ednica Pirabeiraba e Unidades B\u00e1sica de Sa\u00fade da Fam\u00edlia Vila Nova 1, Aventureiro 3 e Rio da Prata.<\/p>\n<p>The post <a class=\"colorbox\" rel=\"nofollow\" href=\"http:\/\/economiasc.com.br\/governo-de-sc-investe-r29-milhoes-na-regiao-norte\/\">Governo de SC investe R$29 milh\u00f5es na regi\u00e3o Norte<\/a> appeared first on <a class=\"colorbox\" rel=\"nofollow\" href=\"http:\/\/economiasc.com.br\/\">Economia SC<\/a>.<\/p>\n","protected":false},"author":1,"featured_media":0,"comment_status":"open","ping_status":"open","sticky":false,"template":"","format":"standard","meta":{"footnotes":""},"categories":[5],"tags":[],"class_list":["post-2622","post","type-post","status-publish","format-standard","hentry","category-noticias","no-post-thumbnail"],"_links":{"self":[{"href":"https:\/\/www.cdlbc.com.br\/portal\/wp-json\/wp\/v2\/posts\/2622","targetHints":{"allow":["GET"]}}],"collection":[{"href":"https:\/\/www.cdlbc.com.br\/portal\/wp-json\/wp\/v2\/posts"}],"about":[{"href":"https:\/\/www.cdlbc.com.br\/portal\/wp-json\/wp\/v2\/types\/post"}],"author":[{"embeddable":true,"href":"https:\/\/www.cdlbc.com.br\/portal\/wp-json\/wp\/v2\/users\/1"}],"replies":[{"embeddable":true,"href":"https:\/\/www.cdlbc.com.br\/portal\/wp-json\/wp\/v2\/comments?post=2622"}],"version-history":[{"count":0,"href":"https:\/\/www.cdlbc.com.br\/portal\/wp-json\/wp\/v2\/posts\/2622\/revisions"}],"wp:attachment":[{"href":"https:\/\/www.cdlbc.com.br\/portal\/wp-json\/wp\/v2\/media?parent=2622"}],"wp:term":[{"taxonomy":"category","embeddable":true,"href":"https:\/\/www.cdlbc.com.br\/portal\/wp-json\/wp\/v2\/categories?post=2622"},{"taxonomy":"post_tag","embeddable":true,"href":"https:\/\/www.cdlbc.com.br\/portal\/wp-json\/wp\/v2\/tags?post=2622"}],"curies":[{"name":"wp","href":"https:\/\/api.w.org\/{rel}","templated":true}]}}