{"id":2616,"date":"2014-07-02T13:35:00","date_gmt":"2014-07-02T13:35:00","guid":{"rendered":"http:\/\/www.cdlbc.com.br\/portal\/noticias\/catho-fipe-estima-taxa-de-desemprego-do-mes-em-5\/"},"modified":"2014-07-02T13:35:00","modified_gmt":"2014-07-02T13:35:00","slug":"catho-fipe-estima-taxa-de-desemprego-do-mes-em-5","status":"publish","type":"post","link":"https:\/\/www.cdlbc.com.br\/portal\/noticias\/catho-fipe-estima-taxa-de-desemprego-do-mes-em-5\/","title":{"rendered":"Catho-Fipe estima taxa de desemprego do m\u00eas em 5%"},"content":{"rendered":"<div class=\"ftpimagefix\" style=\"float:left\"><img decoding=\"async\" width=\"250\" alt=\"emprego\" src=\"http:\/\/economiasc.com.br\/wp-content\/uploads\/2014\/07\/emprego-300x225.jpg\"><\/div>\n<p>IBGE n\u00e3o divulgou taxa de maio, mas estimativa de junho pode representar aumento. Foto: Divulga\u00e7\u00e3o<\/p>\n<p>A taxa de desemprego de junho medida pela PME\/IBGE deve ficar em 5,0%, segundo a proje\u00e7\u00e3o Catho-Fipe. Esse valor \u00e9 0,9 ponto percentual menor do que o registrado em junho de 2013, o que confirma a tend\u00eancia de queda desse indicador.<\/p>\n<p>O IBGE n\u00e3o divulgou a taxa de desemprego de maio, porque os dados de duas das seis regi\u00f5es pesquisadas n\u00e3o foram disponibilizados. Com base nas quatro taxas regionais divulgadas, a taxa de desemprego parece ter ficado est\u00e1vel na compara\u00e7\u00e3o de maio com abril. Assim, esse resultado de 5,0% para junho pode representar uma pequena eleva\u00e7\u00e3o na compara\u00e7\u00e3o mensal.<\/p>\n<p>Se confirmado, ser\u00e1 o menor valor para um m\u00eas de junho de toda a s\u00e9rie hist\u00f3rica, iniciada em 2002. Por quest\u00f5es sazonais, o in\u00edcio do ano normalmente apresenta movimentos de alta na taxa de desemprego. \u00c9 uma \u00e9poca em que as pessoas que deixaram a for\u00e7a de trabalho no final do ano retomam a busca por vagas, levando a um aumento natural na propor\u00e7\u00e3o de desempregados. Esse ano, por\u00e9m, tem exibido comportamento at\u00edpico. Desde o in\u00edcio do ano, a taxa de desemprego tem oscilado ao redor de 5,0%, sendo que em mar\u00e7o e em abril a taxa caiu em rela\u00e7\u00e3o a fevereiro e mar\u00e7o respectivamente pela primeira vez desde o in\u00edcio da s\u00e9rie.<\/p>\n<p>The post Catho-Fipe estima taxa de desemprego do m\u00eas em 5% appeared first on Economia SC.<\/p>\n<p>Via: <a href=\"http:\/\/economiasc.com.br\/catho-fipe-estima-taxa-de-desemprego-mes-em-5\/\" class=\"colorbox\" title=\"Catho-Fipe estima taxa de desemprego do m\u00eas em 5%\">economiasc.com.br<\/a><\/p>\n","protected":false},"excerpt":{"rendered":"<div class=\"ftpimagefix\" style=\"float:left\"><img decoding=\"async\" width=\"250\" alt=\"emprego\" src=\"http:\/\/economiasc.com.br\/wp-content\/uploads\/2014\/07\/emprego-300x225.jpg\"><\/div>\n<p>IBGE n\u00e3o divulgou taxa de maio, mas estimativa de junho pode representar aumento. Foto: Divulga\u00e7\u00e3o<\/p>\n<p>A taxa de desemprego de junho medida pela PME\/IBGE deve ficar em 5,0%, segundo a proje\u00e7\u00e3o Catho-Fipe. Esse valor \u00e9 0,9 ponto percentual menor do que o registrado em junho de 2013, o que confirma a tend\u00eancia de queda desse indicador.<\/p>\n<p>O IBGE n\u00e3o divulgou a taxa de desemprego de maio, porque os dados de duas das seis regi\u00f5es pesquisadas n\u00e3o foram disponibilizados. Com base nas quatro taxas regionais divulgadas, a taxa de desemprego parece ter ficado est\u00e1vel na compara\u00e7\u00e3o de maio com abril. Assim, esse resultado de 5,0% para junho pode representar uma pequena eleva\u00e7\u00e3o na compara\u00e7\u00e3o mensal.<\/p>\n<p>Se confirmado, ser\u00e1 o menor valor para um m\u00eas de junho de toda a s\u00e9rie hist\u00f3rica, iniciada em 2002. Por quest\u00f5es sazonais, o in\u00edcio do ano normalmente apresenta movimentos de alta na taxa de desemprego. \u00c9 uma \u00e9poca em que as pessoas que deixaram a for\u00e7a de trabalho no final do ano retomam a busca por vagas, levando a um aumento natural na propor\u00e7\u00e3o de desempregados. Esse ano, por\u00e9m, tem exibido comportamento at\u00edpico. Desde o in\u00edcio do ano, a taxa de desemprego tem oscilado ao redor de 5,0%, sendo que em mar\u00e7o e em abril a taxa caiu em rela\u00e7\u00e3o a fevereiro e mar\u00e7o respectivamente pela primeira vez desde o in\u00edcio da s\u00e9rie.<\/p>\n<p>The post Catho-Fipe estima taxa de desemprego do m\u00eas em 5% appeared first on Economia SC.<\/p>\n","protected":false},"author":1,"featured_media":0,"comment_status":"open","ping_status":"open","sticky":false,"template":"","format":"standard","meta":{"footnotes":""},"categories":[5],"tags":[],"class_list":["post-2616","post","type-post","status-publish","format-standard","hentry","category-noticias","no-post-thumbnail"],"_links":{"self":[{"href":"https:\/\/www.cdlbc.com.br\/portal\/wp-json\/wp\/v2\/posts\/2616","targetHints":{"allow":["GET"]}}],"collection":[{"href":"https:\/\/www.cdlbc.com.br\/portal\/wp-json\/wp\/v2\/posts"}],"about":[{"href":"https:\/\/www.cdlbc.com.br\/portal\/wp-json\/wp\/v2\/types\/post"}],"author":[{"embeddable":true,"href":"https:\/\/www.cdlbc.com.br\/portal\/wp-json\/wp\/v2\/users\/1"}],"replies":[{"embeddable":true,"href":"https:\/\/www.cdlbc.com.br\/portal\/wp-json\/wp\/v2\/comments?post=2616"}],"version-history":[{"count":0,"href":"https:\/\/www.cdlbc.com.br\/portal\/wp-json\/wp\/v2\/posts\/2616\/revisions"}],"wp:attachment":[{"href":"https:\/\/www.cdlbc.com.br\/portal\/wp-json\/wp\/v2\/media?parent=2616"}],"wp:term":[{"taxonomy":"category","embeddable":true,"href":"https:\/\/www.cdlbc.com.br\/portal\/wp-json\/wp\/v2\/categories?post=2616"},{"taxonomy":"post_tag","embeddable":true,"href":"https:\/\/www.cdlbc.com.br\/portal\/wp-json\/wp\/v2\/tags?post=2616"}],"curies":[{"name":"wp","href":"https:\/\/api.w.org\/{rel}","templated":true}]}}