{"id":2592,"date":"2014-07-01T12:50:00","date_gmt":"2014-07-01T12:50:00","guid":{"rendered":"http:\/\/www.cdlbc.com.br\/portal\/noticias\/colombo-anuncia-acoes-e-recursos-para-saude\/"},"modified":"2014-07-01T12:50:00","modified_gmt":"2014-07-01T12:50:00","slug":"colombo-anuncia-acoes-e-recursos-para-saude","status":"publish","type":"post","link":"https:\/\/www.cdlbc.com.br\/portal\/noticias\/colombo-anuncia-acoes-e-recursos-para-saude\/","title":{"rendered":"Colombo anuncia a\u00e7\u00f5es e recursos para sa\u00fade"},"content":{"rendered":"<p>O governador do Estado, Raimundo Colombo, e a secret\u00e1ria T\u00e2nia Eberhardt estar\u00e3o  em Joinville na nesta ter\u00e7a-feira, 1\u00b0 de julho, para anunciar v\u00e1rias a\u00e7\u00f5es e investimentos para a sa\u00fade da regi\u00e3o. O evento ser\u00e1 realizado \u00e0s 19h, no audit\u00f3rio do Hospital Infantil Dr. Jeser Amarante Faria. Colombo anunciar\u00e1 que Santa Catarina est\u00e1 apta a fazer transplante de medula \u00f3ssea em crian\u00e7as. O sistema ser\u00e1 implantado no hospital onde ser\u00e1 feito o an\u00fancio.<\/p>\n<p>O governador assinar\u00e1 tamb\u00e9m a ordem de servi\u00e7o no valor de R$ 13,9 milh\u00f5es das obras do Pacto pela Sa\u00fade para o Hospital Infantil de Joinville. Os recursos incluem a aquisi\u00e7\u00e3o de equipamentos e materiais hospitalares, al\u00e9m de obras que permitir\u00e3o a abertura de 27 leitos. Em seguida, Colombo assinar\u00e1 autoriza\u00e7\u00e3o para lan\u00e7amento do edital de licita\u00e7\u00e3o, no valor de R$ 10,1 milh\u00f5es para a reforma da Central de Material e Esteriliza\u00e7\u00e3o e do Centro Cir\u00fargico do Hospital Regional Hans Dieter Schimdt.<\/p>\n<p><span>Na sequ\u00eancia, o governador assinar\u00e1 uma autoriza\u00e7\u00e3o para celebra\u00e7\u00e3o de conv\u00eanio com o Hospital Bethesda, de Joinville, no valor de R$ 200 mil. Os recursos ser\u00e3o aplicados na aquisi\u00e7\u00e3o de materiais para o hospital.<\/span>Outros dois conv\u00eanios ser\u00e3o assinados com o Hospital Municipal S\u00e3o Jos\u00e9. O primeiro, no valor de R$ 2,9 milh\u00f5es, ser\u00e1 destinado \u00e0 \u00e1rea oncol\u00f3gica da institui\u00e7\u00e3o. O segundo conv\u00eanio \u00e9 de R$ 288,6 mil e ser\u00e1 destinado \u00e0 aquisi\u00e7\u00e3o de um Arco em C.<\/p>\n<p>Ainda em Joinville, o governo estadual vai firmar um conv\u00eanio com a prefeitura de Joinville, no valor de R$ 1,2 milh\u00e3o, para a compra de equipamentos, materiais e climatiza\u00e7\u00e3o de quatro novas unidades de sa\u00fade do munic\u00edpio \u2013 Policl\u00ednica Pirabeiraba e Unidades B\u00e1sica de Sa\u00fade da Fam\u00edlia Vila Nova 1, Aventureiro 3 e Rio da Prata.<\/p>\n<p>The post <a class=\"colorbox\" rel=\"nofollow\" href=\"http:\/\/economiasc.com.br\/colombo-anuncia-acoes-e-recursos-para-saude\/\">Colombo anuncia a\u00e7\u00f5es e recursos para sa\u00fade<\/a> appeared first on <a class=\"colorbox\" rel=\"nofollow\" href=\"http:\/\/economiasc.com.br\/\">Economia SC<\/a>.<\/p>\n<p>Via: <a href=\"http:\/\/economiasc.com.br\/colombo-anuncia-acoes-e-recursos-para-saude\/\" class=\"colorbox\" title=\"Colombo anuncia a\u00e7\u00f5es e recursos para sa\u00fade\">economiasc.com.br<\/a><\/p>\n","protected":false},"excerpt":{"rendered":"<p>O governador do Estado, Raimundo Colombo, e a secret\u00e1ria T\u00e2nia Eberhardt estar\u00e3o  em Joinville na nesta ter\u00e7a-feira, 1\u00b0 de julho, para anunciar v\u00e1rias a\u00e7\u00f5es e investimentos para a sa\u00fade da regi\u00e3o. O evento ser\u00e1 realizado \u00e0s 19h, no audit\u00f3rio do Hospital Infantil Dr. Jeser Amarante Faria. Colombo anunciar\u00e1 que Santa Catarina est\u00e1 apta a fazer transplante de medula \u00f3ssea em crian\u00e7as. O sistema ser\u00e1 implantado no hospital onde ser\u00e1 feito o an\u00fancio.<\/p>\n<p>O governador assinar\u00e1 tamb\u00e9m a ordem de servi\u00e7o no valor de R$ 13,9 milh\u00f5es das obras do Pacto pela Sa\u00fade para o Hospital Infantil de Joinville. Os recursos incluem a aquisi\u00e7\u00e3o de equipamentos e materiais hospitalares, al\u00e9m de obras que permitir\u00e3o a abertura de 27 leitos. Em seguida, Colombo assinar\u00e1 autoriza\u00e7\u00e3o para lan\u00e7amento do edital de licita\u00e7\u00e3o, no valor de R$ 10,1 milh\u00f5es para a reforma da Central de Material e Esteriliza\u00e7\u00e3o e do Centro Cir\u00fargico do Hospital Regional Hans Dieter Schimdt.<\/p>\n<p><span>Na sequ\u00eancia, o governador assinar\u00e1 uma autoriza\u00e7\u00e3o para celebra\u00e7\u00e3o de conv\u00eanio com o Hospital Bethesda, de Joinville, no valor de R$ 200 mil. Os recursos ser\u00e3o aplicados na aquisi\u00e7\u00e3o de materiais para o hospital.<\/span>Outros dois conv\u00eanios ser\u00e3o assinados com o Hospital Municipal S\u00e3o Jos\u00e9. O primeiro, no valor de R$ 2,9 milh\u00f5es, ser\u00e1 destinado \u00e0 \u00e1rea oncol\u00f3gica da institui\u00e7\u00e3o. O segundo conv\u00eanio \u00e9 de R$ 288,6 mil e ser\u00e1 destinado \u00e0 aquisi\u00e7\u00e3o de um Arco em C.<\/p>\n<p>Ainda em Joinville, o governo estadual vai firmar um conv\u00eanio com a prefeitura de Joinville, no valor de R$ 1,2 milh\u00e3o, para a compra de equipamentos, materiais e climatiza\u00e7\u00e3o de quatro novas unidades de sa\u00fade do munic\u00edpio \u2013 Policl\u00ednica Pirabeiraba e Unidades B\u00e1sica de Sa\u00fade da Fam\u00edlia Vila Nova 1, Aventureiro 3 e Rio da Prata.<\/p>\n<p>The post <a class=\"colorbox\" rel=\"nofollow\" href=\"http:\/\/economiasc.com.br\/colombo-anuncia-acoes-e-recursos-para-saude\/\">Colombo anuncia a\u00e7\u00f5es e recursos para sa\u00fade<\/a> appeared first on <a class=\"colorbox\" rel=\"nofollow\" href=\"http:\/\/economiasc.com.br\/\">Economia SC<\/a>.<\/p>\n","protected":false},"author":1,"featured_media":0,"comment_status":"open","ping_status":"open","sticky":false,"template":"","format":"standard","meta":{"footnotes":""},"categories":[5],"tags":[],"class_list":["post-2592","post","type-post","status-publish","format-standard","hentry","category-noticias","no-post-thumbnail"],"_links":{"self":[{"href":"https:\/\/www.cdlbc.com.br\/portal\/wp-json\/wp\/v2\/posts\/2592","targetHints":{"allow":["GET"]}}],"collection":[{"href":"https:\/\/www.cdlbc.com.br\/portal\/wp-json\/wp\/v2\/posts"}],"about":[{"href":"https:\/\/www.cdlbc.com.br\/portal\/wp-json\/wp\/v2\/types\/post"}],"author":[{"embeddable":true,"href":"https:\/\/www.cdlbc.com.br\/portal\/wp-json\/wp\/v2\/users\/1"}],"replies":[{"embeddable":true,"href":"https:\/\/www.cdlbc.com.br\/portal\/wp-json\/wp\/v2\/comments?post=2592"}],"version-history":[{"count":0,"href":"https:\/\/www.cdlbc.com.br\/portal\/wp-json\/wp\/v2\/posts\/2592\/revisions"}],"wp:attachment":[{"href":"https:\/\/www.cdlbc.com.br\/portal\/wp-json\/wp\/v2\/media?parent=2592"}],"wp:term":[{"taxonomy":"category","embeddable":true,"href":"https:\/\/www.cdlbc.com.br\/portal\/wp-json\/wp\/v2\/categories?post=2592"},{"taxonomy":"post_tag","embeddable":true,"href":"https:\/\/www.cdlbc.com.br\/portal\/wp-json\/wp\/v2\/tags?post=2592"}],"curies":[{"name":"wp","href":"https:\/\/api.w.org\/{rel}","templated":true}]}}