{"id":2589,"date":"2014-07-01T12:19:00","date_gmt":"2014-07-01T12:19:00","guid":{"rendered":"http:\/\/www.cdlbc.com.br\/portal\/noticias\/indice-de-confianca-de-servicos-recua-em-junho\/"},"modified":"2014-07-01T12:19:00","modified_gmt":"2014-07-01T12:19:00","slug":"indice-de-confianca-de-servicos-recua-em-junho","status":"publish","type":"post","link":"https:\/\/www.cdlbc.com.br\/portal\/noticias\/indice-de-confianca-de-servicos-recua-em-junho\/","title":{"rendered":"\u00cdndice de Confian\u00e7a de Servi\u00e7os recua em junho"},"content":{"rendered":"<div class=\"ftpimagefix\" style=\"float:left\"><img decoding=\"async\" width=\"250\" alt=\"Ap\u00f3s a quarta queda consecutiva, \u00edndice atingiu menor n\u00edvel desde abril de 2009. Foto: Divulga\u00e7\u00e3o\" src=\"http:\/\/economiasc.com.br\/wp-content\/uploads\/2014\/07\/queda-300x197.jpg\"><\/div>\n<p>Ap\u00f3s a quarta queda consecutiva, \u00edndice atingiu menor n\u00edvel desde abril de 2009. Foto: Divulga\u00e7\u00e3o<\/p>\n<p>O \u00cdndice de Confian\u00e7a de Servi\u00e7os (ICS) da Funda\u00e7\u00e3o Getulio Vargas recuou 0,7% entre maio e junho, considerando-se dados com ajuste sazonal. Ap\u00f3s a quarta queda consecutiva, o \u00edndice atingiu o menor n\u00edvel desde abril de 2009 (103,5 pontos).<\/p>\n<p>Houve suaviza\u00e7\u00e3o na intensidade da queda na compara\u00e7\u00e3o com as varia\u00e7\u00f5es de -3,1% em abril e -5,7% em maio. Apesar disso, o recuo de junho foi bastante disseminado: houve diminui\u00e7\u00e3o do ICSem oito das doze atividades pesquisadas.<\/p>\n<p>A piora do ICS de junho foi determinada pela redu\u00e7\u00e3o de 1,5% no \u00cdndice da Situa\u00e7\u00e3o Atual (ISA-S) \u2013 quarto recuo consecutivo \u2013 uma vez que pelo lado das expectativas observou-se uma virtual estabiliza\u00e7\u00e3o do \u00edndice (-0,2%).<\/p>\n<p>Entre os componentes do ISA-S, o indicador de Volume de Demanda Atual recuou 1,9% frente a maio, com o aumento da propor\u00e7\u00e3o de empresas que avaliam o volume atual como forte \u2013 de 10,8% para 12,3% do total \u2013 sendo insuficiente para compensar o aumento da parcela que o considera fraco, de 25,9% para 29,0%. O indicador Situa\u00e7\u00e3o Atual dos Neg\u00f3cios recuou 1,1%, com a propor\u00e7\u00e3o de empresas que avaliam a situa\u00e7\u00e3o dos neg\u00f3cios como boa passando de 22,2% para 24,0% e a de empresas que avaliam esse aspecto como ruim saindo de 21,0% para 23,9%.<\/p>\n<p>O resultado do IE-S entre maio e junho foi determinado pela redu\u00e7\u00e3o do indicador de Demanda Prevista (-1,3%), j\u00e1 que o indicador de Tend\u00eancia dos Neg\u00f3cios aumentou 0,8%. A propor\u00e7\u00e3o de empresas prevendo aumento da demanda caiu de 33,6% para 31,9% e houve certa estabilidade na parcela daquelas prevendo demanda menor, que passou de 14,0% para 13,8%. A propor\u00e7\u00e3o de empresas esperando melhora da situa\u00e7\u00e3o dos neg\u00f3cios avan\u00e7ou de 33,2% para 33,6% e das que esperam uma piora recuou de 11,8% para 11,2%.<\/p>\n<p>O resultado de junho mostra um quadro desfavor\u00e1vel para o setor no segundo trimestre, embora haja uma suaviza\u00e7\u00e3o na tend\u00eancia declinante do indicador em junho. Prevalece a percep\u00e7\u00e3o de um cen\u00e1rio de deteriora\u00e7\u00e3o no ritmo de neg\u00f3cios, embora a ligeira alta do Indicador de Tend\u00eancia dos Neg\u00f3cios nos seis meses seguintes tenha sido um sinal favor\u00e1vel depois de alguns meses de expectativas em queda. <strong>(FGV\/Ibre)<\/strong><\/p>\n<p>The post \u00cdndice de Confian\u00e7a de Servi\u00e7os recua em junho appeared first on Economia SC.<\/p>\n<p>Via: <a href=\"http:\/\/economiasc.com.br\/indice-de-confianca-de-servicos-recua-em-junho\/\" class=\"colorbox\" title=\"\u00cdndice de Confian\u00e7a de Servi\u00e7os recua em junho\">economiasc.com.br<\/a><\/p>\n","protected":false},"excerpt":{"rendered":"<div class=\"ftpimagefix\" style=\"float:left\"><img decoding=\"async\" width=\"250\" alt=\"Ap\u00f3s a quarta queda consecutiva, \u00edndice atingiu menor n\u00edvel desde abril de 2009. Foto: Divulga\u00e7\u00e3o\" src=\"http:\/\/economiasc.com.br\/wp-content\/uploads\/2014\/07\/queda-300x197.jpg\"><\/div>\n<p>Ap\u00f3s a quarta queda consecutiva, \u00edndice atingiu menor n\u00edvel desde abril de 2009. Foto: Divulga\u00e7\u00e3o<\/p>\n<p>O \u00cdndice de Confian\u00e7a de Servi\u00e7os (ICS) da Funda\u00e7\u00e3o Getulio Vargas recuou 0,7% entre maio e junho, considerando-se dados com ajuste sazonal. Ap\u00f3s a quarta queda consecutiva, o \u00edndice atingiu o menor n\u00edvel desde abril de 2009 (103,5 pontos).<\/p>\n<p>Houve suaviza\u00e7\u00e3o na intensidade da queda na compara\u00e7\u00e3o com as varia\u00e7\u00f5es de -3,1% em abril e -5,7% em maio. Apesar disso, o recuo de junho foi bastante disseminado: houve diminui\u00e7\u00e3o do ICSem oito das doze atividades pesquisadas.<\/p>\n<p>A piora do ICS de junho foi determinada pela redu\u00e7\u00e3o de 1,5% no \u00cdndice da Situa\u00e7\u00e3o Atual (ISA-S) \u2013 quarto recuo consecutivo \u2013 uma vez que pelo lado das expectativas observou-se uma virtual estabiliza\u00e7\u00e3o do \u00edndice (-0,2%).<\/p>\n<p>Entre os componentes do ISA-S, o indicador de Volume de Demanda Atual recuou 1,9% frente a maio, com o aumento da propor\u00e7\u00e3o de empresas que avaliam o volume atual como forte \u2013 de 10,8% para 12,3% do total \u2013 sendo insuficiente para compensar o aumento da parcela que o considera fraco, de 25,9% para 29,0%. O indicador Situa\u00e7\u00e3o Atual dos Neg\u00f3cios recuou 1,1%, com a propor\u00e7\u00e3o de empresas que avaliam a situa\u00e7\u00e3o dos neg\u00f3cios como boa passando de 22,2% para 24,0% e a de empresas que avaliam esse aspecto como ruim saindo de 21,0% para 23,9%.<\/p>\n<p>O resultado do IE-S entre maio e junho foi determinado pela redu\u00e7\u00e3o do indicador de Demanda Prevista (-1,3%), j\u00e1 que o indicador de Tend\u00eancia dos Neg\u00f3cios aumentou 0,8%. A propor\u00e7\u00e3o de empresas prevendo aumento da demanda caiu de 33,6% para 31,9% e houve certa estabilidade na parcela daquelas prevendo demanda menor, que passou de 14,0% para 13,8%. A propor\u00e7\u00e3o de empresas esperando melhora da situa\u00e7\u00e3o dos neg\u00f3cios avan\u00e7ou de 33,2% para 33,6% e das que esperam uma piora recuou de 11,8% para 11,2%.<\/p>\n<p>O resultado de junho mostra um quadro desfavor\u00e1vel para o setor no segundo trimestre, embora haja uma suaviza\u00e7\u00e3o na tend\u00eancia declinante do indicador em junho. Prevalece a percep\u00e7\u00e3o de um cen\u00e1rio de deteriora\u00e7\u00e3o no ritmo de neg\u00f3cios, embora a ligeira alta do Indicador de Tend\u00eancia dos Neg\u00f3cios nos seis meses seguintes tenha sido um sinal favor\u00e1vel depois de alguns meses de expectativas em queda. <strong>(FGV\/Ibre)<\/strong><\/p>\n<p>The post \u00cdndice de Confian\u00e7a de Servi\u00e7os recua em junho appeared first on Economia SC.<\/p>\n","protected":false},"author":1,"featured_media":0,"comment_status":"open","ping_status":"open","sticky":false,"template":"","format":"standard","meta":{"footnotes":""},"categories":[5],"tags":[],"class_list":["post-2589","post","type-post","status-publish","format-standard","hentry","category-noticias","no-post-thumbnail"],"_links":{"self":[{"href":"https:\/\/www.cdlbc.com.br\/portal\/wp-json\/wp\/v2\/posts\/2589","targetHints":{"allow":["GET"]}}],"collection":[{"href":"https:\/\/www.cdlbc.com.br\/portal\/wp-json\/wp\/v2\/posts"}],"about":[{"href":"https:\/\/www.cdlbc.com.br\/portal\/wp-json\/wp\/v2\/types\/post"}],"author":[{"embeddable":true,"href":"https:\/\/www.cdlbc.com.br\/portal\/wp-json\/wp\/v2\/users\/1"}],"replies":[{"embeddable":true,"href":"https:\/\/www.cdlbc.com.br\/portal\/wp-json\/wp\/v2\/comments?post=2589"}],"version-history":[{"count":0,"href":"https:\/\/www.cdlbc.com.br\/portal\/wp-json\/wp\/v2\/posts\/2589\/revisions"}],"wp:attachment":[{"href":"https:\/\/www.cdlbc.com.br\/portal\/wp-json\/wp\/v2\/media?parent=2589"}],"wp:term":[{"taxonomy":"category","embeddable":true,"href":"https:\/\/www.cdlbc.com.br\/portal\/wp-json\/wp\/v2\/categories?post=2589"},{"taxonomy":"post_tag","embeddable":true,"href":"https:\/\/www.cdlbc.com.br\/portal\/wp-json\/wp\/v2\/tags?post=2589"}],"curies":[{"name":"wp","href":"https:\/\/api.w.org\/{rel}","templated":true}]}}