{"id":2587,"date":"2014-07-01T12:15:00","date_gmt":"2014-07-01T12:15:00","guid":{"rendered":"http:\/\/www.cdlbc.com.br\/portal\/noticias\/copa-devera-aumentar-confianca-diz-mantega\/"},"modified":"2014-07-01T12:15:00","modified_gmt":"2014-07-01T12:15:00","slug":"copa-devera-aumentar-confianca-diz-mantega","status":"publish","type":"post","link":"https:\/\/www.cdlbc.com.br\/portal\/noticias\/copa-devera-aumentar-confianca-diz-mantega\/","title":{"rendered":"Copa dever\u00e1 aumentar confian\u00e7a, diz Mantega"},"content":{"rendered":"<div class=\"ftpimagefix\" style=\"float:left\"><img decoding=\"async\" width=\"250\" alt=\"mantega\" src=\"http:\/\/economiasc.com.br\/wp-content\/uploads\/2014\/07\/mantega.jpg\"><\/div>\n<p>Para ministro, a disposi\u00e7\u00e3o da popula\u00e7\u00e3o para comprar est\u00e1 melhorando. Foto: Divulga\u00e7\u00e3o<\/p>\n<\/p>\n<p>O ministro da Fazenda, Guido Mantega, disse nesta segunda-feira, dia 30, que o sucesso do Brasil na Copa do Mundo deve melhorar a confian\u00e7a do consumidor. \u201cOs analistas achavam que a Copa seria um fracasso e ela est\u00e1 se revelando um sucesso. A popula\u00e7\u00e3o est\u00e1 satisfeita, e isso pode mudar a confian\u00e7a\u201d, ressaltou ap\u00f3s anunciar a manuten\u00e7\u00e3o da desonera\u00e7\u00e3o do Imposto sobre Produtos Industrializados (IPI) para autom\u00f3veis.<\/p>\n<p>Na avalia\u00e7\u00e3o do ministro, j\u00e1 h\u00e1 ind\u00edcios de que a disposi\u00e7\u00e3o da popula\u00e7\u00e3o para comprar est\u00e1 melhorando, ap\u00f3s quedas consecutivas dos indicadores. \u201cNa quest\u00e3o da confian\u00e7a, n\u00f3s tivemos o primeiro \u00edndice positivo de confian\u00e7a do consumidor. Depois de alguns meses com queda na confian\u00e7a, vemos uma mudan\u00e7a\u201d, destacou.<\/p>\n<p>O \u00cdndice de Confian\u00e7a do Consumidor (ICC) subiu 1% de maio para junho deste ano, passando de 102,8 para 103,8 pontos. O resultado positivo no m\u00eas, por\u00e9m, \u00e9 insuficiente para alterar a tend\u00eancia de queda do indicador, iniciada em novembro do ano passado. Os dados foram divulgados na \u00faltima quinta-feira, dia 26, pelo Instituto Brasileiro de Economia (Ibre) da Funda\u00e7\u00e3o Getulio Vargas (FGV).<\/p>\n<p>Mantega tamb\u00e9m acredita que a infla\u00e7\u00e3o perder\u00e1 for\u00e7a nos pr\u00f3ximos meses. Como exemplo, o ministro citou a informa\u00e7\u00e3o de que os 35 itens mais consumidos em supermercados tiveram infla\u00e7\u00e3o de apenas 4,23% nos \u00faltimos 12 meses. \u201cIsso mostra que a infla\u00e7\u00e3o est\u00e1 caindo, e continuar\u00e1 caindo nos pr\u00f3ximos meses. Ent\u00e3o, essa queda reconstitui o poder aquisitivo da popula\u00e7\u00e3o\u201d, enfatizou.<\/p>\n<p>A partir desse cen\u00e1rio, o ministro prev\u00ea um crescimento mais forte do varejo na segunda metade do ano. \u201cEste ano, ap\u00f3s a Copa, com a infla\u00e7\u00e3o mais baixa e maior confian\u00e7a, n\u00f3s poderemos ter um comportamento semelhante ao do ano passado, ou uma expans\u00e3o um pouco maior do com\u00e9rcio no segundo semestre\u201d, avaliou. <strong>(Ag\u00eancia Brasil)<\/strong><\/p>\n<p>The post Copa dever\u00e1 aumentar confian\u00e7a, diz Mantega appeared first on Economia SC.<\/p>\n<p>Via: <a href=\"http:\/\/economiasc.com.br\/copa-devera-aumentar-confianca-diz-mantega\/\" class=\"colorbox\" title=\"Copa dever\u00e1 aumentar confian\u00e7a, diz Mantega\">economiasc.com.br<\/a><\/p>\n","protected":false},"excerpt":{"rendered":"<div class=\"ftpimagefix\" style=\"float:left\"><img decoding=\"async\" width=\"250\" alt=\"mantega\" src=\"http:\/\/economiasc.com.br\/wp-content\/uploads\/2014\/07\/mantega.jpg\"><\/div>\n<p>Para ministro, a disposi\u00e7\u00e3o da popula\u00e7\u00e3o para comprar est\u00e1 melhorando. Foto: Divulga\u00e7\u00e3o<\/p>\n<\/p>\n<p>O ministro da Fazenda, Guido Mantega, disse nesta segunda-feira, dia 30, que o sucesso do Brasil na Copa do Mundo deve melhorar a confian\u00e7a do consumidor. \u201cOs analistas achavam que a Copa seria um fracasso e ela est\u00e1 se revelando um sucesso. A popula\u00e7\u00e3o est\u00e1 satisfeita, e isso pode mudar a confian\u00e7a\u201d, ressaltou ap\u00f3s anunciar a manuten\u00e7\u00e3o da desonera\u00e7\u00e3o do Imposto sobre Produtos Industrializados (IPI) para autom\u00f3veis.<\/p>\n<p>Na avalia\u00e7\u00e3o do ministro, j\u00e1 h\u00e1 ind\u00edcios de que a disposi\u00e7\u00e3o da popula\u00e7\u00e3o para comprar est\u00e1 melhorando, ap\u00f3s quedas consecutivas dos indicadores. \u201cNa quest\u00e3o da confian\u00e7a, n\u00f3s tivemos o primeiro \u00edndice positivo de confian\u00e7a do consumidor. Depois de alguns meses com queda na confian\u00e7a, vemos uma mudan\u00e7a\u201d, destacou.<\/p>\n<p>O \u00cdndice de Confian\u00e7a do Consumidor (ICC) subiu 1% de maio para junho deste ano, passando de 102,8 para 103,8 pontos. O resultado positivo no m\u00eas, por\u00e9m, \u00e9 insuficiente para alterar a tend\u00eancia de queda do indicador, iniciada em novembro do ano passado. Os dados foram divulgados na \u00faltima quinta-feira, dia 26, pelo Instituto Brasileiro de Economia (Ibre) da Funda\u00e7\u00e3o Getulio Vargas (FGV).<\/p>\n<p>Mantega tamb\u00e9m acredita que a infla\u00e7\u00e3o perder\u00e1 for\u00e7a nos pr\u00f3ximos meses. Como exemplo, o ministro citou a informa\u00e7\u00e3o de que os 35 itens mais consumidos em supermercados tiveram infla\u00e7\u00e3o de apenas 4,23% nos \u00faltimos 12 meses. \u201cIsso mostra que a infla\u00e7\u00e3o est\u00e1 caindo, e continuar\u00e1 caindo nos pr\u00f3ximos meses. Ent\u00e3o, essa queda reconstitui o poder aquisitivo da popula\u00e7\u00e3o\u201d, enfatizou.<\/p>\n<p>A partir desse cen\u00e1rio, o ministro prev\u00ea um crescimento mais forte do varejo na segunda metade do ano. \u201cEste ano, ap\u00f3s a Copa, com a infla\u00e7\u00e3o mais baixa e maior confian\u00e7a, n\u00f3s poderemos ter um comportamento semelhante ao do ano passado, ou uma expans\u00e3o um pouco maior do com\u00e9rcio no segundo semestre\u201d, avaliou. <strong>(Ag\u00eancia Brasil)<\/strong><\/p>\n<p>The post Copa dever\u00e1 aumentar confian\u00e7a, diz Mantega appeared first on Economia SC.<\/p>\n","protected":false},"author":1,"featured_media":0,"comment_status":"open","ping_status":"open","sticky":false,"template":"","format":"standard","meta":{"footnotes":""},"categories":[5],"tags":[],"class_list":["post-2587","post","type-post","status-publish","format-standard","hentry","category-noticias","no-post-thumbnail"],"_links":{"self":[{"href":"https:\/\/www.cdlbc.com.br\/portal\/wp-json\/wp\/v2\/posts\/2587","targetHints":{"allow":["GET"]}}],"collection":[{"href":"https:\/\/www.cdlbc.com.br\/portal\/wp-json\/wp\/v2\/posts"}],"about":[{"href":"https:\/\/www.cdlbc.com.br\/portal\/wp-json\/wp\/v2\/types\/post"}],"author":[{"embeddable":true,"href":"https:\/\/www.cdlbc.com.br\/portal\/wp-json\/wp\/v2\/users\/1"}],"replies":[{"embeddable":true,"href":"https:\/\/www.cdlbc.com.br\/portal\/wp-json\/wp\/v2\/comments?post=2587"}],"version-history":[{"count":0,"href":"https:\/\/www.cdlbc.com.br\/portal\/wp-json\/wp\/v2\/posts\/2587\/revisions"}],"wp:attachment":[{"href":"https:\/\/www.cdlbc.com.br\/portal\/wp-json\/wp\/v2\/media?parent=2587"}],"wp:term":[{"taxonomy":"category","embeddable":true,"href":"https:\/\/www.cdlbc.com.br\/portal\/wp-json\/wp\/v2\/categories?post=2587"},{"taxonomy":"post_tag","embeddable":true,"href":"https:\/\/www.cdlbc.com.br\/portal\/wp-json\/wp\/v2\/tags?post=2587"}],"curies":[{"name":"wp","href":"https:\/\/api.w.org\/{rel}","templated":true}]}}