{"id":2575,"date":"2014-06-30T12:43:00","date_gmt":"2014-06-30T12:43:00","guid":{"rendered":"http:\/\/www.cdlbc.com.br\/portal\/noticias\/reuniao-itinerante-da-facisc-debate-infraestrutura\/"},"modified":"2014-06-30T12:43:00","modified_gmt":"2014-06-30T12:43:00","slug":"reuniao-itinerante-da-facisc-debate-infraestrutura","status":"publish","type":"post","link":"https:\/\/www.cdlbc.com.br\/portal\/noticias\/reuniao-itinerante-da-facisc-debate-infraestrutura\/","title":{"rendered":"Reuni\u00e3o itinerante da Facisc debate infraestrutura"},"content":{"rendered":"<p><span>Dirigentes da Federa\u00e7\u00e3o das Associa\u00e7\u00f5es Empresariais de Santa Catarina (Facisc), representantes de outras entidades e empres\u00e1rios reuniram-se na \u00faltima sexta-feira, dia 27, em Rio do Sul, no Painel sobre a Infraestrutura Catarinense.<\/span><\/p>\n<p>No evento, que integrou a reuni\u00e3o de diretoria da entidade, cerca de 60 participantes discutiram e expuseram as preocupa\u00e7\u00f5es e necessidades de um dos maiores gargalos do setor produtivo catarinense: a falta de infraestrutura.<\/p>\n<p>Foram convidados para o painel o superintendente regional do Departamento Nacional de Infraestrutura de Transportes (DNIT) no Estado de Santa Catarina, Vissilar Pretto, o secret\u00e1rio de Estado da Infraestrutura, Jo\u00e3o Carlos Ecker, e o superintendente da CASAN para Regi\u00e3o Norte\/Alto Vale, C\u00e9sar Cunha.<\/p>\n<p>A aus\u00eancia dos representantes do DNIT e do Governo do Estado frustrou os participantes, que esperavam ouvir respostas e conhecer os projetos previstos para o desenvolvimento de Santa Catarina, principalmente na \u00e1rea de infraestrutura rodovi\u00e1ria, tanto federal como estadual. \u201cFoi uma falta de respeito para com a classe empresarial, que anseia por resultados efetivos\u201d, comentou Ciro Jos\u00e9 Cerutti, presidente da Associa\u00e7\u00e3o Empresarial de Rio do Sul (ACIRS), entidade anfitri\u00e3 do encontro.<\/p>\n<p>\u00danico convidado presente, na ocasi\u00e3o, o superintendente da Casan apresentou um panorama sobre o abastecimento de \u00e1gua e os investimentos sanit\u00e1rios na regi\u00e3o. \u201cTivemos no passado per\u00edodos de poucos investimentos, mas hoje a realidade \u00e9 outra. Temos investimentos que j\u00e1 come\u00e7am a dar respostas para a popula\u00e7\u00e3o. Temos um montante de R$ 1,5 bilh\u00e3o para investimento em 27 cidades do estado.\u201d, pontuou o representante.<\/p>\n<p>Na oportunidade foi sugerido pela 2\u00aa vice-presidente da FACISC, Christiane Hufenussler, que a Central de Abastecimento fa\u00e7a uma campanha de conscientiza\u00e7\u00e3o do uso da \u00e1gua. \u201cA\u00e7\u00f5es como esta certamente encontrariam eco em nossas associa\u00e7\u00f5es em todo o estado\u201d, destacou Christiane.<\/p>\n<p>O presidente da Facisc, Ernesto Reck, ressaltou a import\u00e2ncia da infraestrutura para o desenvolvimento socioecon\u00f4mico. \u201cCabe \u00e0 iniciativa p\u00fablica e \u00e0 privada pensarem juntas para encontrar as melhores solu\u00e7\u00f5es para os problemas que enfrentamos. Temos que nos unir para garantir que Santa Catarina cres\u00e7a ainda mais no cen\u00e1rio econ\u00f4mico\u201d, exp\u00f4s Reck.<\/p>\n<p>Al\u00e9m dos empres\u00e1rios, o evento tamb\u00e9m contou com a presen\u00e7a do presidente da Federa\u00e7\u00e3o Catarinense de Munic\u00edpios (FECAM), Hugo Lembeck, que elogiou a iniciativa da Facisc em trazer o tema infraestrutura para debate e solicitou o apoio dos empres\u00e1rios nas discuss\u00f5es relacionadas ao Pacto Federativo. \u201cTemos que nos unir e cada vez mais estreitar as parcerias para lutar pelas necessidades dos nossos munic\u00edpios\u201d, declarou o dirigente.<\/p>\n<p>The post <a class=\"colorbox\" rel=\"nofollow\" href=\"http:\/\/economiasc.com.br\/reuniao-itinerante-da-facisc-debate-infraestrutura\/\">Reuni\u00e3o itinerante da Facisc debate infraestrutura<\/a> appeared first on <a class=\"colorbox\" rel=\"nofollow\" href=\"http:\/\/economiasc.com.br\/\">Economia SC<\/a>.<\/p>\n<p>Via: <a href=\"http:\/\/economiasc.com.br\/reuniao-itinerante-da-facisc-debate-infraestrutura\/\" class=\"colorbox\" title=\"Reuni\u00e3o itinerante da Facisc debate infraestrutura\">economiasc.com.br<\/a><\/p>\n","protected":false},"excerpt":{"rendered":"<p><span>Dirigentes da Federa\u00e7\u00e3o das Associa\u00e7\u00f5es Empresariais de Santa Catarina (Facisc), representantes de outras entidades e empres\u00e1rios reuniram-se na \u00faltima sexta-feira, dia 27, em Rio do Sul, no Painel sobre a Infraestrutura Catarinense.<\/span><\/p>\n<p>No evento, que integrou a reuni\u00e3o de diretoria da entidade, cerca de 60 participantes discutiram e expuseram as preocupa\u00e7\u00f5es e necessidades de um dos maiores gargalos do setor produtivo catarinense: a falta de infraestrutura.<\/p>\n<p>Foram convidados para o painel o superintendente regional do Departamento Nacional de Infraestrutura de Transportes (DNIT) no Estado de Santa Catarina, Vissilar Pretto, o secret\u00e1rio de Estado da Infraestrutura, Jo\u00e3o Carlos Ecker, e o superintendente da CASAN para Regi\u00e3o Norte\/Alto Vale, C\u00e9sar Cunha.<\/p>\n<p>A aus\u00eancia dos representantes do DNIT e do Governo do Estado frustrou os participantes, que esperavam ouvir respostas e conhecer os projetos previstos para o desenvolvimento de Santa Catarina, principalmente na \u00e1rea de infraestrutura rodovi\u00e1ria, tanto federal como estadual. \u201cFoi uma falta de respeito para com a classe empresarial, que anseia por resultados efetivos\u201d, comentou Ciro Jos\u00e9 Cerutti, presidente da Associa\u00e7\u00e3o Empresarial de Rio do Sul (ACIRS), entidade anfitri\u00e3 do encontro.<\/p>\n<p>\u00danico convidado presente, na ocasi\u00e3o, o superintendente da Casan apresentou um panorama sobre o abastecimento de \u00e1gua e os investimentos sanit\u00e1rios na regi\u00e3o. \u201cTivemos no passado per\u00edodos de poucos investimentos, mas hoje a realidade \u00e9 outra. Temos investimentos que j\u00e1 come\u00e7am a dar respostas para a popula\u00e7\u00e3o. Temos um montante de R$ 1,5 bilh\u00e3o para investimento em 27 cidades do estado.\u201d, pontuou o representante.<\/p>\n<p>Na oportunidade foi sugerido pela 2\u00aa vice-presidente da FACISC, Christiane Hufenussler, que a Central de Abastecimento fa\u00e7a uma campanha de conscientiza\u00e7\u00e3o do uso da \u00e1gua. \u201cA\u00e7\u00f5es como esta certamente encontrariam eco em nossas associa\u00e7\u00f5es em todo o estado\u201d, destacou Christiane.<\/p>\n<p>O presidente da Facisc, Ernesto Reck, ressaltou a import\u00e2ncia da infraestrutura para o desenvolvimento socioecon\u00f4mico. \u201cCabe \u00e0 iniciativa p\u00fablica e \u00e0 privada pensarem juntas para encontrar as melhores solu\u00e7\u00f5es para os problemas que enfrentamos. Temos que nos unir para garantir que Santa Catarina cres\u00e7a ainda mais no cen\u00e1rio econ\u00f4mico\u201d, exp\u00f4s Reck.<\/p>\n<p>Al\u00e9m dos empres\u00e1rios, o evento tamb\u00e9m contou com a presen\u00e7a do presidente da Federa\u00e7\u00e3o Catarinense de Munic\u00edpios (FECAM), Hugo Lembeck, que elogiou a iniciativa da Facisc em trazer o tema infraestrutura para debate e solicitou o apoio dos empres\u00e1rios nas discuss\u00f5es relacionadas ao Pacto Federativo. \u201cTemos que nos unir e cada vez mais estreitar as parcerias para lutar pelas necessidades dos nossos munic\u00edpios\u201d, declarou o dirigente.<\/p>\n<p>The post <a class=\"colorbox\" rel=\"nofollow\" href=\"http:\/\/economiasc.com.br\/reuniao-itinerante-da-facisc-debate-infraestrutura\/\">Reuni\u00e3o itinerante da Facisc debate infraestrutura<\/a> appeared first on <a class=\"colorbox\" rel=\"nofollow\" href=\"http:\/\/economiasc.com.br\/\">Economia SC<\/a>.<\/p>\n","protected":false},"author":1,"featured_media":0,"comment_status":"open","ping_status":"open","sticky":false,"template":"","format":"standard","meta":{"footnotes":""},"categories":[5],"tags":[],"class_list":["post-2575","post","type-post","status-publish","format-standard","hentry","category-noticias","no-post-thumbnail"],"_links":{"self":[{"href":"https:\/\/www.cdlbc.com.br\/portal\/wp-json\/wp\/v2\/posts\/2575","targetHints":{"allow":["GET"]}}],"collection":[{"href":"https:\/\/www.cdlbc.com.br\/portal\/wp-json\/wp\/v2\/posts"}],"about":[{"href":"https:\/\/www.cdlbc.com.br\/portal\/wp-json\/wp\/v2\/types\/post"}],"author":[{"embeddable":true,"href":"https:\/\/www.cdlbc.com.br\/portal\/wp-json\/wp\/v2\/users\/1"}],"replies":[{"embeddable":true,"href":"https:\/\/www.cdlbc.com.br\/portal\/wp-json\/wp\/v2\/comments?post=2575"}],"version-history":[{"count":0,"href":"https:\/\/www.cdlbc.com.br\/portal\/wp-json\/wp\/v2\/posts\/2575\/revisions"}],"wp:attachment":[{"href":"https:\/\/www.cdlbc.com.br\/portal\/wp-json\/wp\/v2\/media?parent=2575"}],"wp:term":[{"taxonomy":"category","embeddable":true,"href":"https:\/\/www.cdlbc.com.br\/portal\/wp-json\/wp\/v2\/categories?post=2575"},{"taxonomy":"post_tag","embeddable":true,"href":"https:\/\/www.cdlbc.com.br\/portal\/wp-json\/wp\/v2\/tags?post=2575"}],"curies":[{"name":"wp","href":"https:\/\/api.w.org\/{rel}","templated":true}]}}