{"id":2569,"date":"2014-06-30T11:48:00","date_gmt":"2014-06-30T11:48:00","guid":{"rendered":"http:\/\/www.cdlbc.com.br\/portal\/noticias\/acic-comemora-70-anos-neste-segunda\/"},"modified":"2014-06-30T11:48:00","modified_gmt":"2014-06-30T11:48:00","slug":"acic-comemora-70-anos-neste-segunda","status":"publish","type":"post","link":"https:\/\/www.cdlbc.com.br\/portal\/noticias\/acic-comemora-70-anos-neste-segunda\/","title":{"rendered":"Acic comemora 70 anos neste segunda"},"content":{"rendered":"<div class=\"ftpimagefix\" style=\"float:left\"><img decoding=\"async\" width=\"250\" alt=\"Associa\u00e7\u00e3o Empresarial de Crici\u00fama (Acic) conta com 1,2 mil associados. Foto: Cibele C\u00f3rdova\" src=\"http:\/\/economiasc.com.br\/wp-content\/uploads\/2014\/06\/Frente-ACIC-Foto-Cibele-C%C3%B3rdova1-300x199.jpg\"><\/div>\n<p>Associa\u00e7\u00e3o Empresarial de Crici\u00fama (Acic) conta com 1,2 mil associados. Foto: Cibele C\u00f3rdova<\/p>\n<p>A Associa\u00e7\u00e3o Empresarial de Crici\u00fama (Acic) celebra nesta segunda-feira, dia 30, os 70 anos da entidade, comemorados em 18 de junho. Atualmente a Acic conta com 1,2 mil associados divididos entre os setores da ind\u00fastria, do com\u00e9rcio e de servi\u00e7os e tem como miss\u00e3o promover o desenvolvimento econ\u00f4mico, pol\u00edtico, social e cultural da regi\u00e3o Sul.<\/p>\n<p>\u201cAos 70 anos, a entidade revela-se uma institui\u00e7\u00e3o forte, independente, que em parceria com as outras entidades procura buscar o bem-estar econ\u00f4mico, social e ambiental n\u00e3o s\u00f3 de Crici\u00fama, mas da regi\u00e3o\u201d, afirma o presidente da Acic, C\u00e9sar Smielevski.<\/p>\n<p>Seja para seus associados ou para a comunidade em geral, a Acic disponibiliza uma estrutura modelo no Estado, incluindo a sua sede com mais de 10 mil metros quadrados, com amplos espa\u00e7os para eventos, reuni\u00f5es e treinamentos. Em 2013 a entidade inaugurou o novo audit\u00f3rio, denominado de Jayme Ant\u00f4nio Zanatta, onde pode receber at\u00e9 540 pessoas, num espa\u00e7o modular e dotado de alta tecnologia em sistemas \u00e1udio visuais. Tamb\u00e9m no centro empresarial a Acic abriga entidades parceiras, como a Junta Comercial de Santa Catarina, sindicatos patronais, conselhos de classe e n\u00facleos do projeto Empreender. Como servi\u00e7os disponibilizados pela entidade tamb\u00e9m est\u00e3o escrit\u00f3rio de certifica\u00e7\u00e3o digital, restaurante, salas para treinamento e consultorias e agora o Observat\u00f3rio Social de Crici\u00fama.<\/p>\n<p>Entre as proje\u00e7\u00f5es para o futuro, a Acic programa ainda para este ano a conclus\u00e3o de um novo bloco, onde ser\u00e3o disponibilizados espa\u00e7os para novas entidades parceiras, como Badesc e Sicredi, bem como novas salas para eventos e treinamentos. O bloco com 2.164 m\u00b2 conclui a duplica\u00e7\u00e3o do centro empresarial, inaugurado em 2009.<\/p>\n<p>Al\u00e9m disso, tamb\u00e9m ser\u00e1 programado o lan\u00e7amento do Memorial da Acic, um acervo hist\u00f3rico, com fotos e documentos e que est\u00e1 sendo elaborado em parceria com o curso de Hist\u00f3ria da Unesc.<\/p>\n<p>O evento de comemora\u00e7\u00e3o desta segunda ter\u00e1 in\u00edcio \u00e0s 17h, na sede da Acic localizada na Rua Ernesto Bianchini G\u00f3es, 91, Pr\u00f3spera, Crici\u00fama.<\/p>\n<\/p>\n<p>The post Acic comemora 70 anos neste segunda appeared first on Economia SC.<\/p>\n<p>Via: <a href=\"http:\/\/economiasc.com.br\/acic-comemora-70-anos-neste-segunda\/\" class=\"colorbox\" title=\"Acic comemora 70 anos neste segunda\">economiasc.com.br<\/a><\/p>\n","protected":false},"excerpt":{"rendered":"<div class=\"ftpimagefix\" style=\"float:left\"><img decoding=\"async\" width=\"250\" alt=\"Associa\u00e7\u00e3o Empresarial de Crici\u00fama (Acic) conta com 1,2 mil associados. Foto: Cibele C\u00f3rdova\" src=\"http:\/\/economiasc.com.br\/wp-content\/uploads\/2014\/06\/Frente-ACIC-Foto-Cibele-C%C3%B3rdova1-300x199.jpg\"><\/div>\n<p>Associa\u00e7\u00e3o Empresarial de Crici\u00fama (Acic) conta com 1,2 mil associados. Foto: Cibele C\u00f3rdova<\/p>\n<p>A Associa\u00e7\u00e3o Empresarial de Crici\u00fama (Acic) celebra nesta segunda-feira, dia 30, os 70 anos da entidade, comemorados em 18 de junho. Atualmente a Acic conta com 1,2 mil associados divididos entre os setores da ind\u00fastria, do com\u00e9rcio e de servi\u00e7os e tem como miss\u00e3o promover o desenvolvimento econ\u00f4mico, pol\u00edtico, social e cultural da regi\u00e3o Sul.<\/p>\n<p>\u201cAos 70 anos, a entidade revela-se uma institui\u00e7\u00e3o forte, independente, que em parceria com as outras entidades procura buscar o bem-estar econ\u00f4mico, social e ambiental n\u00e3o s\u00f3 de Crici\u00fama, mas da regi\u00e3o\u201d, afirma o presidente da Acic, C\u00e9sar Smielevski.<\/p>\n<p>Seja para seus associados ou para a comunidade em geral, a Acic disponibiliza uma estrutura modelo no Estado, incluindo a sua sede com mais de 10 mil metros quadrados, com amplos espa\u00e7os para eventos, reuni\u00f5es e treinamentos. Em 2013 a entidade inaugurou o novo audit\u00f3rio, denominado de Jayme Ant\u00f4nio Zanatta, onde pode receber at\u00e9 540 pessoas, num espa\u00e7o modular e dotado de alta tecnologia em sistemas \u00e1udio visuais. Tamb\u00e9m no centro empresarial a Acic abriga entidades parceiras, como a Junta Comercial de Santa Catarina, sindicatos patronais, conselhos de classe e n\u00facleos do projeto Empreender. Como servi\u00e7os disponibilizados pela entidade tamb\u00e9m est\u00e3o escrit\u00f3rio de certifica\u00e7\u00e3o digital, restaurante, salas para treinamento e consultorias e agora o Observat\u00f3rio Social de Crici\u00fama.<\/p>\n<p>Entre as proje\u00e7\u00f5es para o futuro, a Acic programa ainda para este ano a conclus\u00e3o de um novo bloco, onde ser\u00e3o disponibilizados espa\u00e7os para novas entidades parceiras, como Badesc e Sicredi, bem como novas salas para eventos e treinamentos. O bloco com 2.164 m\u00b2 conclui a duplica\u00e7\u00e3o do centro empresarial, inaugurado em 2009.<\/p>\n<p>Al\u00e9m disso, tamb\u00e9m ser\u00e1 programado o lan\u00e7amento do Memorial da Acic, um acervo hist\u00f3rico, com fotos e documentos e que est\u00e1 sendo elaborado em parceria com o curso de Hist\u00f3ria da Unesc.<\/p>\n<p>O evento de comemora\u00e7\u00e3o desta segunda ter\u00e1 in\u00edcio \u00e0s 17h, na sede da Acic localizada na Rua Ernesto Bianchini G\u00f3es, 91, Pr\u00f3spera, Crici\u00fama.<\/p>\n<\/p>\n<p>The post Acic comemora 70 anos neste segunda appeared first on Economia SC.<\/p>\n","protected":false},"author":1,"featured_media":0,"comment_status":"open","ping_status":"open","sticky":false,"template":"","format":"standard","meta":{"footnotes":""},"categories":[5],"tags":[],"class_list":["post-2569","post","type-post","status-publish","format-standard","hentry","category-noticias","no-post-thumbnail"],"_links":{"self":[{"href":"https:\/\/www.cdlbc.com.br\/portal\/wp-json\/wp\/v2\/posts\/2569","targetHints":{"allow":["GET"]}}],"collection":[{"href":"https:\/\/www.cdlbc.com.br\/portal\/wp-json\/wp\/v2\/posts"}],"about":[{"href":"https:\/\/www.cdlbc.com.br\/portal\/wp-json\/wp\/v2\/types\/post"}],"author":[{"embeddable":true,"href":"https:\/\/www.cdlbc.com.br\/portal\/wp-json\/wp\/v2\/users\/1"}],"replies":[{"embeddable":true,"href":"https:\/\/www.cdlbc.com.br\/portal\/wp-json\/wp\/v2\/comments?post=2569"}],"version-history":[{"count":0,"href":"https:\/\/www.cdlbc.com.br\/portal\/wp-json\/wp\/v2\/posts\/2569\/revisions"}],"wp:attachment":[{"href":"https:\/\/www.cdlbc.com.br\/portal\/wp-json\/wp\/v2\/media?parent=2569"}],"wp:term":[{"taxonomy":"category","embeddable":true,"href":"https:\/\/www.cdlbc.com.br\/portal\/wp-json\/wp\/v2\/categories?post=2569"},{"taxonomy":"post_tag","embeddable":true,"href":"https:\/\/www.cdlbc.com.br\/portal\/wp-json\/wp\/v2\/tags?post=2569"}],"curies":[{"name":"wp","href":"https:\/\/api.w.org\/{rel}","templated":true}]}}