{"id":2566,"date":"2014-06-27T21:04:00","date_gmt":"2014-06-27T21:04:00","guid":{"rendered":"http:\/\/www.cdlbc.com.br\/portal\/noticias\/glauco-corte-e-reeleito-para-novo-mandato-na-fiesc\/"},"modified":"2014-06-27T21:04:00","modified_gmt":"2014-06-27T21:04:00","slug":"glauco-corte-e-reeleito-para-novo-mandato-na-fiesc","status":"publish","type":"post","link":"https:\/\/www.cdlbc.com.br\/portal\/noticias\/glauco-corte-e-reeleito-para-novo-mandato-na-fiesc\/","title":{"rendered":"Glauco C\u00f4rte \u00e9 reeleito para novo mandato na Fiesc"},"content":{"rendered":"<div class=\"ftpimagefix\" style=\"float:left\"><img decoding=\"async\" width=\"250\" alt=\"Presidente da Fiesc, Glauco Jos\u00e9 C\u00f4rte, e 1\u00ba vice-presidente, Mario Cezar de Aguiar, foram reeleitos. Foto: Fernando Willadino\/ Divulga\u00e7\u00e3o\" src=\"http:\/\/economiasc.com.br\/wp-content\/uploads\/2014\/06\/eleiucuies-300x214.jpg\"><\/div>\n<p>Presidente da Fiesc, Glauco Jos\u00e9 C\u00f4rte, e 1\u00ba vice-presidente, Mario Cezar de Aguiar, foram reeleitos. Foto: Fernando Willadino\/ Divulga\u00e7\u00e3o<\/p>\n<p>\u00c0 frente de chapa consenso, o industrial Glauco Jos\u00e9 C\u00f4rte foi reeleito presidente da Fiesc (Federa\u00e7\u00e3o das Ind\u00fastrias de Santa Catarina) nesta sexta-feira, dia 27. O pleito contou com a participa\u00e7\u00e3o de 119 representantes de sindicatos industriais, que aprovaram o grupo de lideran\u00e7as que ir\u00e1 conduzir a Federa\u00e7\u00e3o pelos pr\u00f3ximos tr\u00eas anos. A solenidade de posse est\u00e1 marcada para o dia 22 de agosto.<\/p>\n<p>Para C\u00f4rte, o resultado \u00e9 um est\u00edmulo para prosseguir o trabalho em curso \u00e0 frente das entidades que comp\u00f5em a FIESC em prol da competitividade. \u201cA expressiva participa\u00e7\u00e3o dos sindicatos na elei\u00e7\u00e3o confirma a unidade do setor e configura um reconhecimento que nos orgulha e, ao mesmo tempo, nos imputa uma grande responsabilidade, que divido com meu 1\u00ba vice-presidente Mario Aguiar e demais companheiros de diretoria\u201d, disse C\u00f4rte. \u201cA ind\u00fastria tem grandes desafios pela frente e o papel da FIESC na defesa da competitividade ganha relev\u00e2ncia cada vez maior\u201d, acrescentou.<\/p>\n<p>Al\u00e9m de destacar a continuidade dos esfor\u00e7os das entidades da Federa\u00e7\u00e3o pela busca de um ambiente institucional mais favor\u00e1vel \u00e0 produ\u00e7\u00e3o, e em prol da educa\u00e7\u00e3o, da qualidade de vida dos trabalhadores e da tecnologia e inova\u00e7\u00e3o, C\u00f4rte antecipa como meta para o segundo mandato a consolida\u00e7\u00e3o da descentraliza\u00e7\u00e3o da gest\u00e3o. Nesse sentido, uma das novidades na estrutura da FIESC foi a cria\u00e7\u00e3o de sua 16\u00aa vice-presid\u00eancia regional, no Vale do Rio Itaja\u00ed Mirim, com sede em Brusque. Para o cargo foi eleito o industrial Ingo Fischer.<\/p>\n<p>Al\u00e9m de C\u00f4rte e Aguiar, integrar\u00e3o a mesa diretora da Fiesc os industriais Edvaldo \u00c2ngelo, Cid Erwin Lang, Alfredo Piotrovski e Egon Werner. Confira abaixo a nominata completa das diretorias da Fiesc e do Centro das Ind\u00fastrias (Ciesc).<\/p>\n<p><strong>Diretoria da FIESC \u2013 Gest\u00e3o: 2014 a 2017<\/strong><\/p>\n<p><strong>Presidente: Glauco Jos\u00e9 C\u00f4rte<\/strong><br \/>1\u00ba. Vice-Presidente: Mario Cezar de Aguiar<br \/>Diretor 1\u00ba Secret\u00e1rio: Edvaldo \u00c2ngelo<br \/>Diretor 2\u00ba Secret\u00e1rio: Cid Erwin Lang<br \/>Diretor 1\u00ba Tesoureiro: Alfredo Piotrovski<br \/>Diretor 2\u00ba Tesoureiro: Egon Werner<\/p>\n<p><strong>Vice-Presidentes Para Assuntos Regionais<\/strong><br \/>Alto Uruguai \u2013 \u00c1lvaro Luis de Mendon\u00e7a<br \/>Alto Vale do Itaja\u00ed \u2013 Lino Rohden<br \/>Centro-Norte \u2013 Gilberto Seleme<br \/>Centro-Oeste \u2013 M\u00e1rcio Luis Dalla Lana<br \/>Extremo Oeste \u2013 Astor Kist<br \/>Foz do Rio Itaja\u00ed \u2013 Maur\u00edcio Cesar Pereira<br \/>Litoral Sul \u2013 Michel Miguel<br \/>Norte-Nordeste \u2013 Evair Oenning<br \/>Oeste \u2013 Waldemar Ant\u00f4nio Schmitz<br \/>Planalto Norte \u2013 Arnaldo Huebl<br \/>Serra Catarinense \u2013 Israel Marcon<br \/>Sudeste \u2013 Tito Alfredo Schmitt<br \/>Sul \u2013 Diom\u00edcio Vidal<br \/>Vale do Itaja\u00ed \u2013 Ronaldo Baumgarten Junior<br \/>Vale do Itapocu \u2013 C\u00e9lio Bayer<br \/>Vale do Itaja\u00ed Mirim \u2013 Ingo Fischer<br \/>Vice-Presidentes Para Assuntos Estrat\u00e9gicos<br \/>Jorge Luiz Strehl<br \/>M\u00e1rio Lanznaster<br \/>Ney Osvaldo Silva Filho<br \/>Ruy Altenburg<\/p>\n<p><strong>Diretores<\/strong><br \/>Adalberto Roeder<br \/>Albano Schmidt<br \/>Aldo Apolin\u00e1rio Jo\u00e3o<br \/>Alexandre D\u00b4\u00c1vila da Cunha<br \/>Andr\u00e9 Odebrecht<br \/>B\u00e1rbara Paludo<br \/>Carlos J\u00falio Haacke J\u00fanior<br \/>C\u00e9sar Murilo Barbi<br \/>Charles Alfredo Bretzke<br \/>Charles Jos\u00e9 Postali<br \/>Conrado Coelho Costa Filho<br \/>Giordan Heidrich<br \/>Henrique de Bastos Malta<br \/>Ida \u00c1urea da Costa<br \/>Jos\u00e9 Sylvio Ghisi<br \/>Olvacir Jos\u00e9 Bez Fontana<br \/>Osni Carlos Verona<br \/>Os\u00f3rio Dal Bello<br \/>Otmar Josef M\u00fcller<br \/>Pedro Leal da Silva Neto<br \/>Roberto Marcondes de Mattos<br \/>Rog\u00e9rio Pedro Mendes<br \/>Vianei Amilcare Zapellini<br \/>Volmir Ant\u00f4nio Meoti<br \/>Walgenor Teixeira<br \/>Wanderley Zunino<\/p>\n<p><strong>Conselho Fiscal<\/strong><\/p>\n<p><strong>Efetivos<\/strong><br \/>Celso Panceri<br \/>Fred Rubens Karsten<br \/>Leonir Jo\u00e3o Pinheiro<\/p>\n<p><strong>Suplentes<\/strong><br \/>Amauri Eduardo Kollross<br \/>Fl\u00e1vio Henrique Fett<br \/>Rita C\u00e1ssia Conti<\/p>\n<\/p>\n<p>The post Glauco C\u00f4rte \u00e9 reeleito para novo mandato na Fiesc appeared first on Economia SC.<\/p>\n<p>Via: <a href=\"http:\/\/economiasc.com.br\/glauco-corte-e-reeleito-para-novo-mandato-na-fiesc\/\" class=\"colorbox\" title=\"Glauco C\u00f4rte \u00e9 reeleito para novo mandato na Fiesc\">economiasc.com.br<\/a><\/p>\n","protected":false},"excerpt":{"rendered":"<div class=\"ftpimagefix\" style=\"float:left\"><img decoding=\"async\" width=\"250\" alt=\"Presidente da Fiesc, Glauco Jos\u00e9 C\u00f4rte, e 1\u00ba vice-presidente, Mario Cezar de Aguiar, foram reeleitos. Foto: Fernando Willadino\/ Divulga\u00e7\u00e3o\" src=\"http:\/\/economiasc.com.br\/wp-content\/uploads\/2014\/06\/eleiucuies-300x214.jpg\"><\/div>\n<\/p>\n<p>Presidente da Fiesc, Glauco Jos\u00e9 C\u00f4rte, e 1\u00ba vice-presidente, Mario Cezar de Aguiar, foram reeleitos. Foto: Fernando Willadino\/ Divulga\u00e7\u00e3o<\/p>\n<p>\u00c0 frente de chapa consenso, o industrial Glauco Jos\u00e9 C\u00f4rte foi reeleito presidente da Fiesc (Federa\u00e7\u00e3o das Ind\u00fastrias de Santa Catarina) nesta sexta-feira, dia 27. O pleito contou com a participa\u00e7\u00e3o de 119 representantes de sindicatos industriais, que aprovaram o grupo de lideran\u00e7as que ir\u00e1 conduzir a Federa\u00e7\u00e3o pelos pr\u00f3ximos tr\u00eas anos. A solenidade de posse est\u00e1 marcada para o dia 22 de agosto.<\/p>\n<p>Para C\u00f4rte, o resultado \u00e9 um est\u00edmulo para prosseguir o trabalho em curso \u00e0 frente das entidades que comp\u00f5em a FIESC em prol da competitividade. \u201cA expressiva participa\u00e7\u00e3o dos sindicatos na elei\u00e7\u00e3o confirma a unidade do setor e configura um reconhecimento que nos orgulha e, ao mesmo tempo, nos imputa uma grande responsabilidade, que divido com meu 1\u00ba vice-presidente Mario Aguiar e demais companheiros de diretoria\u201d, disse C\u00f4rte. \u201cA ind\u00fastria tem grandes desafios pela frente e o papel da FIESC na defesa da competitividade ganha relev\u00e2ncia cada vez maior\u201d, acrescentou.<\/p>\n<p>Al\u00e9m de destacar a continuidade dos esfor\u00e7os das entidades da Federa\u00e7\u00e3o pela busca de um ambiente institucional mais favor\u00e1vel \u00e0 produ\u00e7\u00e3o, e em prol da educa\u00e7\u00e3o, da qualidade de vida dos trabalhadores e da tecnologia e inova\u00e7\u00e3o, C\u00f4rte antecipa como meta para o segundo mandato a consolida\u00e7\u00e3o da descentraliza\u00e7\u00e3o da gest\u00e3o. Nesse sentido, uma das novidades na estrutura da FIESC foi a cria\u00e7\u00e3o de sua 16\u00aa vice-presid\u00eancia regional, no Vale do Rio Itaja\u00ed Mirim, com sede em Brusque. Para o cargo foi eleito o industrial Ingo Fischer.<\/p>\n<p>Al\u00e9m de C\u00f4rte e Aguiar, integrar\u00e3o a mesa diretora da Fiesc os industriais Edvaldo \u00c2ngelo, Cid Erwin Lang, Alfredo Piotrovski e Egon Werner. Confira abaixo a nominata completa das diretorias da Fiesc e do Centro das Ind\u00fastrias (Ciesc).<\/p>\n<p><strong>Diretoria da FIESC \u2013 Gest\u00e3o: 2014 a 2017<\/strong><\/p>\n<p><strong>Presidente: Glauco Jos\u00e9 C\u00f4rte<\/strong><br \/>1\u00ba. Vice-Presidente: Mario Cezar de Aguiar<br \/>Diretor 1\u00ba Secret\u00e1rio: Edvaldo \u00c2ngelo<br \/>Diretor 2\u00ba Secret\u00e1rio: Cid Erwin Lang<br \/>Diretor 1\u00ba Tesoureiro: Alfredo Piotrovski<br \/>Diretor 2\u00ba Tesoureiro: Egon Werner<\/p>\n<p><strong>Vice-Presidentes Para Assuntos Regionais<\/strong><br \/>Alto Uruguai \u2013 \u00c1lvaro Luis de Mendon\u00e7a<br \/>Alto Vale do Itaja\u00ed \u2013 Lino Rohden<br \/>Centro-Norte \u2013 Gilberto Seleme<br \/>Centro-Oeste \u2013 M\u00e1rcio Luis Dalla Lana<br \/>Extremo Oeste \u2013 Astor Kist<br \/>Foz do Rio Itaja\u00ed \u2013 Maur\u00edcio Cesar Pereira<br \/>Litoral Sul \u2013 Michel Miguel<br \/>Norte-Nordeste \u2013 Evair Oenning<br \/>Oeste \u2013 Waldemar Ant\u00f4nio Schmitz<br \/>Planalto Norte \u2013 Arnaldo Huebl<br \/>Serra Catarinense \u2013 Israel Marcon<br \/>Sudeste \u2013 Tito Alfredo Schmitt<br \/>Sul \u2013 Diom\u00edcio Vidal<br \/>Vale do Itaja\u00ed \u2013 Ronaldo Baumgarten Junior<br \/>Vale do Itapocu \u2013 C\u00e9lio Bayer<br \/>Vale do Itaja\u00ed Mirim \u2013 Ingo Fischer<br \/>Vice-Presidentes Para Assuntos Estrat\u00e9gicos<br \/>Jorge Luiz Strehl<br \/>M\u00e1rio Lanznaster<br \/>Ney Osvaldo Silva Filho<br \/>Ruy Altenburg<\/p>\n<p><strong>Diretores<\/strong><br \/>Adalberto Roeder<br \/>Albano Schmidt<br \/>Aldo Apolin\u00e1rio Jo\u00e3o<br \/>Alexandre D\u00b4\u00c1vila da Cunha<br \/>Andr\u00e9 Odebrecht<br \/>B\u00e1rbara Paludo<br \/>Carlos J\u00falio Haacke J\u00fanior<br \/>C\u00e9sar Murilo Barbi<br \/>Charles Alfredo Bretzke<br \/>Charles Jos\u00e9 Postali<br \/>Conrado Coelho Costa Filho<br \/>Giordan Heidrich<br \/>Henrique de Bastos Malta<br \/>Ida \u00c1urea da Costa<br \/>Jos\u00e9 Sylvio Ghisi<br \/>Olvacir Jos\u00e9 Bez Fontana<br \/>Osni Carlos Verona<br \/>Os\u00f3rio Dal Bello<br \/>Otmar Josef M\u00fcller<br \/>Pedro Leal da Silva Neto<br \/>Roberto Marcondes de Mattos<br \/>Rog\u00e9rio Pedro Mendes<br \/>Vianei Amilcare Zapellini<br \/>Volmir Ant\u00f4nio Meoti<br \/>Walgenor Teixeira<br \/>Wanderley Zunino<\/p>\n<p><strong>Conselho Fiscal<\/strong><\/p>\n<p><strong>Efetivos<\/strong><br \/>Celso Panceri<br \/>Fred Rubens Karsten<br \/>Leonir Jo\u00e3o Pinheiro<\/p>\n<p><strong>Suplentes<\/strong><br \/>Amauri Eduardo Kollross<br \/>Fl\u00e1vio Henrique Fett<br \/>Rita C\u00e1ssia Conti<\/p>\n<\/p>\n<p>The post Glauco C\u00f4rte \u00e9 reeleito para novo mandato na Fiesc appeared first on Economia SC.<\/p>\n","protected":false},"author":1,"featured_media":0,"comment_status":"open","ping_status":"open","sticky":false,"template":"","format":"standard","meta":{"footnotes":""},"categories":[5],"tags":[],"class_list":["post-2566","post","type-post","status-publish","format-standard","hentry","category-noticias","no-post-thumbnail"],"_links":{"self":[{"href":"https:\/\/www.cdlbc.com.br\/portal\/wp-json\/wp\/v2\/posts\/2566","targetHints":{"allow":["GET"]}}],"collection":[{"href":"https:\/\/www.cdlbc.com.br\/portal\/wp-json\/wp\/v2\/posts"}],"about":[{"href":"https:\/\/www.cdlbc.com.br\/portal\/wp-json\/wp\/v2\/types\/post"}],"author":[{"embeddable":true,"href":"https:\/\/www.cdlbc.com.br\/portal\/wp-json\/wp\/v2\/users\/1"}],"replies":[{"embeddable":true,"href":"https:\/\/www.cdlbc.com.br\/portal\/wp-json\/wp\/v2\/comments?post=2566"}],"version-history":[{"count":0,"href":"https:\/\/www.cdlbc.com.br\/portal\/wp-json\/wp\/v2\/posts\/2566\/revisions"}],"wp:attachment":[{"href":"https:\/\/www.cdlbc.com.br\/portal\/wp-json\/wp\/v2\/media?parent=2566"}],"wp:term":[{"taxonomy":"category","embeddable":true,"href":"https:\/\/www.cdlbc.com.br\/portal\/wp-json\/wp\/v2\/categories?post=2566"},{"taxonomy":"post_tag","embeddable":true,"href":"https:\/\/www.cdlbc.com.br\/portal\/wp-json\/wp\/v2\/tags?post=2566"}],"curies":[{"name":"wp","href":"https:\/\/api.w.org\/{rel}","templated":true}]}}