{"id":2563,"date":"2014-06-27T18:31:00","date_gmt":"2014-06-27T18:31:00","guid":{"rendered":"http:\/\/www.cdlbc.com.br\/portal\/noticias\/industria-grafica-fecha-1o-trimestre-com-queda\/"},"modified":"2014-06-27T18:31:00","modified_gmt":"2014-06-27T18:31:00","slug":"industria-grafica-fecha-1o-trimestre-com-queda","status":"publish","type":"post","link":"https:\/\/www.cdlbc.com.br\/portal\/noticias\/industria-grafica-fecha-1o-trimestre-com-queda\/","title":{"rendered":"Ind\u00fastria gr\u00e1fica fecha 1\u00ba trimestre com queda"},"content":{"rendered":"<p>No primeiro trimestre do ano, a produ\u00e7\u00e3o f\u00edsica da ind\u00fastria gr\u00e1fica encolheu 2,9% em compara\u00e7\u00e3o com o mesmo per\u00edodo de 2013, segundo c\u00e1lculo da Associa\u00e7\u00e3o Brasileira da Ind\u00fastria Gr\u00e1fica (Abigraf), com base em dados do Instituto Brasileiro de Geografia e Estat\u00edstica (IBGE). O resultado, apesar de negativo, indica maior modera\u00e7\u00e3o no movimento de queda do setor, que fechou 2013 com recuo de 3,6%, como apurado a partir da nova metodologia empregada pelo Instituto.<\/p>\n<p>Descontado o padr\u00e3o sazonal, o resultado representou um crescimento de 2% na produ\u00e7\u00e3o em rela\u00e7\u00e3o ao trimestre anterior. O ganho torna-se ainda mais surpreendente frente ao recuo de 0,5% da ind\u00fastria de transforma\u00e7\u00e3o no per\u00edodo. \u201dMas ainda \u00e9 cedo para falar em recupera\u00e7\u00e3o. Diante das baixas previs\u00f5es de crescimento do PIB, estabilizar a produ\u00e7\u00e3o gr\u00e1fica nesse patamar j\u00e1 ser\u00e1 um bom resultado\u201d, avalia Levi Ceregato, presidente nacional da Abigraf.<\/p>\n<p>The post <a class=\"colorbox\" rel=\"nofollow\" href=\"http:\/\/economiasc.com.br\/industria-grafica-fecha-1o-trimestre-com-queda\/\">Ind\u00fastria gr\u00e1fica fecha 1\u00ba trimestre com queda<\/a> appeared first on <a class=\"colorbox\" rel=\"nofollow\" href=\"http:\/\/economiasc.com.br\/\">Economia SC<\/a>.<\/p>\n<p>Via: <a href=\"http:\/\/economiasc.com.br\/industria-grafica-fecha-1o-trimestre-com-queda\/\" class=\"colorbox\" title=\"Ind\u00fastria gr\u00e1fica fecha 1\u00ba trimestre com queda\">economiasc.com.br<\/a><\/p>\n","protected":false},"excerpt":{"rendered":"<p>No primeiro trimestre do ano, a produ\u00e7\u00e3o f\u00edsica da ind\u00fastria gr\u00e1fica encolheu 2,9% em compara\u00e7\u00e3o com o mesmo per\u00edodo de 2013, segundo c\u00e1lculo da Associa\u00e7\u00e3o Brasileira da Ind\u00fastria Gr\u00e1fica (Abigraf), com base em dados do Instituto Brasileiro de Geografia e Estat\u00edstica (IBGE). O resultado, apesar de negativo, indica maior modera\u00e7\u00e3o no movimento de queda do setor, que fechou 2013 com recuo de 3,6%, como apurado a partir da nova metodologia empregada pelo Instituto.<\/p>\n<p>Descontado o padr\u00e3o sazonal, o resultado representou um crescimento de 2% na produ\u00e7\u00e3o em rela\u00e7\u00e3o ao trimestre anterior. O ganho torna-se ainda mais surpreendente frente ao recuo de 0,5% da ind\u00fastria de transforma\u00e7\u00e3o no per\u00edodo. \u201dMas ainda \u00e9 cedo para falar em recupera\u00e7\u00e3o. Diante das baixas previs\u00f5es de crescimento do PIB, estabilizar a produ\u00e7\u00e3o gr\u00e1fica nesse patamar j\u00e1 ser\u00e1 um bom resultado\u201d, avalia Levi Ceregato, presidente nacional da Abigraf.<\/p>\n<p>The post <a class=\"colorbox\" rel=\"nofollow\" href=\"http:\/\/economiasc.com.br\/industria-grafica-fecha-1o-trimestre-com-queda\/\">Ind\u00fastria gr\u00e1fica fecha 1\u00ba trimestre com queda<\/a> appeared first on <a class=\"colorbox\" rel=\"nofollow\" href=\"http:\/\/economiasc.com.br\/\">Economia SC<\/a>.<\/p>\n","protected":false},"author":1,"featured_media":0,"comment_status":"open","ping_status":"open","sticky":false,"template":"","format":"standard","meta":{"footnotes":""},"categories":[5],"tags":[],"class_list":["post-2563","post","type-post","status-publish","format-standard","hentry","category-noticias","no-post-thumbnail"],"_links":{"self":[{"href":"https:\/\/www.cdlbc.com.br\/portal\/wp-json\/wp\/v2\/posts\/2563","targetHints":{"allow":["GET"]}}],"collection":[{"href":"https:\/\/www.cdlbc.com.br\/portal\/wp-json\/wp\/v2\/posts"}],"about":[{"href":"https:\/\/www.cdlbc.com.br\/portal\/wp-json\/wp\/v2\/types\/post"}],"author":[{"embeddable":true,"href":"https:\/\/www.cdlbc.com.br\/portal\/wp-json\/wp\/v2\/users\/1"}],"replies":[{"embeddable":true,"href":"https:\/\/www.cdlbc.com.br\/portal\/wp-json\/wp\/v2\/comments?post=2563"}],"version-history":[{"count":0,"href":"https:\/\/www.cdlbc.com.br\/portal\/wp-json\/wp\/v2\/posts\/2563\/revisions"}],"wp:attachment":[{"href":"https:\/\/www.cdlbc.com.br\/portal\/wp-json\/wp\/v2\/media?parent=2563"}],"wp:term":[{"taxonomy":"category","embeddable":true,"href":"https:\/\/www.cdlbc.com.br\/portal\/wp-json\/wp\/v2\/categories?post=2563"},{"taxonomy":"post_tag","embeddable":true,"href":"https:\/\/www.cdlbc.com.br\/portal\/wp-json\/wp\/v2\/tags?post=2563"}],"curies":[{"name":"wp","href":"https:\/\/api.w.org\/{rel}","templated":true}]}}