{"id":2560,"date":"2014-06-27T18:08:28","date_gmt":"2014-06-27T18:08:28","guid":{"rendered":"http:\/\/www.cdlbc.com.br\/portal\/?p=2560"},"modified":"2014-06-27T18:08:28","modified_gmt":"2014-06-27T18:08:28","slug":"construcao-de-ciclofaixa-na-avenida-brasil-divide-opinioes-entre-empresarios-do-comercio","status":"publish","type":"post","link":"https:\/\/www.cdlbc.com.br\/portal\/noticias\/construcao-de-ciclofaixa-na-avenida-brasil-divide-opinioes-entre-empresarios-do-comercio\/","title":{"rendered":"Constru\u00e7\u00e3o de ciclofaixa na Avenida Brasil divide opini\u00f5es entre empres\u00e1rios do com\u00e9rcio"},"content":{"rendered":"<p><a href=\"http:\/\/www.cdlbc.com.br\/portal\/wp-content\/uploads\/2014\/06\/maxresdefault1.jpg\"><img loading=\"lazy\" decoding=\"async\" class=\"alignleft wp-image-2561 size-medium\" src=\"http:\/\/www.cdlbc.com.br\/portal\/wp-content\/uploads\/2014\/06\/maxresdefault1-300x168.jpg\" alt=\"maxresdefault[1]\" width=\"300\" height=\"168\" srcset=\"https:\/\/www.cdlbc.com.br\/portal\/wp-content\/uploads\/2014\/06\/maxresdefault1-300x168.jpg 300w, https:\/\/www.cdlbc.com.br\/portal\/wp-content\/uploads\/2014\/06\/maxresdefault1-1024x576.jpg 1024w, https:\/\/www.cdlbc.com.br\/portal\/wp-content\/uploads\/2014\/06\/maxresdefault1-600x337.jpg 600w, https:\/\/www.cdlbc.com.br\/portal\/wp-content\/uploads\/2014\/06\/maxresdefault1-250x140.jpg 250w, https:\/\/www.cdlbc.com.br\/portal\/wp-content\/uploads\/2014\/06\/maxresdefault1.jpg 1920w\" sizes=\"auto, (max-width: 300px) 100vw, 300px\" \/><\/a>O projeto para a constru\u00e7\u00e3o de uma ciclovia (ciclofaixa) na Avenida\u00a0Brasil, em Balne\u00e1rio Cambori\u00fa, divide a opini\u00e3o dos comerciantes. De acordo com o resultado de uma pesquisa encomendada pela C\u00e2mara de Dirigentes Lojistas (CDL), o total de 49,54% dos comerciantes ouvidos s\u00e3o favor\u00e1veis a constru\u00e7\u00e3o\u00a0da\u00a0ciclovia na avenida, enquanto 42,38% s\u00e3o contra. Para 7,89% tanto faz e 0,19% preferiram n\u00e3o opinar.<\/p>\n<p>O presidente\u00a0da\u00a0CDL, Jos\u00e9 Roberto Cruz, explica que a entidade vai respeitar a opini\u00e3o\u00a0da\u00a0maioria dos associados. Ele entende, no entanto, que em fun\u00e7\u00e3o\u00a0do\u00a0equil\u00edbrio entre os favor\u00e1veis e os que s\u00e3o contra a constru\u00e7\u00e3o\u00a0da\u00a0ciciclovia, ela precisa ser melhor discutida com a sociedade.<\/p>\n<p>Para os que s\u00e3o contra a constru\u00e7\u00e3o\u00a0da\u00a0ciclovia, o centro\u00a0do\u00a0impasse \u00e9 a perda\u00a0do\u00a0n\u00famero de vagas para estacionamento no centro\u00a0da\u00a0cidade, o que prejudicaria drasticamente o com\u00e9rcio. A pesquisa, realizada entre os dias 12 e 16 de junho, ouviu 545 lojistas, divididos entre propriet\u00e1rios e funcion\u00e1riosdo\u00a0com\u00e9rcio. A constru\u00e7\u00e3o\u00a0da\u00a0ciclofaxia\u00a0da\u00a0Avenida\u00a0Brasil\u00a0\u00e9 um projeto\u00a0da\u00a0administra\u00e7\u00e3o de Balne\u00e1rio Cambori\u00fa. Hoje, o munic\u00edpio conta com ciclovias e ciclofaixas nas avenidas\u00a0do\u00a0Estado, Terceira, Quarta, Quinta, das Flores e Atl\u00e2ntica, que possui um espa\u00e7o compartilhado para realiza\u00e7\u00e3o de outras modalidades f\u00edsicas.<\/p>\n","protected":false},"excerpt":{"rendered":"<p>O projeto para a constru\u00e7\u00e3o de uma ciclovia (ciclofaixa) na Avenida\u00a0Brasil, em Balne\u00e1rio Cambori\u00fa, divide a opini\u00e3o dos comerciantes. De acordo com o resultado de uma pesquisa encomendada pela C\u00e2mara de Dirigentes Lojistas (CDL), o total de 49,54% dos comerciantes ouvidos s\u00e3o favor\u00e1veis a constru\u00e7\u00e3o\u00a0da\u00a0ciclovia na avenida, enquanto 42,38% s\u00e3o contra. Para 7,89% tanto faz [&hellip;]<\/p>\n","protected":false},"author":1,"featured_media":2561,"comment_status":"closed","ping_status":"open","sticky":false,"template":"","format":"standard","meta":{"footnotes":""},"categories":[6,5],"tags":[],"class_list":["post-2560","post","type-post","status-publish","format-standard","has-post-thumbnail","hentry","category-destaque","category-noticias"],"_links":{"self":[{"href":"https:\/\/www.cdlbc.com.br\/portal\/wp-json\/wp\/v2\/posts\/2560","targetHints":{"allow":["GET"]}}],"collection":[{"href":"https:\/\/www.cdlbc.com.br\/portal\/wp-json\/wp\/v2\/posts"}],"about":[{"href":"https:\/\/www.cdlbc.com.br\/portal\/wp-json\/wp\/v2\/types\/post"}],"author":[{"embeddable":true,"href":"https:\/\/www.cdlbc.com.br\/portal\/wp-json\/wp\/v2\/users\/1"}],"replies":[{"embeddable":true,"href":"https:\/\/www.cdlbc.com.br\/portal\/wp-json\/wp\/v2\/comments?post=2560"}],"version-history":[{"count":1,"href":"https:\/\/www.cdlbc.com.br\/portal\/wp-json\/wp\/v2\/posts\/2560\/revisions"}],"predecessor-version":[{"id":2562,"href":"https:\/\/www.cdlbc.com.br\/portal\/wp-json\/wp\/v2\/posts\/2560\/revisions\/2562"}],"wp:featuredmedia":[{"embeddable":true,"href":"https:\/\/www.cdlbc.com.br\/portal\/wp-json\/wp\/v2\/media\/2561"}],"wp:attachment":[{"href":"https:\/\/www.cdlbc.com.br\/portal\/wp-json\/wp\/v2\/media?parent=2560"}],"wp:term":[{"taxonomy":"category","embeddable":true,"href":"https:\/\/www.cdlbc.com.br\/portal\/wp-json\/wp\/v2\/categories?post=2560"},{"taxonomy":"post_tag","embeddable":true,"href":"https:\/\/www.cdlbc.com.br\/portal\/wp-json\/wp\/v2\/tags?post=2560"}],"curies":[{"name":"wp","href":"https:\/\/api.w.org\/{rel}","templated":true}]}}