{"id":2557,"date":"2014-06-27T18:05:51","date_gmt":"2014-06-27T18:05:51","guid":{"rendered":"http:\/\/www.cdlbc.com.br\/portal\/?p=2557"},"modified":"2014-06-27T18:05:51","modified_gmt":"2014-06-27T18:05:51","slug":"sincomercio-e-contrario-a-aprovacao-da-lei-que-limita-horario-do-comercio","status":"publish","type":"post","link":"https:\/\/www.cdlbc.com.br\/portal\/noticias\/sincomercio-e-contrario-a-aprovacao-da-lei-que-limita-horario-do-comercio\/","title":{"rendered":"Sincom\u00e9rcio \u00e9 contr\u00e1rio \u00e0 aprova\u00e7\u00e3o da lei que limita hor\u00e1rio do com\u00e9rcio"},"content":{"rendered":"<p><a href=\"http:\/\/www.cdlbc.com.br\/portal\/wp-content\/uploads\/2014\/06\/362-BLOG-general1.jpg\"><img loading=\"lazy\" decoding=\"async\" class=\"alignleft wp-image-2558 size-medium\" src=\"http:\/\/www.cdlbc.com.br\/portal\/wp-content\/uploads\/2014\/06\/362-BLOG-general1-300x110.jpg\" alt=\"362-BLOG-general[1]\" width=\"300\" height=\"110\" srcset=\"https:\/\/www.cdlbc.com.br\/portal\/wp-content\/uploads\/2014\/06\/362-BLOG-general1-300x110.jpg 300w, https:\/\/www.cdlbc.com.br\/portal\/wp-content\/uploads\/2014\/06\/362-BLOG-general1-600x220.jpg 600w, https:\/\/www.cdlbc.com.br\/portal\/wp-content\/uploads\/2014\/06\/362-BLOG-general1-250x91.jpg 250w, https:\/\/www.cdlbc.com.br\/portal\/wp-content\/uploads\/2014\/06\/362-BLOG-general1.jpg 712w\" sizes=\"auto, (max-width: 300px) 100vw, 300px\" \/><\/a>O Sindicato do Com\u00e9rcio Varejista de Balne\u00e1rio Cambori\u00fa e Cambori\u00fa (Sincom\u00e9rcio) \u00e9 contr\u00e1rio \u00e0 aprova\u00e7\u00e3o do projeto de lei 0056\/2014 que tramita na C\u00e2mara de Vereadores. O projeto regulamenta o hor\u00e1rio de funcionamento dos estabelecimentos comerciais varejistas e atacadistas de Balne\u00e1rio Cambori\u00fa entre 7h e 24h.<\/p>\n<p>De acordo com o presidente do Sincom\u00e9rcio, o empres\u00e1rio H\u00e9lio Dagnoni, a flexibiliza\u00e7\u00e3o do hor\u00e1rio do com\u00e9rcio em Balne\u00e1rio Cambori\u00fa sempre foi um diferencial da cidade. A preocupa\u00e7\u00e3o do sindicato patronal foi apresentada a vereadora Marisa Zanoni Fernandes, que divide a autoria do projeto com os vereadores Ary Euclides de Souza Filho; Pedro Francez e Moacir Schmidt.<\/p>\n<p>Em reuni\u00e3o realizada na sede da CDL\/Sincom\u00e9rcio, a vereadora se comprometeu em discutir com seus pares no Legislativo poss\u00edveis altera\u00e7\u00f5es no projeto de lei. O Sincom\u00e9rcio defende que o hor\u00e1rio de funcionamento do com\u00e9rcio seja discutido diretamente entre trabalhadores e patr\u00f5es. \u201cA ideia \u00e9 assegurar que os hor\u00e1rios de funcionamento n\u00e3o sofram altera\u00e7\u00f5es, o que j\u00e1 \u00e9 uma caracter\u00edstica da cidade\u201d, acrescenta H\u00e9lio.<\/p>\n","protected":false},"excerpt":{"rendered":"<p>O Sindicato do Com\u00e9rcio Varejista de Balne\u00e1rio Cambori\u00fa e Cambori\u00fa (Sincom\u00e9rcio) \u00e9 contr\u00e1rio \u00e0 aprova\u00e7\u00e3o do projeto de lei 0056\/2014 que tramita na C\u00e2mara de Vereadores. O projeto regulamenta o hor\u00e1rio de funcionamento dos estabelecimentos comerciais varejistas e atacadistas de Balne\u00e1rio Cambori\u00fa entre 7h e 24h. De acordo com o presidente do Sincom\u00e9rcio, o empres\u00e1rio [&hellip;]<\/p>\n","protected":false},"author":1,"featured_media":1454,"comment_status":"closed","ping_status":"open","sticky":false,"template":"","format":"standard","meta":{"footnotes":""},"categories":[6,5],"tags":[],"class_list":["post-2557","post","type-post","status-publish","format-standard","has-post-thumbnail","hentry","category-destaque","category-noticias"],"_links":{"self":[{"href":"https:\/\/www.cdlbc.com.br\/portal\/wp-json\/wp\/v2\/posts\/2557","targetHints":{"allow":["GET"]}}],"collection":[{"href":"https:\/\/www.cdlbc.com.br\/portal\/wp-json\/wp\/v2\/posts"}],"about":[{"href":"https:\/\/www.cdlbc.com.br\/portal\/wp-json\/wp\/v2\/types\/post"}],"author":[{"embeddable":true,"href":"https:\/\/www.cdlbc.com.br\/portal\/wp-json\/wp\/v2\/users\/1"}],"replies":[{"embeddable":true,"href":"https:\/\/www.cdlbc.com.br\/portal\/wp-json\/wp\/v2\/comments?post=2557"}],"version-history":[{"count":1,"href":"https:\/\/www.cdlbc.com.br\/portal\/wp-json\/wp\/v2\/posts\/2557\/revisions"}],"predecessor-version":[{"id":2559,"href":"https:\/\/www.cdlbc.com.br\/portal\/wp-json\/wp\/v2\/posts\/2557\/revisions\/2559"}],"wp:featuredmedia":[{"embeddable":true,"href":"https:\/\/www.cdlbc.com.br\/portal\/wp-json\/wp\/v2\/media\/1454"}],"wp:attachment":[{"href":"https:\/\/www.cdlbc.com.br\/portal\/wp-json\/wp\/v2\/media?parent=2557"}],"wp:term":[{"taxonomy":"category","embeddable":true,"href":"https:\/\/www.cdlbc.com.br\/portal\/wp-json\/wp\/v2\/categories?post=2557"},{"taxonomy":"post_tag","embeddable":true,"href":"https:\/\/www.cdlbc.com.br\/portal\/wp-json\/wp\/v2\/tags?post=2557"}],"curies":[{"name":"wp","href":"https:\/\/api.w.org\/{rel}","templated":true}]}}