{"id":2539,"date":"2014-06-27T12:49:00","date_gmt":"2014-06-27T12:49:00","guid":{"rendered":"http:\/\/www.cdlbc.com.br\/portal\/noticias\/sincomercio-de-bc-e-contra-mudancas-no-horario\/"},"modified":"2014-06-27T12:49:00","modified_gmt":"2014-06-27T12:49:00","slug":"sincomercio-de-bc-e-contra-mudancas-no-horario","status":"publish","type":"post","link":"https:\/\/www.cdlbc.com.br\/portal\/noticias\/sincomercio-de-bc-e-contra-mudancas-no-horario\/","title":{"rendered":"Sincom\u00e9rcio de BC \u00e9 contra mudan\u00e7as no hor\u00e1rio"},"content":{"rendered":"<p align=\"center\"><span>O Sindicato do Com\u00e9rcio Varejista de Balne\u00e1rio Cambori\u00fa e Cambori\u00fa (Sincom\u00e9rcio) \u00e9 contr\u00e1rio \u00e0 aprova\u00e7\u00e3o do projeto de lei 0056\/2014 que tramita na C\u00e2mara de Vereadores do munic\u00edpio. O projeto regulamenta o hor\u00e1rio de funcionamento dos estabelecimentos comerciais varejistas e atacadistas de Balne\u00e1rio Cambori\u00fa entre 7h e 24h.<\/span><\/p>\n<p>De acordo com o presidente do Sincom\u00e9rcio, o empres\u00e1rio H\u00e9lio Dagnoni, a flexibiliza\u00e7\u00e3o do hor\u00e1rio do com\u00e9rcio em Balne\u00e1rio Cambori\u00fa sempre foi um diferencial da cidade. A preocupa\u00e7\u00e3o do sindicato patronal foi apresentada a vereadora Marisa Zanoni Fernandes, que divide a autoria do projeto com os vereadores Ary Euclides de Souza Filho; Pedro Francez e Moacir Schmidt.<\/p>\n<p><span>Em reuni\u00e3o realizada na sede da CDL\/Sincom\u00e9rcio, a vereadora se comprometeu em discutir com seus pares no Legislativo poss\u00edveis altera\u00e7\u00f5es no projeto de lei. O Sincom\u00e9rcio defende que o hor\u00e1rio de funcionamento do com\u00e9rcio seja discutido diretamente entre trabalhadores e patr\u00f5es. \u201cA ideia \u00e9 assegurar que os hor\u00e1rios de funcionamento n\u00e3o sofram altera\u00e7\u00f5es, o que j\u00e1 \u00e9 uma caracter\u00edstica da cidade\u201d, acrescenta H\u00e9lio.<\/span><\/p>\n<p>The post <a class=\"colorbox\" rel=\"nofollow\" href=\"http:\/\/economiasc.com.br\/sincomercio-de-bc-e-contra-mudancas-horario\/\">Sincom\u00e9rcio de BC \u00e9 contra mudan\u00e7as no hor\u00e1rio<\/a> appeared first on <a class=\"colorbox\" rel=\"nofollow\" href=\"http:\/\/economiasc.com.br\/\">Economia SC<\/a>.<\/p>\n<p>Via: <a href=\"http:\/\/economiasc.com.br\/sincomercio-de-bc-e-contra-mudancas-horario\/\" class=\"colorbox\" title=\"Sincom\u00e9rcio de BC \u00e9 contra mudan\u00e7as no hor\u00e1rio\">economiasc.com.br<\/a><\/p>\n","protected":false},"excerpt":{"rendered":"<p align=\"center\"><span>O Sindicato do Com\u00e9rcio Varejista de Balne\u00e1rio Cambori\u00fa e Cambori\u00fa (Sincom\u00e9rcio) \u00e9 contr\u00e1rio \u00e0 aprova\u00e7\u00e3o do projeto de lei 0056\/2014 que tramita na C\u00e2mara de Vereadores do munic\u00edpio. O projeto regulamenta o hor\u00e1rio de funcionamento dos estabelecimentos comerciais varejistas e atacadistas de Balne\u00e1rio Cambori\u00fa entre 7h e 24h.<\/span><\/p>\n<p>De acordo com o presidente do Sincom\u00e9rcio, o empres\u00e1rio H\u00e9lio Dagnoni, a flexibiliza\u00e7\u00e3o do hor\u00e1rio do com\u00e9rcio em Balne\u00e1rio Cambori\u00fa sempre foi um diferencial da cidade. A preocupa\u00e7\u00e3o do sindicato patronal foi apresentada a vereadora Marisa Zanoni Fernandes, que divide a autoria do projeto com os vereadores Ary Euclides de Souza Filho; Pedro Francez e Moacir Schmidt.<\/p>\n<p><span>Em reuni\u00e3o realizada na sede da CDL\/Sincom\u00e9rcio, a vereadora se comprometeu em discutir com seus pares no Legislativo poss\u00edveis altera\u00e7\u00f5es no projeto de lei. O Sincom\u00e9rcio defende que o hor\u00e1rio de funcionamento do com\u00e9rcio seja discutido diretamente entre trabalhadores e patr\u00f5es. \u201cA ideia \u00e9 assegurar que os hor\u00e1rios de funcionamento n\u00e3o sofram altera\u00e7\u00f5es, o que j\u00e1 \u00e9 uma caracter\u00edstica da cidade\u201d, acrescenta H\u00e9lio.<\/span><\/p>\n<p>The post <a class=\"colorbox\" rel=\"nofollow\" href=\"http:\/\/economiasc.com.br\/sincomercio-de-bc-e-contra-mudancas-horario\/\">Sincom\u00e9rcio de BC \u00e9 contra mudan\u00e7as no hor\u00e1rio<\/a> appeared first on <a class=\"colorbox\" rel=\"nofollow\" href=\"http:\/\/economiasc.com.br\/\">Economia SC<\/a>.<\/p>\n","protected":false},"author":1,"featured_media":0,"comment_status":"open","ping_status":"open","sticky":false,"template":"","format":"standard","meta":{"footnotes":""},"categories":[5],"tags":[],"class_list":["post-2539","post","type-post","status-publish","format-standard","hentry","category-noticias","no-post-thumbnail"],"_links":{"self":[{"href":"https:\/\/www.cdlbc.com.br\/portal\/wp-json\/wp\/v2\/posts\/2539","targetHints":{"allow":["GET"]}}],"collection":[{"href":"https:\/\/www.cdlbc.com.br\/portal\/wp-json\/wp\/v2\/posts"}],"about":[{"href":"https:\/\/www.cdlbc.com.br\/portal\/wp-json\/wp\/v2\/types\/post"}],"author":[{"embeddable":true,"href":"https:\/\/www.cdlbc.com.br\/portal\/wp-json\/wp\/v2\/users\/1"}],"replies":[{"embeddable":true,"href":"https:\/\/www.cdlbc.com.br\/portal\/wp-json\/wp\/v2\/comments?post=2539"}],"version-history":[{"count":0,"href":"https:\/\/www.cdlbc.com.br\/portal\/wp-json\/wp\/v2\/posts\/2539\/revisions"}],"wp:attachment":[{"href":"https:\/\/www.cdlbc.com.br\/portal\/wp-json\/wp\/v2\/media?parent=2539"}],"wp:term":[{"taxonomy":"category","embeddable":true,"href":"https:\/\/www.cdlbc.com.br\/portal\/wp-json\/wp\/v2\/categories?post=2539"},{"taxonomy":"post_tag","embeddable":true,"href":"https:\/\/www.cdlbc.com.br\/portal\/wp-json\/wp\/v2\/tags?post=2539"}],"curies":[{"name":"wp","href":"https:\/\/api.w.org\/{rel}","templated":true}]}}