{"id":2496,"date":"2014-06-26T12:49:00","date_gmt":"2014-06-26T12:49:00","guid":{"rendered":"http:\/\/www.cdlbc.com.br\/portal\/noticias\/audiencia-aborda-regiao-metropolitana\/"},"modified":"2014-06-26T12:49:00","modified_gmt":"2014-06-26T12:49:00","slug":"audiencia-aborda-regiao-metropolitana","status":"publish","type":"post","link":"https:\/\/www.cdlbc.com.br\/portal\/noticias\/audiencia-aborda-regiao-metropolitana\/","title":{"rendered":"Audi\u00eancia aborda Regi\u00e3o Metropolitana"},"content":{"rendered":"<p>Uma audi\u00eancia p\u00fablica na Assembleia Legislativa debateu o Projeto de Lei Complementar (PLC) 1\/2014, que regulamenta a Regi\u00e3o Metropolitana da Grande Florian\u00f3polis e cria a Superintend\u00eancia de Desenvolvimento da Regi\u00e3o. O PLC foi encaminhado em car\u00e1ter de urg\u00eancia para a Assembleia Legislativa em fevereiro deste ano e contempla oito munic\u00edpios: \u00c1guas Mornas, Ant\u00f4nio Carlos, Bigua\u00e7u, Florian\u00f3polis, Palho\u00e7a, Santo Amaro da Imperatriz, S\u00e3o Jos\u00e9 e S\u00e3o Pedro de Alc\u00e2ntara, somando mais de 920 mil habitantes.  O objetivo da mat\u00e9ria \u00e9 permitir que essas cidades participem efetivamente no processo de decis\u00f5es do plano intergovernamental e na articula\u00e7\u00e3o de a\u00e7\u00f5es integradas na regi\u00e3o, como determina o Supremo Tribunal Federal (STF). A audi\u00eancia foi realizada nesta ter\u00e7a-feira, dia 26.<\/p>\n<p>Representantes de munic\u00edpios, entidades civis e governamentais presentes sugeriram a estrutura\u00e7\u00e3o da Regi\u00e3o Metropolitana contemplando apenas seis munic\u00edpios: Florian\u00f3polis, S\u00e3o Jos\u00e9, Bigua\u00e7\u00fa, Santo Amaro da Imperatriz, Palho\u00e7a e Governador Celso Ramos.<\/p>\n<p>Com a cria\u00e7\u00e3o da Regi\u00e3o Metropolitana da Grande Florian\u00f3polis, ser\u00e1 poss\u00edvel resolver, de forma integrada, as principais defici\u00eancias dos munic\u00edpios, como abastecimento de \u00e1gua e energia, coleta de res\u00edduos s\u00f3lidos, mobilidade urbana, saneamento b\u00e1sico e transporte p\u00fablico.<\/p>\n<p>The post <a class=\"colorbox\" rel=\"nofollow\" href=\"http:\/\/economiasc.com.br\/audiencia-aborda-regiao-metropolitana\/\">Audi\u00eancia aborda Regi\u00e3o Metropolitana<\/a> appeared first on <a class=\"colorbox\" rel=\"nofollow\" href=\"http:\/\/economiasc.com.br\/\">Economia SC<\/a>.<\/p>\n<p>Via: <a href=\"http:\/\/economiasc.com.br\/audiencia-aborda-regiao-metropolitana\/\" class=\"colorbox\" title=\"Audi\u00eancia aborda Regi\u00e3o Metropolitana\">economiasc.com.br<\/a><\/p>\n","protected":false},"excerpt":{"rendered":"<p>Uma audi\u00eancia p\u00fablica na Assembleia Legislativa debateu o Projeto de Lei Complementar (PLC) 1\/2014, que regulamenta a Regi\u00e3o Metropolitana da Grande Florian\u00f3polis e cria a Superintend\u00eancia de Desenvolvimento da Regi\u00e3o. O PLC foi encaminhado em car\u00e1ter de urg\u00eancia para a Assembleia Legislativa em fevereiro deste ano e contempla oito munic\u00edpios: \u00c1guas Mornas, Ant\u00f4nio Carlos, Bigua\u00e7u, Florian\u00f3polis, Palho\u00e7a, Santo Amaro da Imperatriz, S\u00e3o Jos\u00e9 e S\u00e3o Pedro de Alc\u00e2ntara, somando mais de 920 mil habitantes.  O objetivo da mat\u00e9ria \u00e9 permitir que essas cidades participem efetivamente no processo de decis\u00f5es do plano intergovernamental e na articula\u00e7\u00e3o de a\u00e7\u00f5es integradas na regi\u00e3o, como determina o Supremo Tribunal Federal (STF). A audi\u00eancia foi realizada nesta ter\u00e7a-feira, dia 26.<\/p>\n<p>Representantes de munic\u00edpios, entidades civis e governamentais presentes sugeriram a estrutura\u00e7\u00e3o da Regi\u00e3o Metropolitana contemplando apenas seis munic\u00edpios: Florian\u00f3polis, S\u00e3o Jos\u00e9, Bigua\u00e7\u00fa, Santo Amaro da Imperatriz, Palho\u00e7a e Governador Celso Ramos.<\/p>\n<p>Com a cria\u00e7\u00e3o da Regi\u00e3o Metropolitana da Grande Florian\u00f3polis, ser\u00e1 poss\u00edvel resolver, de forma integrada, as principais defici\u00eancias dos munic\u00edpios, como abastecimento de \u00e1gua e energia, coleta de res\u00edduos s\u00f3lidos, mobilidade urbana, saneamento b\u00e1sico e transporte p\u00fablico.<\/p>\n<p>The post <a class=\"colorbox\" rel=\"nofollow\" href=\"http:\/\/economiasc.com.br\/audiencia-aborda-regiao-metropolitana\/\">Audi\u00eancia aborda Regi\u00e3o Metropolitana<\/a> appeared first on <a class=\"colorbox\" rel=\"nofollow\" href=\"http:\/\/economiasc.com.br\/\">Economia SC<\/a>.<\/p>\n","protected":false},"author":1,"featured_media":0,"comment_status":"open","ping_status":"open","sticky":false,"template":"","format":"standard","meta":{"footnotes":""},"categories":[5],"tags":[],"class_list":["post-2496","post","type-post","status-publish","format-standard","hentry","category-noticias","no-post-thumbnail"],"_links":{"self":[{"href":"https:\/\/www.cdlbc.com.br\/portal\/wp-json\/wp\/v2\/posts\/2496","targetHints":{"allow":["GET"]}}],"collection":[{"href":"https:\/\/www.cdlbc.com.br\/portal\/wp-json\/wp\/v2\/posts"}],"about":[{"href":"https:\/\/www.cdlbc.com.br\/portal\/wp-json\/wp\/v2\/types\/post"}],"author":[{"embeddable":true,"href":"https:\/\/www.cdlbc.com.br\/portal\/wp-json\/wp\/v2\/users\/1"}],"replies":[{"embeddable":true,"href":"https:\/\/www.cdlbc.com.br\/portal\/wp-json\/wp\/v2\/comments?post=2496"}],"version-history":[{"count":0,"href":"https:\/\/www.cdlbc.com.br\/portal\/wp-json\/wp\/v2\/posts\/2496\/revisions"}],"wp:attachment":[{"href":"https:\/\/www.cdlbc.com.br\/portal\/wp-json\/wp\/v2\/media?parent=2496"}],"wp:term":[{"taxonomy":"category","embeddable":true,"href":"https:\/\/www.cdlbc.com.br\/portal\/wp-json\/wp\/v2\/categories?post=2496"},{"taxonomy":"post_tag","embeddable":true,"href":"https:\/\/www.cdlbc.com.br\/portal\/wp-json\/wp\/v2\/tags?post=2496"}],"curies":[{"name":"wp","href":"https:\/\/api.w.org\/{rel}","templated":true}]}}