{"id":2490,"date":"2014-06-26T12:09:00","date_gmt":"2014-06-26T12:09:00","guid":{"rendered":"http:\/\/www.cdlbc.com.br\/portal\/noticias\/ministro-participa-de-eventos-no-rio-grande-do-sul\/"},"modified":"2014-06-26T12:09:00","modified_gmt":"2014-06-26T12:09:00","slug":"ministro-participa-de-eventos-no-rio-grande-do-sul","status":"publish","type":"post","link":"https:\/\/www.cdlbc.com.br\/portal\/noticias\/ministro-participa-de-eventos-no-rio-grande-do-sul\/","title":{"rendered":"Ministro participa de eventos no Rio Grande do Sul"},"content":{"rendered":"<div class=\"ftpimagefix\" style=\"float:left\"><img decoding=\"async\" width=\"250\" alt=\"Ministro vai cumprir agendas em Porto Alegre e em Passo Fundo nesta sexta. Foto: Divulga\u00e7\u00e3o\" src=\"http:\/\/economiasc.com.br\/wp-content\/uploads\/2014\/06\/ministro-agricultura-neri-geller1-300x175.jpg\"><\/div>\n<p>Ministro vai cumprir agendas em Porto Alegre e em Passo Fundo nesta sexta. Foto: Divulga\u00e7\u00e3o<\/p>\n<p>O ministro da Agricultura, Pecu\u00e1ria e Abastecimento, Neri Geller, cumpre agendas nesta sexta-feira, dia 27, no Rio Grande do Sul. \u00c0s 11h, Geller estar\u00e1 em Porto Alegre para a posse do novo presidente da Federa\u00e7\u00e3o das Associa\u00e7\u00f5es de Munic\u00edpios do Rio Grande do Sul, Seger Luiz Menegaz.<\/p>\n<p>\u00c0s 16h, ter\u00e1 reuni\u00e3o com reitor da Universidade de Passo Fundo (UPF), Jos\u00e9 Carlos Carles de Souza. \u00c0s 17h, vai visitar a sede do Minist\u00e9rio da Agricultura no munic\u00edpio e, \u00e0s 19h, profere palestra na Associa\u00e7\u00e3o das Empresas Cerealistas do Rio Grande do Sul (Acergs) sobre o Plano Agr\u00edcola e Pecu\u00e1rio 2014\/2015.<\/p>\n<p>The post Ministro participa de eventos no Rio Grande do Sul appeared first on Economia SC.<\/p>\n<p>Via: <a href=\"http:\/\/economiasc.com.br\/ministro-participa-de-eventos-rio-grande-sul\/\" class=\"colorbox\" title=\"Ministro participa de eventos no Rio Grande do Sul\">economiasc.com.br<\/a><\/p>\n","protected":false},"excerpt":{"rendered":"<div class=\"ftpimagefix\" style=\"float:left\"><img decoding=\"async\" width=\"250\" alt=\"Ministro vai cumprir agendas em Porto Alegre e em Passo Fundo nesta sexta. Foto: Divulga\u00e7\u00e3o\" src=\"http:\/\/economiasc.com.br\/wp-content\/uploads\/2014\/06\/ministro-agricultura-neri-geller1-300x175.jpg\"><\/div>\n<p>Ministro vai cumprir agendas em Porto Alegre e em Passo Fundo nesta sexta. Foto: Divulga\u00e7\u00e3o<\/p>\n<p>O ministro da Agricultura, Pecu\u00e1ria e Abastecimento, Neri Geller, cumpre agendas nesta sexta-feira, dia 27, no Rio Grande do Sul. \u00c0s 11h, Geller estar\u00e1 em Porto Alegre para a posse do novo presidente da Federa\u00e7\u00e3o das Associa\u00e7\u00f5es de Munic\u00edpios do Rio Grande do Sul, Seger Luiz Menegaz.<\/p>\n<p>\u00c0s 16h, ter\u00e1 reuni\u00e3o com reitor da Universidade de Passo Fundo (UPF), Jos\u00e9 Carlos Carles de Souza. \u00c0s 17h, vai visitar a sede do Minist\u00e9rio da Agricultura no munic\u00edpio e, \u00e0s 19h, profere palestra na Associa\u00e7\u00e3o das Empresas Cerealistas do Rio Grande do Sul (Acergs) sobre o Plano Agr\u00edcola e Pecu\u00e1rio 2014\/2015.<\/p>\n<p>The post Ministro participa de eventos no Rio Grande do Sul appeared first on Economia SC.<\/p>\n","protected":false},"author":1,"featured_media":0,"comment_status":"open","ping_status":"open","sticky":false,"template":"","format":"standard","meta":{"footnotes":""},"categories":[5],"tags":[],"class_list":["post-2490","post","type-post","status-publish","format-standard","hentry","category-noticias","no-post-thumbnail"],"_links":{"self":[{"href":"https:\/\/www.cdlbc.com.br\/portal\/wp-json\/wp\/v2\/posts\/2490","targetHints":{"allow":["GET"]}}],"collection":[{"href":"https:\/\/www.cdlbc.com.br\/portal\/wp-json\/wp\/v2\/posts"}],"about":[{"href":"https:\/\/www.cdlbc.com.br\/portal\/wp-json\/wp\/v2\/types\/post"}],"author":[{"embeddable":true,"href":"https:\/\/www.cdlbc.com.br\/portal\/wp-json\/wp\/v2\/users\/1"}],"replies":[{"embeddable":true,"href":"https:\/\/www.cdlbc.com.br\/portal\/wp-json\/wp\/v2\/comments?post=2490"}],"version-history":[{"count":0,"href":"https:\/\/www.cdlbc.com.br\/portal\/wp-json\/wp\/v2\/posts\/2490\/revisions"}],"wp:attachment":[{"href":"https:\/\/www.cdlbc.com.br\/portal\/wp-json\/wp\/v2\/media?parent=2490"}],"wp:term":[{"taxonomy":"category","embeddable":true,"href":"https:\/\/www.cdlbc.com.br\/portal\/wp-json\/wp\/v2\/categories?post=2490"},{"taxonomy":"post_tag","embeddable":true,"href":"https:\/\/www.cdlbc.com.br\/portal\/wp-json\/wp\/v2\/tags?post=2490"}],"curies":[{"name":"wp","href":"https:\/\/api.w.org\/{rel}","templated":true}]}}