{"id":2483,"date":"2014-06-25T18:43:00","date_gmt":"2014-06-25T18:43:00","guid":{"rendered":"http:\/\/www.cdlbc.com.br\/portal\/noticias\/audiencia-longa-resulta-acordo-de-r-35-milhoes\/"},"modified":"2014-06-25T18:43:00","modified_gmt":"2014-06-25T18:43:00","slug":"audiencia-longa-resulta-acordo-de-r-35-milhoes","status":"publish","type":"post","link":"https:\/\/www.cdlbc.com.br\/portal\/noticias\/audiencia-longa-resulta-acordo-de-r-35-milhoes\/","title":{"rendered":"Audi\u00eancia longa resulta acordo de R$ 35 milh\u00f5es"},"content":{"rendered":"<div class=\"ftpimagefix\" style=\"float:left\"><img decoding=\"async\" width=\"250\" alt=\"Ap\u00f3s 8 horas de audi\u00eancia no F\u00f3rum de Balne\u00e1rio Cambori\u00fa, \u00e9 feito acordo de R$ 35 milh\u00f5es. Foto: Divulga\u00e7\u00e3o\" src=\"http:\/\/economiasc.com.br\/wp-content\/uploads\/2014\/06\/F%C3%B3rum-de-Balne%C3%A1rio-Cambori%C3%BA-300x209.jpg\"><\/div>\n<p>Ap\u00f3s 8 horas de audi\u00eancia no F\u00f3rum de Balne\u00e1rio Cambori\u00fa, \u00e9 feito acordo de R$ 35 milh\u00f5es. Foto: Divulga\u00e7\u00e3o<\/p>\n<p>A Vara de Fam\u00edlia, \u00d3rf\u00e3os e Sucess\u00f5es da comarca de Balne\u00e1rio Cambori\u00fa realizou, nesta semana, a audi\u00eancia mais longa de sua hist\u00f3ria \u2013 mas que, ao final, resultou em um dos maiores acordos j\u00e1 levados a termo naquela unidade jurisdicional. A a\u00e7\u00e3o principal \u00e9 de invent\u00e1rio, com cinco ou seis a\u00e7\u00f5es conexas, al\u00e9m de v\u00e1rios recursos de agravo de instrumento em tr\u00e2mite no Tribunal de Justi\u00e7a. Ap\u00f3s uma d\u00e9cada de lit\u00edgio, as partes firmaram acordo que extingue todos os processos e recursos, e partilharam cerca de 50 im\u00f3veis, avaliados em aproximadamente R$ 35 milh\u00f5es.<\/p>\n<p>A audi\u00eancia, sob a responsabilidade do juiz Adilor Danieli, iniciou \u00e0s 14 horas e terminou \u00e0s 22h45. A satisfa\u00e7\u00e3o das partes, procuradores e demais pessoas presentes constatou-se ao final, quando todos aplaudiram calorosamente o resultado da audi\u00eancia, cantaram parab\u00e9ns a um dos herdeiros, que estava de anivers\u00e1rio, e trocaram abra\u00e7os pelo fim de desaven\u00e7a que j\u00e1 durava uma d\u00e9cada.<\/p>\n<p>The post Audi\u00eancia longa resulta acordo de R$ 35 milh\u00f5es appeared first on Economia SC.<\/p>\n<p>Via: <a href=\"http:\/\/economiasc.com.br\/apos-8h-de-audiencia-acordo-de-r-35-milhoes\/\" class=\"colorbox\" title=\"Audi\u00eancia longa resulta acordo de R$ 35 milh\u00f5es\">economiasc.com.br<\/a><\/p>\n","protected":false},"excerpt":{"rendered":"<div class=\"ftpimagefix\" style=\"float:left\"><img decoding=\"async\" width=\"250\" alt=\"Ap\u00f3s 8 horas de audi\u00eancia no F\u00f3rum de Balne\u00e1rio Cambori\u00fa, \u00e9 feito acordo de R$ 35 milh\u00f5es. Foto: Divulga\u00e7\u00e3o\" src=\"http:\/\/economiasc.com.br\/wp-content\/uploads\/2014\/06\/F%C3%B3rum-de-Balne%C3%A1rio-Cambori%C3%BA-300x209.jpg\"><\/div>\n<p>Ap\u00f3s 8 horas de audi\u00eancia no F\u00f3rum de Balne\u00e1rio Cambori\u00fa, \u00e9 feito acordo de R$ 35 milh\u00f5es. Foto: Divulga\u00e7\u00e3o<\/p>\n<p>A Vara de Fam\u00edlia, \u00d3rf\u00e3os e Sucess\u00f5es da comarca de Balne\u00e1rio Cambori\u00fa realizou, nesta semana, a audi\u00eancia mais longa de sua hist\u00f3ria \u2013 mas que, ao final, resultou em um dos maiores acordos j\u00e1 levados a termo naquela unidade jurisdicional. A a\u00e7\u00e3o principal \u00e9 de invent\u00e1rio, com cinco ou seis a\u00e7\u00f5es conexas, al\u00e9m de v\u00e1rios recursos de agravo de instrumento em tr\u00e2mite no Tribunal de Justi\u00e7a. Ap\u00f3s uma d\u00e9cada de lit\u00edgio, as partes firmaram acordo que extingue todos os processos e recursos, e partilharam cerca de 50 im\u00f3veis, avaliados em aproximadamente R$ 35 milh\u00f5es.<\/p>\n<p>A audi\u00eancia, sob a responsabilidade do juiz Adilor Danieli, iniciou \u00e0s 14 horas e terminou \u00e0s 22h45. A satisfa\u00e7\u00e3o das partes, procuradores e demais pessoas presentes constatou-se ao final, quando todos aplaudiram calorosamente o resultado da audi\u00eancia, cantaram parab\u00e9ns a um dos herdeiros, que estava de anivers\u00e1rio, e trocaram abra\u00e7os pelo fim de desaven\u00e7a que j\u00e1 durava uma d\u00e9cada.<\/p>\n<p>The post Audi\u00eancia longa resulta acordo de R$ 35 milh\u00f5es appeared first on Economia SC.<\/p>\n","protected":false},"author":1,"featured_media":0,"comment_status":"open","ping_status":"open","sticky":false,"template":"","format":"standard","meta":{"footnotes":""},"categories":[5],"tags":[],"class_list":["post-2483","post","type-post","status-publish","format-standard","hentry","category-noticias","no-post-thumbnail"],"_links":{"self":[{"href":"https:\/\/www.cdlbc.com.br\/portal\/wp-json\/wp\/v2\/posts\/2483","targetHints":{"allow":["GET"]}}],"collection":[{"href":"https:\/\/www.cdlbc.com.br\/portal\/wp-json\/wp\/v2\/posts"}],"about":[{"href":"https:\/\/www.cdlbc.com.br\/portal\/wp-json\/wp\/v2\/types\/post"}],"author":[{"embeddable":true,"href":"https:\/\/www.cdlbc.com.br\/portal\/wp-json\/wp\/v2\/users\/1"}],"replies":[{"embeddable":true,"href":"https:\/\/www.cdlbc.com.br\/portal\/wp-json\/wp\/v2\/comments?post=2483"}],"version-history":[{"count":0,"href":"https:\/\/www.cdlbc.com.br\/portal\/wp-json\/wp\/v2\/posts\/2483\/revisions"}],"wp:attachment":[{"href":"https:\/\/www.cdlbc.com.br\/portal\/wp-json\/wp\/v2\/media?parent=2483"}],"wp:term":[{"taxonomy":"category","embeddable":true,"href":"https:\/\/www.cdlbc.com.br\/portal\/wp-json\/wp\/v2\/categories?post=2483"},{"taxonomy":"post_tag","embeddable":true,"href":"https:\/\/www.cdlbc.com.br\/portal\/wp-json\/wp\/v2\/tags?post=2483"}],"curies":[{"name":"wp","href":"https:\/\/api.w.org\/{rel}","templated":true}]}}