{"id":2475,"date":"2014-06-25T14:02:00","date_gmt":"2014-06-25T14:02:00","guid":{"rendered":"http:\/\/www.cdlbc.com.br\/portal\/noticias\/sebraesc-planta-arvores-para-compensar-co2\/"},"modified":"2014-06-25T14:02:00","modified_gmt":"2014-06-25T14:02:00","slug":"sebraesc-planta-arvores-para-compensar-co2","status":"publish","type":"post","link":"https:\/\/www.cdlbc.com.br\/portal\/noticias\/sebraesc-planta-arvores-para-compensar-co2\/","title":{"rendered":"Sebrae\/SC planta \u00e1rvores para compensar CO2"},"content":{"rendered":"<p>O estilo de vida atual nos exige o uso de ve\u00edculos autom\u00f3veis e o consumo de produtos industrializados, por exemplo. Para termos esses benef\u00edcios, contribu\u00edmos com a produ\u00e7\u00e3o de CO2, tamb\u00e9m conhecido como g\u00e1s carb\u00f4nico. Isso acontece mesmo quando buscamos qualifica\u00e7\u00e3o profissional e uma melhor posi\u00e7\u00e3o no mercado de trabalho, como \u00e9 o caso das 20 mil pessoas que participar\u00e3o da Feira do Empreendedor a ser realizada em Florian\u00f3polis, no per\u00edodo de 17 a 20 de julho. Para compensar o preju\u00edzo ao meio ambiente, o Sebrae\/SC realiza o plantio de 150 mudas de \u00e1rvores nativas no aterro sanit\u00e1rio de Chapec\u00f3, nesta quarta-feira, 25, \u00e0s 14 horas. O acesso ao local \u00e9 pelo contorno vi\u00e1rio oeste, pr\u00f3ximo \u00e0 ponte Luiz Perroni.<\/p>\n<p>A analista t\u00e9cnica do Sebrae\/SC, Maria Elena Loch dos Santos, lembra que a a\u00e7\u00e3o foi feita em Chapec\u00f3 h\u00e1 quatro pelo mesmo motivo e os resultados foram muito satisfat\u00f3rios. Em 2014, o gestor ambiental Valmir Carlos Kirschner foi novamente contratado para coordenar a atividade. \u201cQueremos antecipar a neutraliza\u00e7\u00e3o da produ\u00e7\u00e3o de g\u00e1s carb\u00f4nico e tornar a Feira do Empreendedor um evento sustent\u00e1vel\u201d, explica Maria Elena.<\/p>\n<p>Ao t\u00e9rmino da feira, os organizadores far\u00e3o um relat\u00f3rio para saber se a compensa\u00e7\u00e3o antecipada foi suficiente. Caso seja necess\u00e1rio, um novo plantio ser\u00e1 feito. Em Chapec\u00f3, a atividade ser\u00e1 realizada pelos analistas t\u00e9cnicos do Sebrae Florian\u00f3polis e de Chapec\u00f3.<\/p>\n<p>Segundo especialistas, o g\u00e1s carb\u00f4nico, quando liberado, vai para a atmosfera e fica acumulado impedindo que os raios solares circulem livremente. Isso causa uma \u201creten\u00e7\u00e3o de calor\u201d que conhecemos como aquecimento global.<\/p>\n<p>O evento, que est\u00e1 em sua d\u00e9cima edi\u00e7\u00e3o, \u00e9 considerado um dos mais importantes em empreendedorismo do Brasil por conseguir reunir em um \u00fanico local informa\u00e7\u00f5es sobre abertura de empresas, gest\u00e3o, alternativas de neg\u00f3cios, novos empreendimentos, inova\u00e7\u00f5es tecnol\u00f3gicas, acesso a mercados, oportunidades e cr\u00e9dito aos empreendedores. Focado em empreendedores que querem abrir um neg\u00f3cio e empres\u00e1rios de pequenos neg\u00f3cios que buscam a melhoria na gest\u00e3o, o evento ter\u00e1 a inova\u00e7\u00e3o como tema e pretende atrair cerca de 20 mil visitantes.<\/p>\n<p>Durante a Feira do Empreendedor ser\u00e3o realizadas palestras e oficinas de capacita\u00e7\u00e3o, informa\u00e7\u00f5es sobre oportunidades de neg\u00f3cio, atendimento individual com consultores Sebrae\/SC e contadores, formaliza\u00e7\u00e3o e capacita\u00e7\u00e3o para empreendedores individuais \u2013 MEI, mostra de artesanato e agroneg\u00f3cios e, pela segunda vez, o Sebrae Startup Day, voltado para novos neg\u00f3cios com alto potencial de crescimento. Tamb\u00e9m est\u00e3o programadas rodadas de neg\u00f3cios e semin\u00e1rios de cr\u00e9dito.<br \/>\nHaver\u00e1 tamb\u00e9m exposi\u00e7\u00e3o de oportunidades de neg\u00f3cios com cerca de 60 expositores de diferentes segmentos \u2013 entre eles com\u00e9rcio, ind\u00fastria, servi\u00e7os, franquias e agroneg\u00f3cio previamente selecionados por meio de edital.<\/p>\n<\/p>\n<p>The post <a class=\"colorbox\" rel=\"nofollow\" href=\"http:\/\/economiasc.com.br\/sebraesc-planta-arvores-para-compensar-co2\/\">Sebrae\/SC planta \u00e1rvores para compensar CO2<\/a> appeared first on <a class=\"colorbox\" rel=\"nofollow\" href=\"http:\/\/economiasc.com.br\/\">Economia SC<\/a>.<\/p>\n<p>Via: <a href=\"http:\/\/economiasc.com.br\/sebraesc-planta-arvores-para-compensar-co2\/\" class=\"colorbox\" title=\"Sebrae\/SC planta \u00e1rvores para compensar CO2\">economiasc.com.br<\/a><\/p>\n","protected":false},"excerpt":{"rendered":"<p>O estilo de vida atual nos exige o uso de ve\u00edculos autom\u00f3veis e o consumo de produtos industrializados, por exemplo. Para termos esses benef\u00edcios, contribu\u00edmos com a produ\u00e7\u00e3o de CO2, tamb\u00e9m conhecido como g\u00e1s carb\u00f4nico. Isso acontece mesmo quando buscamos qualifica\u00e7\u00e3o profissional e uma melhor posi\u00e7\u00e3o no mercado de trabalho, como \u00e9 o caso das 20 mil pessoas que participar\u00e3o da Feira do Empreendedor a ser realizada em Florian\u00f3polis, no per\u00edodo de 17 a 20 de julho. Para compensar o preju\u00edzo ao meio ambiente, o Sebrae\/SC realiza o plantio de 150 mudas de \u00e1rvores nativas no aterro sanit\u00e1rio de Chapec\u00f3, nesta quarta-feira, 25, \u00e0s 14 horas. O acesso ao local \u00e9 pelo contorno vi\u00e1rio oeste, pr\u00f3ximo \u00e0 ponte Luiz Perroni.<\/p>\n<p>A analista t\u00e9cnica do Sebrae\/SC, Maria Elena Loch dos Santos, lembra que a a\u00e7\u00e3o foi feita em Chapec\u00f3 h\u00e1 quatro pelo mesmo motivo e os resultados foram muito satisfat\u00f3rios. Em 2014, o gestor ambiental Valmir Carlos Kirschner foi novamente contratado para coordenar a atividade. \u201cQueremos antecipar a neutraliza\u00e7\u00e3o da produ\u00e7\u00e3o de g\u00e1s carb\u00f4nico e tornar a Feira do Empreendedor um evento sustent\u00e1vel\u201d, explica Maria Elena.<\/p>\n<p>Ao t\u00e9rmino da feira, os organizadores far\u00e3o um relat\u00f3rio para saber se a compensa\u00e7\u00e3o antecipada foi suficiente. Caso seja necess\u00e1rio, um novo plantio ser\u00e1 feito. Em Chapec\u00f3, a atividade ser\u00e1 realizada pelos analistas t\u00e9cnicos do Sebrae Florian\u00f3polis e de Chapec\u00f3.<\/p>\n<p>Segundo especialistas, o g\u00e1s carb\u00f4nico, quando liberado, vai para a atmosfera e fica acumulado impedindo que os raios solares circulem livremente. Isso causa uma \u201creten\u00e7\u00e3o de calor\u201d que conhecemos como aquecimento global.<\/p>\n<p>O evento, que est\u00e1 em sua d\u00e9cima edi\u00e7\u00e3o, \u00e9 considerado um dos mais importantes em empreendedorismo do Brasil por conseguir reunir em um \u00fanico local informa\u00e7\u00f5es sobre abertura de empresas, gest\u00e3o, alternativas de neg\u00f3cios, novos empreendimentos, inova\u00e7\u00f5es tecnol\u00f3gicas, acesso a mercados, oportunidades e cr\u00e9dito aos empreendedores. Focado em empreendedores que querem abrir um neg\u00f3cio e empres\u00e1rios de pequenos neg\u00f3cios que buscam a melhoria na gest\u00e3o, o evento ter\u00e1 a inova\u00e7\u00e3o como tema e pretende atrair cerca de 20 mil visitantes.<\/p>\n<p>Durante a Feira do Empreendedor ser\u00e3o realizadas palestras e oficinas de capacita\u00e7\u00e3o, informa\u00e7\u00f5es sobre oportunidades de neg\u00f3cio, atendimento individual com consultores Sebrae\/SC e contadores, formaliza\u00e7\u00e3o e capacita\u00e7\u00e3o para empreendedores individuais \u2013 MEI, mostra de artesanato e agroneg\u00f3cios e, pela segunda vez, o Sebrae Startup Day, voltado para novos neg\u00f3cios com alto potencial de crescimento. Tamb\u00e9m est\u00e3o programadas rodadas de neg\u00f3cios e semin\u00e1rios de cr\u00e9dito.<br \/>\nHaver\u00e1 tamb\u00e9m exposi\u00e7\u00e3o de oportunidades de neg\u00f3cios com cerca de 60 expositores de diferentes segmentos \u2013 entre eles com\u00e9rcio, ind\u00fastria, servi\u00e7os, franquias e agroneg\u00f3cio previamente selecionados por meio de edital.<\/p>\n<\/p>\n<p>The post <a class=\"colorbox\" rel=\"nofollow\" href=\"http:\/\/economiasc.com.br\/sebraesc-planta-arvores-para-compensar-co2\/\">Sebrae\/SC planta \u00e1rvores para compensar CO2<\/a> appeared first on <a class=\"colorbox\" rel=\"nofollow\" href=\"http:\/\/economiasc.com.br\/\">Economia SC<\/a>.<\/p>\n","protected":false},"author":1,"featured_media":0,"comment_status":"open","ping_status":"open","sticky":false,"template":"","format":"standard","meta":{"footnotes":""},"categories":[5],"tags":[],"class_list":["post-2475","post","type-post","status-publish","format-standard","hentry","category-noticias","no-post-thumbnail"],"_links":{"self":[{"href":"https:\/\/www.cdlbc.com.br\/portal\/wp-json\/wp\/v2\/posts\/2475","targetHints":{"allow":["GET"]}}],"collection":[{"href":"https:\/\/www.cdlbc.com.br\/portal\/wp-json\/wp\/v2\/posts"}],"about":[{"href":"https:\/\/www.cdlbc.com.br\/portal\/wp-json\/wp\/v2\/types\/post"}],"author":[{"embeddable":true,"href":"https:\/\/www.cdlbc.com.br\/portal\/wp-json\/wp\/v2\/users\/1"}],"replies":[{"embeddable":true,"href":"https:\/\/www.cdlbc.com.br\/portal\/wp-json\/wp\/v2\/comments?post=2475"}],"version-history":[{"count":0,"href":"https:\/\/www.cdlbc.com.br\/portal\/wp-json\/wp\/v2\/posts\/2475\/revisions"}],"wp:attachment":[{"href":"https:\/\/www.cdlbc.com.br\/portal\/wp-json\/wp\/v2\/media?parent=2475"}],"wp:term":[{"taxonomy":"category","embeddable":true,"href":"https:\/\/www.cdlbc.com.br\/portal\/wp-json\/wp\/v2\/categories?post=2475"},{"taxonomy":"post_tag","embeddable":true,"href":"https:\/\/www.cdlbc.com.br\/portal\/wp-json\/wp\/v2\/tags?post=2475"}],"curies":[{"name":"wp","href":"https:\/\/api.w.org\/{rel}","templated":true}]}}