{"id":2471,"date":"2014-06-25T13:33:00","date_gmt":"2014-06-25T13:33:00","guid":{"rendered":"http:\/\/www.cdlbc.com.br\/portal\/noticias\/comeca-a-23a-festa-do-peixe-no-sul-do-estado\/"},"modified":"2014-06-25T13:33:00","modified_gmt":"2014-06-25T13:33:00","slug":"comeca-a-23a-festa-do-peixe-no-sul-do-estado","status":"publish","type":"post","link":"https:\/\/www.cdlbc.com.br\/portal\/noticias\/comeca-a-23a-festa-do-peixe-no-sul-do-estado\/","title":{"rendered":"Come\u00e7a a 23\u00aa Festa do Peixe no sul do Estado"},"content":{"rendered":"<p>A 23\u00aa Festa do Peixe come\u00e7a nesta quinta-feira, 26, no Centro de Balne\u00e1rio Arroio do Silva. Para apoiar a realiza\u00e7\u00e3o do evento, a Secretaria de Estado da Agricultura e da Pesca destinou R$ 20 mil por meio de conv\u00eanio com a Secretaria de Desenvolvimento Regional de Ararangu\u00e1. Na sexta-feira, 27, \u00e0s 19h30min, o secret\u00e1rio da Agricultura e da Pesca, Airton Spies, participar\u00e1 da abertura oficial da Festa.<\/p>\n<p>Durante os quatro dias de evento, o p\u00fablico poder\u00e1 visitar tamb\u00e9m a Pra\u00e7a Gastron\u00f4mica e a Feira do Mel, Peixe e Artesanato. Al\u00e9m das apresenta\u00e7\u00f5es culturais e shows nacionais. De acordo com o secret\u00e1rio da Agricultura e da Pesca, Airton Spies, a 23\u00aa Festa do Peixe \u00e9 um evento importante no calend\u00e1rio de Santa Catarina e contribui com a gera\u00e7\u00e3o de renda, emprego e qualidade de vida no estado.<\/p>\n<p>O secret\u00e1rio lembra ainda que Santa Catarina \u00e9 o maior produtor de pescados do pa\u00eds e que a atividade emprega milhares de fam\u00edlias no litoral e tamb\u00e9m no interior. \u201cA festa de Balne\u00e1rio Arroio do Silva visa promover a atividade da pesca, o consumo do peixe, e traz tamb\u00e9m a Feira do Mel e do Artesanato. Tornando-se um grande evento de integra\u00e7\u00e3o e entretenimento para as fam\u00edlias do meio rural e do meio urbano.\u201d, ressalta.<\/p>\n<p>No per\u00edodo da Feira do Peixe, Balne\u00e1rio Arroio do Silva ser\u00e1 palco tamb\u00e9m da 4\u00aa Etapa Estadual de Surf \u2013 FECASURF e 2\u00aa Corrida R\u00fastica do Peixe.<\/p>\n<p>The post <a class=\"colorbox\" rel=\"nofollow\" href=\"http:\/\/economiasc.com.br\/comeca-23a-festa-peixe-sul-estado\/\">Come\u00e7a a 23\u00aa Festa do Peixe no sul do Estado<\/a> appeared first on <a class=\"colorbox\" rel=\"nofollow\" href=\"http:\/\/economiasc.com.br\/\">Economia SC<\/a>.<\/p>\n<p>Via: <a href=\"http:\/\/economiasc.com.br\/comeca-23a-festa-peixe-sul-estado\/\" class=\"colorbox\" title=\"Come\u00e7a a 23\u00aa Festa do Peixe no sul do Estado\">economiasc.com.br<\/a><\/p>\n","protected":false},"excerpt":{"rendered":"<p>A 23\u00aa Festa do Peixe come\u00e7a nesta quinta-feira, 26, no Centro de Balne\u00e1rio Arroio do Silva. Para apoiar a realiza\u00e7\u00e3o do evento, a Secretaria de Estado da Agricultura e da Pesca destinou R$ 20 mil por meio de conv\u00eanio com a Secretaria de Desenvolvimento Regional de Ararangu\u00e1. Na sexta-feira, 27, \u00e0s 19h30min, o secret\u00e1rio da Agricultura e da Pesca, Airton Spies, participar\u00e1 da abertura oficial da Festa.<\/p>\n<p>Durante os quatro dias de evento, o p\u00fablico poder\u00e1 visitar tamb\u00e9m a Pra\u00e7a Gastron\u00f4mica e a Feira do Mel, Peixe e Artesanato. Al\u00e9m das apresenta\u00e7\u00f5es culturais e shows nacionais. De acordo com o secret\u00e1rio da Agricultura e da Pesca, Airton Spies, a 23\u00aa Festa do Peixe \u00e9 um evento importante no calend\u00e1rio de Santa Catarina e contribui com a gera\u00e7\u00e3o de renda, emprego e qualidade de vida no estado.<\/p>\n<p>O secret\u00e1rio lembra ainda que Santa Catarina \u00e9 o maior produtor de pescados do pa\u00eds e que a atividade emprega milhares de fam\u00edlias no litoral e tamb\u00e9m no interior. \u201cA festa de Balne\u00e1rio Arroio do Silva visa promover a atividade da pesca, o consumo do peixe, e traz tamb\u00e9m a Feira do Mel e do Artesanato. Tornando-se um grande evento de integra\u00e7\u00e3o e entretenimento para as fam\u00edlias do meio rural e do meio urbano.\u201d, ressalta.<\/p>\n<p>No per\u00edodo da Feira do Peixe, Balne\u00e1rio Arroio do Silva ser\u00e1 palco tamb\u00e9m da 4\u00aa Etapa Estadual de Surf \u2013 FECASURF e 2\u00aa Corrida R\u00fastica do Peixe.<\/p>\n<p>The post <a class=\"colorbox\" rel=\"nofollow\" href=\"http:\/\/economiasc.com.br\/comeca-23a-festa-peixe-sul-estado\/\">Come\u00e7a a 23\u00aa Festa do Peixe no sul do Estado<\/a> appeared first on <a class=\"colorbox\" rel=\"nofollow\" href=\"http:\/\/economiasc.com.br\/\">Economia SC<\/a>.<\/p>\n","protected":false},"author":1,"featured_media":0,"comment_status":"open","ping_status":"open","sticky":false,"template":"","format":"standard","meta":{"footnotes":""},"categories":[5],"tags":[],"class_list":["post-2471","post","type-post","status-publish","format-standard","hentry","category-noticias","no-post-thumbnail"],"_links":{"self":[{"href":"https:\/\/www.cdlbc.com.br\/portal\/wp-json\/wp\/v2\/posts\/2471","targetHints":{"allow":["GET"]}}],"collection":[{"href":"https:\/\/www.cdlbc.com.br\/portal\/wp-json\/wp\/v2\/posts"}],"about":[{"href":"https:\/\/www.cdlbc.com.br\/portal\/wp-json\/wp\/v2\/types\/post"}],"author":[{"embeddable":true,"href":"https:\/\/www.cdlbc.com.br\/portal\/wp-json\/wp\/v2\/users\/1"}],"replies":[{"embeddable":true,"href":"https:\/\/www.cdlbc.com.br\/portal\/wp-json\/wp\/v2\/comments?post=2471"}],"version-history":[{"count":0,"href":"https:\/\/www.cdlbc.com.br\/portal\/wp-json\/wp\/v2\/posts\/2471\/revisions"}],"wp:attachment":[{"href":"https:\/\/www.cdlbc.com.br\/portal\/wp-json\/wp\/v2\/media?parent=2471"}],"wp:term":[{"taxonomy":"category","embeddable":true,"href":"https:\/\/www.cdlbc.com.br\/portal\/wp-json\/wp\/v2\/categories?post=2471"},{"taxonomy":"post_tag","embeddable":true,"href":"https:\/\/www.cdlbc.com.br\/portal\/wp-json\/wp\/v2\/tags?post=2471"}],"curies":[{"name":"wp","href":"https:\/\/api.w.org\/{rel}","templated":true}]}}