{"id":2468,"date":"2014-06-25T12:51:00","date_gmt":"2014-06-25T12:51:00","guid":{"rendered":"http:\/\/www.cdlbc.com.br\/portal\/noticias\/congresso-eventos-brasil-abre-inscricoes\/"},"modified":"2014-06-25T12:51:00","modified_gmt":"2014-06-25T12:51:00","slug":"congresso-eventos-brasil-abre-inscricoes","status":"publish","type":"post","link":"https:\/\/www.cdlbc.com.br\/portal\/noticias\/congresso-eventos-brasil-abre-inscricoes\/","title":{"rendered":"Congresso Eventos Brasil abre inscri\u00e7\u00f5es"},"content":{"rendered":"<p>Est\u00e3o abertas as inscri\u00e7\u00f5es para o Eventos Brasil 2014 \u2013 26\u00ba Congresso Brasileiro de Empresas e Profissionais de Eventos, nos dias 7 e 8 de dezembro, no Centro de Conven\u00e7\u00f5es Rebou\u00e7as, na capital paulista, com o tema central \u201cRevendo conceitos e conectando pessoas\u201d. A expectativa da organiza\u00e7\u00e3o \u00e9 reunir cerca de 1.000 profissionais dos mais de 50 segmentos que formam a cadeia produtiva do setor, entre participantes e visitantes.<\/p>\n<p>\u201cNossa proposta \u00e9 que o setor de eventos se envolva com o Eventos Brasil para discutir solu\u00e7\u00f5es para o mercado, que abrange muitos segmentos, mas ainda \u00e9 pouco reconhecido\u201d, analisa o presidente da ABEOC Brasil \u2013 SP, Osvaldo Barbosa.<\/p>\n<p>As inscri\u00e7\u00f5es j\u00e1 podem ser realizadas no site do Eventos Brasil 2014 que congrega toda a informa\u00e7\u00e3o sobre o 26\u00ba Congresso. Al\u00e9m da mensagem da presidente nacional, Anita Pires, o site traz detalhes sobre as comiss\u00f5es criadas para organiza\u00e7\u00e3o do Congresso, al\u00e9m de informa\u00e7\u00f5es \u00fateis sobre hospedagem e pacotes a\u00e9reos.<\/p>\n<p>O Eventos Brasil 2014 tamb\u00e9m vai ganhar em breve uma fanpage no Facebook, onde ser\u00e1 poss\u00edvel interagir com a organiza\u00e7\u00e3o do evento e com o p\u00fablico em geral. Um canal exclusivo do Congresso no Youtube, tamb\u00e9m trar\u00e1 v\u00eddeos e entrevistas sobre os assuntos tratados em sua 26\u00aa edi\u00e7\u00e3o.<\/p>\n<p>Programa\u00e7\u00e3o multidisciplinar<\/p>\n<p>A programa\u00e7\u00e3o preliminar do Eventos Brasil 2014 procura abranger todos os assuntos relacionado ao setor, na busca pela inova\u00e7\u00e3o. Para o diretor de capacita\u00e7\u00e3o da ABEOC Brasil \u2013 SP, Rodrigo Cordeiro, este \u00e9 um momento de mudan\u00e7a. \u201cEventos n\u00e3o podem ser mais do mesmo, eventos devem sempre inovar. Vamos ocupar todos os espa\u00e7os do Centro de Conven\u00e7\u00f5es Rebou\u00e7as. O momento \u00e9 de mudan\u00e7as e essas mudan\u00e7as t\u00eam que ser percebidas antes. N\u00f3s temos que ser os agentes da mudan\u00e7a\u201d, analisa.<\/p>\n<p>Palestras e confer\u00eancias v\u00e3o tratar de assuntos como economia, a\u00e7\u00f5es para melhorar o ambiente de neg\u00f3cios e inova\u00e7\u00e3o tecnol\u00f3gica em eventos. Al\u00e9m da apresenta\u00e7\u00e3o de trabalhos t\u00e9cnicos, concurso de fotografias, f\u00f3rum de jovens empres\u00e1rios, a programa\u00e7\u00e3o preliminar tamb\u00e9m inclui o lan\u00e7amento de livros e o debate sobre o dimensionamento do setor de eventos no Brasil.<\/p>\n<p>O dimensionamento faz parte do Programa de Qualidade ABEOC Brasil, uma iniciativa da ABEOC Brasil em parceria com o SEBRAE Nacional, com apoio da Confedera\u00e7\u00e3o Nacional do Com\u00e9rcio de Bens, Servi\u00e7os e Turismo (CNC) e da Federa\u00e7\u00e3o Brasileira de Hospedagem e Alimenta\u00e7\u00e3o (FBHA). A pesquisa que revelar\u00e1 uma verdadeira \u201cradiografia\u201d do setor de eventos est\u00e1 sendo realizada pela Universidade Federal Fluminense com apoio do ForEventos (F\u00f3rum do Setor de Eventos) e deve ser conclu\u00edda at\u00e9 outubro.<\/p>\n<\/p>\n<\/p>\n<\/p>\n<p>The post <a class=\"colorbox\" rel=\"nofollow\" href=\"http:\/\/economiasc.com.br\/congresso-eventos-brasil-abre-inscricoes\/\">Congresso Eventos Brasil abre inscri\u00e7\u00f5es<\/a> appeared first on <a class=\"colorbox\" rel=\"nofollow\" href=\"http:\/\/economiasc.com.br\/\">Economia SC<\/a>.<\/p>\n<p>Via: <a href=\"http:\/\/economiasc.com.br\/congresso-eventos-brasil-abre-inscricoes\/\" class=\"colorbox\" title=\"Congresso Eventos Brasil abre inscri\u00e7\u00f5es\">economiasc.com.br<\/a><\/p>\n","protected":false},"excerpt":{"rendered":"<p>Est\u00e3o abertas as inscri\u00e7\u00f5es para o Eventos Brasil 2014 \u2013 26\u00ba Congresso Brasileiro de Empresas e Profissionais de Eventos, nos dias 7 e 8 de dezembro, no Centro de Conven\u00e7\u00f5es Rebou\u00e7as, na capital paulista, com o tema central \u201cRevendo conceitos e conectando pessoas\u201d. A expectativa da organiza\u00e7\u00e3o \u00e9 reunir cerca de 1.000 profissionais dos mais de 50 segmentos que formam a cadeia produtiva do setor, entre participantes e visitantes.<\/p>\n<p>\u201cNossa proposta \u00e9 que o setor de eventos se envolva com o Eventos Brasil para discutir solu\u00e7\u00f5es para o mercado, que abrange muitos segmentos, mas ainda \u00e9 pouco reconhecido\u201d, analisa o presidente da ABEOC Brasil \u2013 SP, Osvaldo Barbosa.<\/p>\n<p>As inscri\u00e7\u00f5es j\u00e1 podem ser realizadas no site do Eventos Brasil 2014 que congrega toda a informa\u00e7\u00e3o sobre o 26\u00ba Congresso. Al\u00e9m da mensagem da presidente nacional, Anita Pires, o site traz detalhes sobre as comiss\u00f5es criadas para organiza\u00e7\u00e3o do Congresso, al\u00e9m de informa\u00e7\u00f5es \u00fateis sobre hospedagem e pacotes a\u00e9reos.<\/p>\n<p>O Eventos Brasil 2014 tamb\u00e9m vai ganhar em breve uma fanpage no Facebook, onde ser\u00e1 poss\u00edvel interagir com a organiza\u00e7\u00e3o do evento e com o p\u00fablico em geral. Um canal exclusivo do Congresso no Youtube, tamb\u00e9m trar\u00e1 v\u00eddeos e entrevistas sobre os assuntos tratados em sua 26\u00aa edi\u00e7\u00e3o.<\/p>\n<p>Programa\u00e7\u00e3o multidisciplinar<\/p>\n<p>A programa\u00e7\u00e3o preliminar do Eventos Brasil 2014 procura abranger todos os assuntos relacionado ao setor, na busca pela inova\u00e7\u00e3o. Para o diretor de capacita\u00e7\u00e3o da ABEOC Brasil \u2013 SP, Rodrigo Cordeiro, este \u00e9 um momento de mudan\u00e7a. \u201cEventos n\u00e3o podem ser mais do mesmo, eventos devem sempre inovar. Vamos ocupar todos os espa\u00e7os do Centro de Conven\u00e7\u00f5es Rebou\u00e7as. O momento \u00e9 de mudan\u00e7as e essas mudan\u00e7as t\u00eam que ser percebidas antes. N\u00f3s temos que ser os agentes da mudan\u00e7a\u201d, analisa.<\/p>\n<p>Palestras e confer\u00eancias v\u00e3o tratar de assuntos como economia, a\u00e7\u00f5es para melhorar o ambiente de neg\u00f3cios e inova\u00e7\u00e3o tecnol\u00f3gica em eventos. Al\u00e9m da apresenta\u00e7\u00e3o de trabalhos t\u00e9cnicos, concurso de fotografias, f\u00f3rum de jovens empres\u00e1rios, a programa\u00e7\u00e3o preliminar tamb\u00e9m inclui o lan\u00e7amento de livros e o debate sobre o dimensionamento do setor de eventos no Brasil.<\/p>\n<p>O dimensionamento faz parte do Programa de Qualidade ABEOC Brasil, uma iniciativa da ABEOC Brasil em parceria com o SEBRAE Nacional, com apoio da Confedera\u00e7\u00e3o Nacional do Com\u00e9rcio de Bens, Servi\u00e7os e Turismo (CNC) e da Federa\u00e7\u00e3o Brasileira de Hospedagem e Alimenta\u00e7\u00e3o (FBHA). A pesquisa que revelar\u00e1 uma verdadeira \u201cradiografia\u201d do setor de eventos est\u00e1 sendo realizada pela Universidade Federal Fluminense com apoio do ForEventos (F\u00f3rum do Setor de Eventos) e deve ser conclu\u00edda at\u00e9 outubro.<\/p>\n<\/p>\n<\/p>\n<\/p>\n<p>The post <a class=\"colorbox\" rel=\"nofollow\" href=\"http:\/\/economiasc.com.br\/congresso-eventos-brasil-abre-inscricoes\/\">Congresso Eventos Brasil abre inscri\u00e7\u00f5es<\/a> appeared first on <a class=\"colorbox\" rel=\"nofollow\" href=\"http:\/\/economiasc.com.br\/\">Economia SC<\/a>.<\/p>\n","protected":false},"author":1,"featured_media":0,"comment_status":"open","ping_status":"open","sticky":false,"template":"","format":"standard","meta":{"footnotes":""},"categories":[5],"tags":[],"class_list":["post-2468","post","type-post","status-publish","format-standard","hentry","category-noticias","no-post-thumbnail"],"_links":{"self":[{"href":"https:\/\/www.cdlbc.com.br\/portal\/wp-json\/wp\/v2\/posts\/2468","targetHints":{"allow":["GET"]}}],"collection":[{"href":"https:\/\/www.cdlbc.com.br\/portal\/wp-json\/wp\/v2\/posts"}],"about":[{"href":"https:\/\/www.cdlbc.com.br\/portal\/wp-json\/wp\/v2\/types\/post"}],"author":[{"embeddable":true,"href":"https:\/\/www.cdlbc.com.br\/portal\/wp-json\/wp\/v2\/users\/1"}],"replies":[{"embeddable":true,"href":"https:\/\/www.cdlbc.com.br\/portal\/wp-json\/wp\/v2\/comments?post=2468"}],"version-history":[{"count":0,"href":"https:\/\/www.cdlbc.com.br\/portal\/wp-json\/wp\/v2\/posts\/2468\/revisions"}],"wp:attachment":[{"href":"https:\/\/www.cdlbc.com.br\/portal\/wp-json\/wp\/v2\/media?parent=2468"}],"wp:term":[{"taxonomy":"category","embeddable":true,"href":"https:\/\/www.cdlbc.com.br\/portal\/wp-json\/wp\/v2\/categories?post=2468"},{"taxonomy":"post_tag","embeddable":true,"href":"https:\/\/www.cdlbc.com.br\/portal\/wp-json\/wp\/v2\/tags?post=2468"}],"curies":[{"name":"wp","href":"https:\/\/api.w.org\/{rel}","templated":true}]}}