{"id":2466,"date":"2014-06-25T12:19:00","date_gmt":"2014-06-25T12:19:00","guid":{"rendered":"http:\/\/www.cdlbc.com.br\/portal\/noticias\/palestras-do-pmi-debatem-lideranca-e-comunicacao\/"},"modified":"2014-06-25T12:19:00","modified_gmt":"2014-06-25T12:19:00","slug":"palestras-do-pmi-debatem-lideranca-e-comunicacao","status":"publish","type":"post","link":"https:\/\/www.cdlbc.com.br\/portal\/noticias\/palestras-do-pmi-debatem-lideranca-e-comunicacao\/","title":{"rendered":"Palestras do PMI debatem lideran\u00e7a e comunica\u00e7\u00e3o"},"content":{"rendered":"<p align=\"center\"><span> <\/span><span>Transformar um grupo de profissionais em uma equipe capaz de desenvolver bons projetos mesmo em ambientes complexos. Este desafio que muitos gestores de projetos enfrentam ser\u00e1 um dos temas debatidos no pr\u00f3ximo dia 26, quinta-feira, durante o Ciclo de Palestras que o PMI Santa Catarina promove em Florian\u00f3polis (SC), no audit\u00f3rio da Sociesc.<\/span><\/p>\n<p> O consultor em Gerenciamento de Projetos (GP) Mauro Trentim \u00e9 um dos convidados do evento e vai abordar alguns aspectos fundamentais para um profissional da \u00e1rea, como demonstrar habilidades interpessoais, comunica\u00e7\u00e3o e lideran\u00e7a. Professor em institui\u00e7\u00f5es como FGV, FAAP e ITA, Trentim afirma que o papel do gerente de projetos \u00e9 guiar e orientar o grupo de pessoas designadas para a fun\u00e7\u00e3o a partir de est\u00e1gios de forma\u00e7\u00e3o de uma equipe.<\/p>\n<p>A import\u00e2ncia da comunica\u00e7\u00e3o em projetos, e os problemas que geralmente ocorrem pela falta de uma comunica\u00e7\u00e3o eficiente, ser\u00e3o debatidas na palestra de Laurontelmo Jesus Rosa de Souza, especialista em Gerenciamento de Marketing e com 12 anos de atua\u00e7\u00e3o na \u00e1rea de GP (Hering, Itautec, Nokia e atualmente na Senior).<\/p>\n<p>The post <a class=\"colorbox\" rel=\"nofollow\" href=\"http:\/\/economiasc.com.br\/palestras-pmi-debatem-lideranca-e-comunicacao\/\">Palestras do PMI debatem lideran\u00e7a e comunica\u00e7\u00e3o<\/a> appeared first on <a class=\"colorbox\" rel=\"nofollow\" href=\"http:\/\/economiasc.com.br\/\">Economia SC<\/a>.<\/p>\n<p>Via: <a href=\"http:\/\/economiasc.com.br\/palestras-pmi-debatem-lideranca-e-comunicacao\/\" class=\"colorbox\" title=\"Palestras do PMI debatem lideran\u00e7a e comunica\u00e7\u00e3o\">economiasc.com.br<\/a><\/p>\n","protected":false},"excerpt":{"rendered":"<p align=\"center\"><span> <\/span><span>Transformar um grupo de profissionais em uma equipe capaz de desenvolver bons projetos mesmo em ambientes complexos. Este desafio que muitos gestores de projetos enfrentam ser\u00e1 um dos temas debatidos no pr\u00f3ximo dia 26, quinta-feira, durante o Ciclo de Palestras que o PMI Santa Catarina promove em Florian\u00f3polis (SC), no audit\u00f3rio da Sociesc.<\/span><\/p>\n<p> O consultor em Gerenciamento de Projetos (GP) Mauro Trentim \u00e9 um dos convidados do evento e vai abordar alguns aspectos fundamentais para um profissional da \u00e1rea, como demonstrar habilidades interpessoais, comunica\u00e7\u00e3o e lideran\u00e7a. Professor em institui\u00e7\u00f5es como FGV, FAAP e ITA, Trentim afirma que o papel do gerente de projetos \u00e9 guiar e orientar o grupo de pessoas designadas para a fun\u00e7\u00e3o a partir de est\u00e1gios de forma\u00e7\u00e3o de uma equipe.<\/p>\n<p>A import\u00e2ncia da comunica\u00e7\u00e3o em projetos, e os problemas que geralmente ocorrem pela falta de uma comunica\u00e7\u00e3o eficiente, ser\u00e3o debatidas na palestra de Laurontelmo Jesus Rosa de Souza, especialista em Gerenciamento de Marketing e com 12 anos de atua\u00e7\u00e3o na \u00e1rea de GP (Hering, Itautec, Nokia e atualmente na Senior).<\/p>\n<p>The post <a class=\"colorbox\" rel=\"nofollow\" href=\"http:\/\/economiasc.com.br\/palestras-pmi-debatem-lideranca-e-comunicacao\/\">Palestras do PMI debatem lideran\u00e7a e comunica\u00e7\u00e3o<\/a> appeared first on <a class=\"colorbox\" rel=\"nofollow\" href=\"http:\/\/economiasc.com.br\/\">Economia SC<\/a>.<\/p>\n","protected":false},"author":1,"featured_media":0,"comment_status":"open","ping_status":"open","sticky":false,"template":"","format":"standard","meta":{"footnotes":""},"categories":[5],"tags":[],"class_list":["post-2466","post","type-post","status-publish","format-standard","hentry","category-noticias","no-post-thumbnail"],"_links":{"self":[{"href":"https:\/\/www.cdlbc.com.br\/portal\/wp-json\/wp\/v2\/posts\/2466","targetHints":{"allow":["GET"]}}],"collection":[{"href":"https:\/\/www.cdlbc.com.br\/portal\/wp-json\/wp\/v2\/posts"}],"about":[{"href":"https:\/\/www.cdlbc.com.br\/portal\/wp-json\/wp\/v2\/types\/post"}],"author":[{"embeddable":true,"href":"https:\/\/www.cdlbc.com.br\/portal\/wp-json\/wp\/v2\/users\/1"}],"replies":[{"embeddable":true,"href":"https:\/\/www.cdlbc.com.br\/portal\/wp-json\/wp\/v2\/comments?post=2466"}],"version-history":[{"count":0,"href":"https:\/\/www.cdlbc.com.br\/portal\/wp-json\/wp\/v2\/posts\/2466\/revisions"}],"wp:attachment":[{"href":"https:\/\/www.cdlbc.com.br\/portal\/wp-json\/wp\/v2\/media?parent=2466"}],"wp:term":[{"taxonomy":"category","embeddable":true,"href":"https:\/\/www.cdlbc.com.br\/portal\/wp-json\/wp\/v2\/categories?post=2466"},{"taxonomy":"post_tag","embeddable":true,"href":"https:\/\/www.cdlbc.com.br\/portal\/wp-json\/wp\/v2\/tags?post=2466"}],"curies":[{"name":"wp","href":"https:\/\/api.w.org\/{rel}","templated":true}]}}