{"id":2465,"date":"2014-06-25T12:14:00","date_gmt":"2014-06-25T12:14:00","guid":{"rendered":"http:\/\/www.cdlbc.com.br\/portal\/noticias\/jornada-inovacao-e-competitividade-inicia-na-fiesc\/"},"modified":"2014-06-25T12:14:00","modified_gmt":"2014-06-25T12:14:00","slug":"jornada-inovacao-e-competitividade-inicia-na-fiesc","status":"publish","type":"post","link":"https:\/\/www.cdlbc.com.br\/portal\/noticias\/jornada-inovacao-e-competitividade-inicia-na-fiesc\/","title":{"rendered":"Jornada Inova\u00e7\u00e3o e Competitividade inicia na Fiesc"},"content":{"rendered":"<div class=\"ftpimagefix\" style=\"float:left\"><img decoding=\"async\" width=\"250\" alt=\"fiesc_ferrovia\" src=\"http:\/\/economiasc.com.br\/wp-content\/uploads\/2014\/06\/fiesc_ferrovia-300x199.jpg\"><\/div>\n<p>Empres\u00e1rios debatem os aspectos mais importantes para o futuro da ind\u00fastria. Foto: Divulga\u00e7\u00e3o<\/p>\n<p>A Jornada Inova\u00e7\u00e3o e Competitividade da Ind\u00fastria Catarinense, promovida pela Federa\u00e7\u00e3o das Ind\u00fastrias de Santa Catarina (FIESC), se inicia nesta quarta-feira, dia 25, no Centro de Eventos da entidade, em Florian\u00f3polis. O encontro j\u00e1 tem 1,5 mil inscritos e segue at\u00e9 sexta-feira, dia 27, com a presen\u00e7a de empres\u00e1rios, representantes de sindicatos de ind\u00fastria, autoridades e especialistas. Eles v\u00e3o debater os temas: qualidade de vida, educa\u00e7\u00e3o, inova\u00e7\u00e3o, tecnologia e ambiente institucional. Nesta quarta-feira o encontro ter\u00e1 como temas qualidade de vida e educa\u00e7\u00e3o. <\/p>\n<p>\u00c0s 9h45 ser\u00e1 realizada a palestra \u201cTrabalhador saud\u00e1vel, ind\u00fastria produtiva\u201d, com Steven Aldana, um dos maiores especialistas norte-americanos em bem-estar e vida saud\u00e1vel no ambiente de trabalho. \u00c0 tarde, a partir das 13h30, est\u00e3o programadas as palestras \u201cGest\u00e3o de economia para ambientes seguros e saud\u00e1veis\u201d; \u201cNovas compet\u00eancias para o profissional do s\u00e9culo 21\u2033, al\u00e9m do painel \u201cO papel da educa\u00e7\u00e3o para o desenvolvimento de compet\u00eancias para o mundo do trabalho\u201d.A FIESC est\u00e1 promovendo a Jornada Inova\u00e7\u00e3o e Competitividade da Ind\u00fastria Catarinense.<\/p>\n<\/p>\n<p>The post Jornada Inova\u00e7\u00e3o e Competitividade inicia na Fiesc appeared first on Economia SC.<\/p>\n<p>Via: <a href=\"http:\/\/economiasc.com.br\/jornada-inovacao-e-competitividade-inicia-na-fiesc\/\" class=\"colorbox\" title=\"Jornada Inova\u00e7\u00e3o e Competitividade inicia na Fiesc\">economiasc.com.br<\/a><\/p>\n","protected":false},"excerpt":{"rendered":"<div class=\"ftpimagefix\" style=\"float:left\"><img decoding=\"async\" width=\"250\" alt=\"fiesc_ferrovia\" src=\"http:\/\/economiasc.com.br\/wp-content\/uploads\/2014\/06\/fiesc_ferrovia-300x199.jpg\"><\/div>\n<p>Empres\u00e1rios debatem os aspectos mais importantes para o futuro da ind\u00fastria. Foto: Divulga\u00e7\u00e3o<\/p>\n<p>A Jornada Inova\u00e7\u00e3o e Competitividade da Ind\u00fastria Catarinense, promovida pela Federa\u00e7\u00e3o das Ind\u00fastrias de Santa Catarina (FIESC), se inicia nesta quarta-feira, dia 25, no Centro de Eventos da entidade, em Florian\u00f3polis. O encontro j\u00e1 tem 1,5 mil inscritos e segue at\u00e9 sexta-feira, dia 27, com a presen\u00e7a de empres\u00e1rios, representantes de sindicatos de ind\u00fastria, autoridades e especialistas. Eles v\u00e3o debater os temas: qualidade de vida, educa\u00e7\u00e3o, inova\u00e7\u00e3o, tecnologia e ambiente institucional. Nesta quarta-feira o encontro ter\u00e1 como temas qualidade de vida e educa\u00e7\u00e3o. <\/p>\n<p>\u00c0s 9h45 ser\u00e1 realizada a palestra \u201cTrabalhador saud\u00e1vel, ind\u00fastria produtiva\u201d, com Steven Aldana, um dos maiores especialistas norte-americanos em bem-estar e vida saud\u00e1vel no ambiente de trabalho. \u00c0 tarde, a partir das 13h30, est\u00e3o programadas as palestras \u201cGest\u00e3o de economia para ambientes seguros e saud\u00e1veis\u201d; \u201cNovas compet\u00eancias para o profissional do s\u00e9culo 21\u2033, al\u00e9m do painel \u201cO papel da educa\u00e7\u00e3o para o desenvolvimento de compet\u00eancias para o mundo do trabalho\u201d.A FIESC est\u00e1 promovendo a Jornada Inova\u00e7\u00e3o e Competitividade da Ind\u00fastria Catarinense.<\/p>\n<\/p>\n<p>The post Jornada Inova\u00e7\u00e3o e Competitividade inicia na Fiesc appeared first on Economia SC.<\/p>\n","protected":false},"author":1,"featured_media":0,"comment_status":"open","ping_status":"open","sticky":false,"template":"","format":"standard","meta":{"footnotes":""},"categories":[5],"tags":[],"class_list":["post-2465","post","type-post","status-publish","format-standard","hentry","category-noticias","no-post-thumbnail"],"_links":{"self":[{"href":"https:\/\/www.cdlbc.com.br\/portal\/wp-json\/wp\/v2\/posts\/2465","targetHints":{"allow":["GET"]}}],"collection":[{"href":"https:\/\/www.cdlbc.com.br\/portal\/wp-json\/wp\/v2\/posts"}],"about":[{"href":"https:\/\/www.cdlbc.com.br\/portal\/wp-json\/wp\/v2\/types\/post"}],"author":[{"embeddable":true,"href":"https:\/\/www.cdlbc.com.br\/portal\/wp-json\/wp\/v2\/users\/1"}],"replies":[{"embeddable":true,"href":"https:\/\/www.cdlbc.com.br\/portal\/wp-json\/wp\/v2\/comments?post=2465"}],"version-history":[{"count":0,"href":"https:\/\/www.cdlbc.com.br\/portal\/wp-json\/wp\/v2\/posts\/2465\/revisions"}],"wp:attachment":[{"href":"https:\/\/www.cdlbc.com.br\/portal\/wp-json\/wp\/v2\/media?parent=2465"}],"wp:term":[{"taxonomy":"category","embeddable":true,"href":"https:\/\/www.cdlbc.com.br\/portal\/wp-json\/wp\/v2\/categories?post=2465"},{"taxonomy":"post_tag","embeddable":true,"href":"https:\/\/www.cdlbc.com.br\/portal\/wp-json\/wp\/v2\/tags?post=2465"}],"curies":[{"name":"wp","href":"https:\/\/api.w.org\/{rel}","templated":true}]}}