{"id":2463,"date":"2014-06-25T11:54:00","date_gmt":"2014-06-25T11:54:00","guid":{"rendered":"http:\/\/www.cdlbc.com.br\/portal\/noticias\/incc-m-desacelera-em-junho\/"},"modified":"2014-06-25T11:54:00","modified_gmt":"2014-06-25T11:54:00","slug":"incc-m-desacelera-em-junho","status":"publish","type":"post","link":"https:\/\/www.cdlbc.com.br\/portal\/noticias\/incc-m-desacelera-em-junho\/","title":{"rendered":"INCC-M desacelera em junho"},"content":{"rendered":"<div class=\"ftpimagefix\" style=\"float:left\"><img decoding=\"async\" width=\"250\" alt=\"constru\u00e7\u00e3o\" src=\"http:\/\/economiasc.com.br\/wp-content\/uploads\/2014\/06\/constru%C3%A7%C3%A3o-300x187.jpg\"><\/div>\n<p>O \u00cdndice Nacional de Custo da Constru\u00e7\u00e3o \u2013 M variou 1,25% no m\u00eas de junho. Foto: Divulga\u00e7\u00e3o<\/p>\n<p>O \u00cdndice Nacional de Custo da Constru\u00e7\u00e3o \u2013 M (INCC-M) registrou, em junho, taxa de varia\u00e7\u00e3o de 1,25%, abaixo do resultado do m\u00eas anterior, de 1,37%. No ano, o \u00edndice acumula varia\u00e7\u00e3o de 4,72% e, nos \u00faltimos 12 meses, a taxa registrada \u00e9 de 7,14%.<\/p>\n<p>O \u00edndice relativo a Materiais, Equipamentos e Servi\u00e7os registrou varia\u00e7\u00e3o de 0,37%. No m\u00eas anterior, a taxa havia sido de 0,47%. O \u00edndice referente \u00e0 M\u00e3o de Obra registrou varia\u00e7\u00e3o de 2,05%. No m\u00eas anterior, a varia\u00e7\u00e3o registrada foi de 2,20%. O INCC-M \u00e9 calculado com base nos pre\u00e7os coletados entre os dias 21 do m\u00eas anterior e 20 do m\u00eas de refer\u00eancia.<\/p>\n<p><strong>Materiais, Equipamentos e Servi\u00e7os<\/strong><\/p>\n<p>No grupo Materiais, Equipamentos e Servi\u00e7os, o \u00edndice correspondente a Materiais e Equipamentos registrou varia\u00e7\u00e3o de 0,38%. No m\u00eas anterior, a taxa havia sido de 0,50%. Tr\u00eas dos quatro subgrupos componentes apresentaram decr\u00e9scimo em suas taxas de varia\u00e7\u00e3o, destacando-se materiais para estrutura, cuja taxa passou de 0,61% para 0,37%.<\/p>\n<p>A parcela relativa a Servi\u00e7os passou de uma taxa de 0,36%, em maio, para 0,34%, em junho. Neste grupo, vale destacar a desacelera\u00e7\u00e3o do subgrupo refei\u00e7\u00e3o pronta no local de trabalho, cuja varia\u00e7\u00e3o passou de 0,98% para 0,54%.<\/p>\n<p><strong>M\u00e3o de obra<\/strong><\/p>\n<p>O grupo M\u00e3o de Obra registrou varia\u00e7\u00e3o de 2,05% em junho. No m\u00eas anterior, a varia\u00e7\u00e3o foi 2,20%. A varia\u00e7\u00e3o foi consequ\u00eancia dos reajustes salariais ocorridos em S\u00e3o Paulo e Bras\u00edlia.<\/p>\n<p><strong>Capitais<\/strong><\/p>\n<p>Quatro capitais apresentaram desacelera\u00e7\u00e3o em suas taxas de varia\u00e7\u00e3o: Salvador, Belo Horizonte, Rio de Janeiro e Porto Alegre. Em contrapartida, Bras\u00edlia, Recife e S\u00e3o Paulo registraram acelera\u00e7\u00e3o.<strong> (FGV-Ibre)<\/strong><\/p>\n<p>The post INCC-M desacelera em junho appeared first on Economia SC.<\/p>\n<p>Via: <a href=\"http:\/\/economiasc.com.br\/incc-m-desacelera-em-junho\/\" class=\"colorbox\" title=\"INCC-M desacelera em junho\">economiasc.com.br<\/a><\/p>\n","protected":false},"excerpt":{"rendered":"<div class=\"ftpimagefix\" style=\"float:left\"><img decoding=\"async\" width=\"250\" alt=\"constru\u00e7\u00e3o\" src=\"http:\/\/economiasc.com.br\/wp-content\/uploads\/2014\/06\/constru%C3%A7%C3%A3o-300x187.jpg\"><\/div>\n<p>O \u00cdndice Nacional de Custo da Constru\u00e7\u00e3o \u2013 M variou 1,25% no m\u00eas de junho. Foto: Divulga\u00e7\u00e3o<\/p>\n<p>O \u00cdndice Nacional de Custo da Constru\u00e7\u00e3o \u2013 M (INCC-M) registrou, em junho, taxa de varia\u00e7\u00e3o de 1,25%, abaixo do resultado do m\u00eas anterior, de 1,37%. No ano, o \u00edndice acumula varia\u00e7\u00e3o de 4,72% e, nos \u00faltimos 12 meses, a taxa registrada \u00e9 de 7,14%.<\/p>\n<p>O \u00edndice relativo a Materiais, Equipamentos e Servi\u00e7os registrou varia\u00e7\u00e3o de 0,37%. No m\u00eas anterior, a taxa havia sido de 0,47%. O \u00edndice referente \u00e0 M\u00e3o de Obra registrou varia\u00e7\u00e3o de 2,05%. No m\u00eas anterior, a varia\u00e7\u00e3o registrada foi de 2,20%. O INCC-M \u00e9 calculado com base nos pre\u00e7os coletados entre os dias 21 do m\u00eas anterior e 20 do m\u00eas de refer\u00eancia.<\/p>\n<p><strong>Materiais, Equipamentos e Servi\u00e7os<\/strong><\/p>\n<p>No grupo Materiais, Equipamentos e Servi\u00e7os, o \u00edndice correspondente a Materiais e Equipamentos registrou varia\u00e7\u00e3o de 0,38%. No m\u00eas anterior, a taxa havia sido de 0,50%. Tr\u00eas dos quatro subgrupos componentes apresentaram decr\u00e9scimo em suas taxas de varia\u00e7\u00e3o, destacando-se materiais para estrutura, cuja taxa passou de 0,61% para 0,37%.<\/p>\n<p>A parcela relativa a Servi\u00e7os passou de uma taxa de 0,36%, em maio, para 0,34%, em junho. Neste grupo, vale destacar a desacelera\u00e7\u00e3o do subgrupo refei\u00e7\u00e3o pronta no local de trabalho, cuja varia\u00e7\u00e3o passou de 0,98% para 0,54%.<\/p>\n<p><strong>M\u00e3o de obra<\/strong><\/p>\n<p>O grupo M\u00e3o de Obra registrou varia\u00e7\u00e3o de 2,05% em junho. No m\u00eas anterior, a varia\u00e7\u00e3o foi 2,20%. A varia\u00e7\u00e3o foi consequ\u00eancia dos reajustes salariais ocorridos em S\u00e3o Paulo e Bras\u00edlia.<\/p>\n<p><strong>Capitais<\/strong><\/p>\n<p>Quatro capitais apresentaram desacelera\u00e7\u00e3o em suas taxas de varia\u00e7\u00e3o: Salvador, Belo Horizonte, Rio de Janeiro e Porto Alegre. Em contrapartida, Bras\u00edlia, Recife e S\u00e3o Paulo registraram acelera\u00e7\u00e3o.<strong> (FGV-Ibre)<\/strong><\/p>\n<p>The post INCC-M desacelera em junho appeared first on Economia SC.<\/p>\n","protected":false},"author":1,"featured_media":0,"comment_status":"open","ping_status":"open","sticky":false,"template":"","format":"standard","meta":{"footnotes":""},"categories":[5],"tags":[],"class_list":["post-2463","post","type-post","status-publish","format-standard","hentry","category-noticias","no-post-thumbnail"],"_links":{"self":[{"href":"https:\/\/www.cdlbc.com.br\/portal\/wp-json\/wp\/v2\/posts\/2463","targetHints":{"allow":["GET"]}}],"collection":[{"href":"https:\/\/www.cdlbc.com.br\/portal\/wp-json\/wp\/v2\/posts"}],"about":[{"href":"https:\/\/www.cdlbc.com.br\/portal\/wp-json\/wp\/v2\/types\/post"}],"author":[{"embeddable":true,"href":"https:\/\/www.cdlbc.com.br\/portal\/wp-json\/wp\/v2\/users\/1"}],"replies":[{"embeddable":true,"href":"https:\/\/www.cdlbc.com.br\/portal\/wp-json\/wp\/v2\/comments?post=2463"}],"version-history":[{"count":0,"href":"https:\/\/www.cdlbc.com.br\/portal\/wp-json\/wp\/v2\/posts\/2463\/revisions"}],"wp:attachment":[{"href":"https:\/\/www.cdlbc.com.br\/portal\/wp-json\/wp\/v2\/media?parent=2463"}],"wp:term":[{"taxonomy":"category","embeddable":true,"href":"https:\/\/www.cdlbc.com.br\/portal\/wp-json\/wp\/v2\/categories?post=2463"},{"taxonomy":"post_tag","embeddable":true,"href":"https:\/\/www.cdlbc.com.br\/portal\/wp-json\/wp\/v2\/tags?post=2463"}],"curies":[{"name":"wp","href":"https:\/\/api.w.org\/{rel}","templated":true}]}}