{"id":2462,"date":"2014-06-25T11:37:00","date_gmt":"2014-06-25T11:37:00","guid":{"rendered":"http:\/\/www.cdlbc.com.br\/portal\/noticias\/previa-da-confianca-da-industria-indica-queda\/"},"modified":"2014-06-25T11:37:00","modified_gmt":"2014-06-25T11:37:00","slug":"previa-da-confianca-da-industria-indica-queda","status":"publish","type":"post","link":"https:\/\/www.cdlbc.com.br\/portal\/noticias\/previa-da-confianca-da-industria-indica-queda\/","title":{"rendered":"Pr\u00e9via da Confian\u00e7a da Ind\u00fastria indica queda"},"content":{"rendered":"<div class=\"ftpimagefix\" style=\"float:left\"><img decoding=\"async\" width=\"250\" alt=\"industria linha de montagem\" src=\"http:\/\/economiasc.com.br\/wp-content\/uploads\/2014\/06\/industria-linha-de-montagem1.jpg\"><\/div>\n<p>\u00cdndice atingiria menor valor desde maio de 2009, chegando a 87,6 pontos. Foto: Divulga\u00e7\u00e3o<\/p>\n<p>A pr\u00e9via de junho da Sondagem da Ind\u00fastria de Transforma\u00e7\u00e3o realizada pelo Ibre-FGV sinaliza queda de 3,4% do \u00cdndice de Confian\u00e7a da Ind\u00fastria (ICI) em rela\u00e7\u00e3o ao resultado final de maio, considerando-se dados livres de influ\u00eancia sazonal. Com o resultado, o \u00edndice atingiria 87,6 pontos, o menor desde maio de 2009 (86,4), e manteria a trajet\u00f3ria declinante iniciada em janeiro passado.<\/p>\n<p>Assim como ocorrera em maio, o resultado de junho decorreria da deteriora\u00e7\u00e3o tanto das avalia\u00e7\u00f5es sobre o momento presente quanto das expectativas em rela\u00e7\u00e3o aos meses seguintes. O \u00cdndice da Situa\u00e7\u00e3o Atual (ISA) recuaria 2,1%, para 90,4 pontos, enquanto o \u00cdndice de Expectativas (IE) diminuiria 4,9%, para 84,8 pontos.<\/p>\n<p>Os dados preliminares de junho indicam redu\u00e7\u00e3o de 0,8 ponto percentual no N\u00edvel de Utiliza\u00e7\u00e3o da Capacidade Instalada (NUCI), para 83,5%, o menor desde novembro de 2011 (83,3%).<\/p>\n<p>Para a pr\u00e9via da Sondagem da Ind\u00fastria foram consultadas 806 empresas entre os dias 02 e 18 deste m\u00eas. O resultado final da pesquisa ser\u00e1 divulgado na pr\u00f3xima segunda-feira, dia 30 de junho. <strong>(FGV\/Ibre)<\/strong><\/p>\n<p>The post Pr\u00e9via da Confian\u00e7a da Ind\u00fastria indica queda appeared first on Economia SC.<\/p>\n<p>Via: <a href=\"http:\/\/economiasc.com.br\/previa-da-confianca-da-industria-indica-queda\/\" class=\"colorbox\" title=\"Pr\u00e9via da Confian\u00e7a da Ind\u00fastria indica queda\">economiasc.com.br<\/a><\/p>\n","protected":false},"excerpt":{"rendered":"<div class=\"ftpimagefix\" style=\"float:left\"><img decoding=\"async\" width=\"250\" alt=\"industria linha de montagem\" src=\"http:\/\/economiasc.com.br\/wp-content\/uploads\/2014\/06\/industria-linha-de-montagem1.jpg\"><\/div>\n<p>\u00cdndice atingiria menor valor desde maio de 2009, chegando a 87,6 pontos. Foto: Divulga\u00e7\u00e3o<\/p>\n<p>A pr\u00e9via de junho da Sondagem da Ind\u00fastria de Transforma\u00e7\u00e3o realizada pelo Ibre-FGV sinaliza queda de 3,4% do \u00cdndice de Confian\u00e7a da Ind\u00fastria (ICI) em rela\u00e7\u00e3o ao resultado final de maio, considerando-se dados livres de influ\u00eancia sazonal. Com o resultado, o \u00edndice atingiria 87,6 pontos, o menor desde maio de 2009 (86,4), e manteria a trajet\u00f3ria declinante iniciada em janeiro passado.<\/p>\n<p>Assim como ocorrera em maio, o resultado de junho decorreria da deteriora\u00e7\u00e3o tanto das avalia\u00e7\u00f5es sobre o momento presente quanto das expectativas em rela\u00e7\u00e3o aos meses seguintes. O \u00cdndice da Situa\u00e7\u00e3o Atual (ISA) recuaria 2,1%, para 90,4 pontos, enquanto o \u00cdndice de Expectativas (IE) diminuiria 4,9%, para 84,8 pontos.<\/p>\n<p>Os dados preliminares de junho indicam redu\u00e7\u00e3o de 0,8 ponto percentual no N\u00edvel de Utiliza\u00e7\u00e3o da Capacidade Instalada (NUCI), para 83,5%, o menor desde novembro de 2011 (83,3%).<\/p>\n<p>Para a pr\u00e9via da Sondagem da Ind\u00fastria foram consultadas 806 empresas entre os dias 02 e 18 deste m\u00eas. O resultado final da pesquisa ser\u00e1 divulgado na pr\u00f3xima segunda-feira, dia 30 de junho. <strong>(FGV\/Ibre)<\/strong><\/p>\n<p>The post Pr\u00e9via da Confian\u00e7a da Ind\u00fastria indica queda appeared first on Economia SC.<\/p>\n","protected":false},"author":1,"featured_media":0,"comment_status":"open","ping_status":"open","sticky":false,"template":"","format":"standard","meta":{"footnotes":""},"categories":[5],"tags":[],"class_list":["post-2462","post","type-post","status-publish","format-standard","hentry","category-noticias","no-post-thumbnail"],"_links":{"self":[{"href":"https:\/\/www.cdlbc.com.br\/portal\/wp-json\/wp\/v2\/posts\/2462","targetHints":{"allow":["GET"]}}],"collection":[{"href":"https:\/\/www.cdlbc.com.br\/portal\/wp-json\/wp\/v2\/posts"}],"about":[{"href":"https:\/\/www.cdlbc.com.br\/portal\/wp-json\/wp\/v2\/types\/post"}],"author":[{"embeddable":true,"href":"https:\/\/www.cdlbc.com.br\/portal\/wp-json\/wp\/v2\/users\/1"}],"replies":[{"embeddable":true,"href":"https:\/\/www.cdlbc.com.br\/portal\/wp-json\/wp\/v2\/comments?post=2462"}],"version-history":[{"count":0,"href":"https:\/\/www.cdlbc.com.br\/portal\/wp-json\/wp\/v2\/posts\/2462\/revisions"}],"wp:attachment":[{"href":"https:\/\/www.cdlbc.com.br\/portal\/wp-json\/wp\/v2\/media?parent=2462"}],"wp:term":[{"taxonomy":"category","embeddable":true,"href":"https:\/\/www.cdlbc.com.br\/portal\/wp-json\/wp\/v2\/categories?post=2462"},{"taxonomy":"post_tag","embeddable":true,"href":"https:\/\/www.cdlbc.com.br\/portal\/wp-json\/wp\/v2\/tags?post=2462"}],"curies":[{"name":"wp","href":"https:\/\/api.w.org\/{rel}","templated":true}]}}