{"id":2451,"date":"2014-06-24T16:54:00","date_gmt":"2014-06-24T16:54:00","guid":{"rendered":"http:\/\/www.cdlbc.com.br\/portal\/noticias\/empresas-tem-ate-o-dia-30-para-declarar-impostos\/"},"modified":"2014-06-24T16:54:00","modified_gmt":"2014-06-24T16:54:00","slug":"empresas-tem-ate-o-dia-30-para-declarar-impostos","status":"publish","type":"post","link":"https:\/\/www.cdlbc.com.br\/portal\/noticias\/empresas-tem-ate-o-dia-30-para-declarar-impostos\/","title":{"rendered":"Empresas t\u00eam at\u00e9 o dia 30 para declarar impostos"},"content":{"rendered":"<div class=\"ftpimagefix\" style=\"float:left\"><img decoding=\"async\" width=\"250\" alt=\"Imposto de Renda 3\" src=\"http:\/\/economiasc.com.br\/wp-content\/uploads\/2014\/06\/Imposto-de-Renda-32-300x225.jpg\"><\/div>\n<p>A multa por atraso na declara\u00e7\u00e3o de Pessoa Jur\u00eddica \u00e9 2% sobre o imposto devido. Foto: Divulga\u00e7\u00e3o<\/p>\n<p align=\"center\">As empresas t\u00eam at\u00e9 o dia 30 de junho de 2014 para declarar o Imposto de Renda Pessoa Jur\u00eddica, a DIPJ. A transmiss\u00e3o dever\u00e1 ser feita por meio de assinatura digital, utilizando uma certifica\u00e7\u00e3o digital v\u00e1lida. As informa\u00e7\u00f5es devem ser encaminhadas \u00e0 Receita Federal do Brasil por meio de um programa gerador da DIPJ, dispon\u00edvel no site do \u00f3rg\u00e3o.<\/p>\n<p>O presidente da Federa\u00e7\u00e3o dos Contabilistas do Estado de S\u00e3o Paulo \u2013 Fecontesp, Jos\u00e9 de Souza explica que os empres\u00e1rios dever\u00e3o fornecer para os profissionais da Contabilidade os dados cont\u00e1beis referentes ao \u00faltimo ano, bem como valores de reten\u00e7\u00f5es realizadas pela empresa de seus prestadores de servi\u00e7o PJ. \u201cAs declara\u00e7\u00f5es que n\u00e3o forem entregues dentro do prazo ou com erros e omiss\u00f5es resultar\u00e3o em convoca\u00e7\u00f5es a multa aplicada \u00e9 de 2% sobre o valor do imposto devido ao m\u00eas-calend\u00e1rio e R$ 20,00 para cada grupo de 10 informa\u00e7\u00f5es incorretas ou omitidas\u201d, disse Souza.<\/p>\n<p>De acordo com o presidente da Federa\u00e7\u00e3o, este ano ser\u00e1 o \u00faltimo para o envio da DIPJ. A partir de 2015 entra em vigor a Escritura\u00e7\u00e3o Fiscal Digital \u2013 EFD do IRPJ, que substituir\u00e1 a obriga\u00e7\u00e3o acess\u00f3ria. \u201cO profissional da Contabilidade assumir\u00e1 uma fun\u00e7\u00e3o fundamental para as empresas no sentido de conduzir e cumprir essa nova obriga\u00e7\u00e3o. Portanto, a total integra\u00e7\u00e3o entre empres\u00e1rios e contadores faz-se necess\u00e1ria para o cumprimento da nova determina\u00e7\u00e3o do governo\u201d, enfatiza Souza.<\/p>\n<p>The post Empresas t\u00eam at\u00e9 o dia 30 para declarar impostos appeared first on Economia SC.<\/p>\n<p>Via: <a href=\"http:\/\/economiasc.com.br\/empresas-tem-ate-o-dia-30-para-declarar-impostos\/\" class=\"colorbox\" title=\"Empresas t\u00eam at\u00e9 o dia 30 para declarar impostos\">economiasc.com.br<\/a><\/p>\n","protected":false},"excerpt":{"rendered":"<div class=\"ftpimagefix\" style=\"float:left\"><img decoding=\"async\" width=\"250\" alt=\"Imposto de Renda 3\" src=\"http:\/\/economiasc.com.br\/wp-content\/uploads\/2014\/06\/Imposto-de-Renda-32-300x225.jpg\"><\/div>\n<p>A multa por atraso na declara\u00e7\u00e3o de Pessoa Jur\u00eddica \u00e9 2% sobre o imposto devido. Foto: Divulga\u00e7\u00e3o<\/p>\n<p align=\"center\">As empresas t\u00eam at\u00e9 o dia 30 de junho de 2014 para declarar o Imposto de Renda Pessoa Jur\u00eddica, a DIPJ. A transmiss\u00e3o dever\u00e1 ser feita por meio de assinatura digital, utilizando uma certifica\u00e7\u00e3o digital v\u00e1lida. As informa\u00e7\u00f5es devem ser encaminhadas \u00e0 Receita Federal do Brasil por meio de um programa gerador da DIPJ, dispon\u00edvel no site do \u00f3rg\u00e3o.<\/p>\n<p>O presidente da Federa\u00e7\u00e3o dos Contabilistas do Estado de S\u00e3o Paulo \u2013 Fecontesp, Jos\u00e9 de Souza explica que os empres\u00e1rios dever\u00e3o fornecer para os profissionais da Contabilidade os dados cont\u00e1beis referentes ao \u00faltimo ano, bem como valores de reten\u00e7\u00f5es realizadas pela empresa de seus prestadores de servi\u00e7o PJ. \u201cAs declara\u00e7\u00f5es que n\u00e3o forem entregues dentro do prazo ou com erros e omiss\u00f5es resultar\u00e3o em convoca\u00e7\u00f5es a multa aplicada \u00e9 de 2% sobre o valor do imposto devido ao m\u00eas-calend\u00e1rio e R$ 20,00 para cada grupo de 10 informa\u00e7\u00f5es incorretas ou omitidas\u201d, disse Souza.<\/p>\n<p>De acordo com o presidente da Federa\u00e7\u00e3o, este ano ser\u00e1 o \u00faltimo para o envio da DIPJ. A partir de 2015 entra em vigor a Escritura\u00e7\u00e3o Fiscal Digital \u2013 EFD do IRPJ, que substituir\u00e1 a obriga\u00e7\u00e3o acess\u00f3ria. \u201cO profissional da Contabilidade assumir\u00e1 uma fun\u00e7\u00e3o fundamental para as empresas no sentido de conduzir e cumprir essa nova obriga\u00e7\u00e3o. Portanto, a total integra\u00e7\u00e3o entre empres\u00e1rios e contadores faz-se necess\u00e1ria para o cumprimento da nova determina\u00e7\u00e3o do governo\u201d, enfatiza Souza.<\/p>\n<p>The post Empresas t\u00eam at\u00e9 o dia 30 para declarar impostos appeared first on Economia SC.<\/p>\n","protected":false},"author":1,"featured_media":0,"comment_status":"open","ping_status":"open","sticky":false,"template":"","format":"standard","meta":{"footnotes":""},"categories":[5],"tags":[],"class_list":["post-2451","post","type-post","status-publish","format-standard","hentry","category-noticias","no-post-thumbnail"],"_links":{"self":[{"href":"https:\/\/www.cdlbc.com.br\/portal\/wp-json\/wp\/v2\/posts\/2451","targetHints":{"allow":["GET"]}}],"collection":[{"href":"https:\/\/www.cdlbc.com.br\/portal\/wp-json\/wp\/v2\/posts"}],"about":[{"href":"https:\/\/www.cdlbc.com.br\/portal\/wp-json\/wp\/v2\/types\/post"}],"author":[{"embeddable":true,"href":"https:\/\/www.cdlbc.com.br\/portal\/wp-json\/wp\/v2\/users\/1"}],"replies":[{"embeddable":true,"href":"https:\/\/www.cdlbc.com.br\/portal\/wp-json\/wp\/v2\/comments?post=2451"}],"version-history":[{"count":0,"href":"https:\/\/www.cdlbc.com.br\/portal\/wp-json\/wp\/v2\/posts\/2451\/revisions"}],"wp:attachment":[{"href":"https:\/\/www.cdlbc.com.br\/portal\/wp-json\/wp\/v2\/media?parent=2451"}],"wp:term":[{"taxonomy":"category","embeddable":true,"href":"https:\/\/www.cdlbc.com.br\/portal\/wp-json\/wp\/v2\/categories?post=2451"},{"taxonomy":"post_tag","embeddable":true,"href":"https:\/\/www.cdlbc.com.br\/portal\/wp-json\/wp\/v2\/tags?post=2451"}],"curies":[{"name":"wp","href":"https:\/\/api.w.org\/{rel}","templated":true}]}}