{"id":2450,"date":"2014-06-24T16:37:00","date_gmt":"2014-06-24T16:37:00","guid":{"rendered":"http:\/\/www.cdlbc.com.br\/portal\/noticias\/alexandre-weiler-ministra-palestra-em-itajai\/"},"modified":"2014-06-24T16:37:00","modified_gmt":"2014-06-24T16:37:00","slug":"alexandre-weiler-ministra-palestra-em-itajai","status":"publish","type":"post","link":"https:\/\/www.cdlbc.com.br\/portal\/noticias\/alexandre-weiler-ministra-palestra-em-itajai\/","title":{"rendered":"Alexandre Weiler ministra palestra em Itaja\u00ed"},"content":{"rendered":"<p align=\"center\"><span>O professor Alexandre Weiler, doutor em Administra\u00e7\u00e3o e diretor de forma\u00e7\u00e3o executiva \u00e9 o convidado da Tear Escola de Neg\u00f3cios para conduzir a palestra gratuita sobre Marketing e Vendas, no dia 22 de julho, \u00e0s 19h30, no audit\u00f3rio do Sindipi em Itaja\u00ed. O evento \u00e9 focado para empres\u00e1rios e executivos das \u00e1reas de vendas e marketing.<\/span><span> <\/span><\/p>\n<p>O palestrante pretende ajudar os participantes a incrementar suas estrat\u00e9gias visando um melhor posicionamento no mercado, o aumento nas vendas e maior satisfa\u00e7\u00e3o dos clientes. Ele tamb\u00e9m vai apresentar os princ\u00edpios b\u00e1sicos da boa rela\u00e7\u00e3o entre marketing e vendas. O principal deles, segundo o professor, \u00e9 a comunica\u00e7\u00e3o seguindo uma posi\u00e7\u00e3o emp\u00e1tica de ambas as \u00e1reas, ou seja, cada uma delas entender um pouco o outro lado da moeda.<\/p>\n<p>Alexandre explica que a rela\u00e7\u00e3o entre o profissional de vendas e o de marketing \u00e9 bastante complexa. \u201cTanto o pessoal de marketing acredita que o trabalho de vendas \u00e9 muito f\u00e1cil, como o pessoal de vendas acredita que o trabalho de marketing n\u00e3o \u00e9 dif\u00edcil\u201d, destaca o professor. Nas empresas que compreendem marketing como filosofia de gest\u00e3o e enxergam as vendas como motor impulsionador de recursos, as duas \u00e1reas caminham em sinergia. \u201cSe o marketing faz bem o papel de apresenta\u00e7\u00e3o do produto, a tarefa de venda j\u00e1 \u00e9 meio caminho andado\u201d, argumenta Alexandre.<\/p>\n<p>Na palestra, Alexandre Weiler pretende apresentar aspectos da realidade que envolve os dois segmentos do mercado. A ideia \u00e9 promover uma discuss\u00e3o entre os participantes e estimular uma reflex\u00e3o de como essa rela\u00e7\u00e3o se desenvolve no ambiente empresarial. \u201cNo momento em que voc\u00ea come\u00e7a a discutir a import\u00e2ncia de cada uma das \u00e1reas, a pr\u00f3pria concep\u00e7\u00e3o da estrat\u00e9gia funciona melhor e o posicionamento da empresa perante o mercado acontece de uma forma mais s\u00f3lida, mais precisa e com melhores resultados\u201d, destaca.<\/p>\n<p><span>Alexandre Weiler \u00e9 doutorando e mestre em Administra\u00e7\u00e3o, possui MBA Executivo em Gest\u00e3o de Neg\u00f3cios e Marketing, cr\u00e9ditos do Mestrado em Gest\u00e3o de IES e Planifica\u00e7\u00e3o da Educa\u00e7\u00e3o, p\u00f3s-gradua\u00e7\u00e3o em Inform\u00e1tica na Educa\u00e7\u00e3o e Licenciatura em Filosofia. Atualmente \u00e9 professor na PUC-PR, FAE Business School e ESIC Business &amp; Marketing School. Tem experi\u00eancia nas \u00e1reas de Administra\u00e7\u00e3o, Tecnologia da Informa\u00e7\u00e3o e Marketing.<\/span><\/p>\n<p>Atua principalmente em cursos de p\u00f3s-gradua\u00e7\u00e3o e Executive Education com disciplinas como WebMarketing, E-business (Neg\u00f3cios na Internet), E-commerce, Administra\u00e7\u00e3o de Marketing, Marketing Empresarial, T\u00f3picos Emergentes, Fatores Tecnol\u00f3gicos, Empreendedorismo Tecnol\u00f3gico, Gest\u00e3o de TICs, Gest\u00e3o da Informa\u00e7\u00e3o. Possui experi\u00eancia em e-learning, cursos presenciais e semi-presenciais. \u00c9 s\u00f3cio fundador das empresas Weiler Consultores Associados e Riwa Sistemas Online e Sites Profissionais, fornecedora homologada de sistemas para a Vale.<\/p>\n<p>The post <a class=\"colorbox\" rel=\"nofollow\" href=\"http:\/\/economiasc.com.br\/alexandre-weiler-ministra-palestra-em-itajai\/\">Alexandre Weiler ministra palestra em Itaja\u00ed<\/a> appeared first on <a class=\"colorbox\" rel=\"nofollow\" href=\"http:\/\/economiasc.com.br\/\">Economia SC<\/a>.<\/p>\n<p>Via: <a href=\"http:\/\/economiasc.com.br\/alexandre-weiler-ministra-palestra-em-itajai\/\" class=\"colorbox\" title=\"Alexandre Weiler ministra palestra em Itaja\u00ed\">economiasc.com.br<\/a><\/p>\n","protected":false},"excerpt":{"rendered":"<p align=\"center\"><span>O professor Alexandre Weiler, doutor em Administra\u00e7\u00e3o e diretor de forma\u00e7\u00e3o executiva \u00e9 o convidado da Tear Escola de Neg\u00f3cios para conduzir a palestra gratuita sobre Marketing e Vendas, no dia 22 de julho, \u00e0s 19h30, no audit\u00f3rio do Sindipi em Itaja\u00ed. O evento \u00e9 focado para empres\u00e1rios e executivos das \u00e1reas de vendas e marketing.<\/span><span> <\/span><\/p>\n<p>O palestrante pretende ajudar os participantes a incrementar suas estrat\u00e9gias visando um melhor posicionamento no mercado, o aumento nas vendas e maior satisfa\u00e7\u00e3o dos clientes. Ele tamb\u00e9m vai apresentar os princ\u00edpios b\u00e1sicos da boa rela\u00e7\u00e3o entre marketing e vendas. O principal deles, segundo o professor, \u00e9 a comunica\u00e7\u00e3o seguindo uma posi\u00e7\u00e3o emp\u00e1tica de ambas as \u00e1reas, ou seja, cada uma delas entender um pouco o outro lado da moeda.<\/p>\n<p>Alexandre explica que a rela\u00e7\u00e3o entre o profissional de vendas e o de marketing \u00e9 bastante complexa. \u201cTanto o pessoal de marketing acredita que o trabalho de vendas \u00e9 muito f\u00e1cil, como o pessoal de vendas acredita que o trabalho de marketing n\u00e3o \u00e9 dif\u00edcil\u201d, destaca o professor. Nas empresas que compreendem marketing como filosofia de gest\u00e3o e enxergam as vendas como motor impulsionador de recursos, as duas \u00e1reas caminham em sinergia. \u201cSe o marketing faz bem o papel de apresenta\u00e7\u00e3o do produto, a tarefa de venda j\u00e1 \u00e9 meio caminho andado\u201d, argumenta Alexandre.<\/p>\n<p>Na palestra, Alexandre Weiler pretende apresentar aspectos da realidade que envolve os dois segmentos do mercado. A ideia \u00e9 promover uma discuss\u00e3o entre os participantes e estimular uma reflex\u00e3o de como essa rela\u00e7\u00e3o se desenvolve no ambiente empresarial. \u201cNo momento em que voc\u00ea come\u00e7a a discutir a import\u00e2ncia de cada uma das \u00e1reas, a pr\u00f3pria concep\u00e7\u00e3o da estrat\u00e9gia funciona melhor e o posicionamento da empresa perante o mercado acontece de uma forma mais s\u00f3lida, mais precisa e com melhores resultados\u201d, destaca.<\/p>\n<p><span>Alexandre Weiler \u00e9 doutorando e mestre em Administra\u00e7\u00e3o, possui MBA Executivo em Gest\u00e3o de Neg\u00f3cios e Marketing, cr\u00e9ditos do Mestrado em Gest\u00e3o de IES e Planifica\u00e7\u00e3o da Educa\u00e7\u00e3o, p\u00f3s-gradua\u00e7\u00e3o em Inform\u00e1tica na Educa\u00e7\u00e3o e Licenciatura em Filosofia. Atualmente \u00e9 professor na PUC-PR, FAE Business School e ESIC Business &amp; Marketing School. Tem experi\u00eancia nas \u00e1reas de Administra\u00e7\u00e3o, Tecnologia da Informa\u00e7\u00e3o e Marketing.<\/span><\/p>\n<p>Atua principalmente em cursos de p\u00f3s-gradua\u00e7\u00e3o e Executive Education com disciplinas como WebMarketing, E-business (Neg\u00f3cios na Internet), E-commerce, Administra\u00e7\u00e3o de Marketing, Marketing Empresarial, T\u00f3picos Emergentes, Fatores Tecnol\u00f3gicos, Empreendedorismo Tecnol\u00f3gico, Gest\u00e3o de TICs, Gest\u00e3o da Informa\u00e7\u00e3o. Possui experi\u00eancia em e-learning, cursos presenciais e semi-presenciais. \u00c9 s\u00f3cio fundador das empresas Weiler Consultores Associados e Riwa Sistemas Online e Sites Profissionais, fornecedora homologada de sistemas para a Vale.<\/p>\n<p>The post <a class=\"colorbox\" rel=\"nofollow\" href=\"http:\/\/economiasc.com.br\/alexandre-weiler-ministra-palestra-em-itajai\/\">Alexandre Weiler ministra palestra em Itaja\u00ed<\/a> appeared first on <a class=\"colorbox\" rel=\"nofollow\" href=\"http:\/\/economiasc.com.br\/\">Economia SC<\/a>.<\/p>\n","protected":false},"author":1,"featured_media":0,"comment_status":"open","ping_status":"open","sticky":false,"template":"","format":"standard","meta":{"footnotes":""},"categories":[5],"tags":[],"class_list":["post-2450","post","type-post","status-publish","format-standard","hentry","category-noticias","no-post-thumbnail"],"_links":{"self":[{"href":"https:\/\/www.cdlbc.com.br\/portal\/wp-json\/wp\/v2\/posts\/2450","targetHints":{"allow":["GET"]}}],"collection":[{"href":"https:\/\/www.cdlbc.com.br\/portal\/wp-json\/wp\/v2\/posts"}],"about":[{"href":"https:\/\/www.cdlbc.com.br\/portal\/wp-json\/wp\/v2\/types\/post"}],"author":[{"embeddable":true,"href":"https:\/\/www.cdlbc.com.br\/portal\/wp-json\/wp\/v2\/users\/1"}],"replies":[{"embeddable":true,"href":"https:\/\/www.cdlbc.com.br\/portal\/wp-json\/wp\/v2\/comments?post=2450"}],"version-history":[{"count":0,"href":"https:\/\/www.cdlbc.com.br\/portal\/wp-json\/wp\/v2\/posts\/2450\/revisions"}],"wp:attachment":[{"href":"https:\/\/www.cdlbc.com.br\/portal\/wp-json\/wp\/v2\/media?parent=2450"}],"wp:term":[{"taxonomy":"category","embeddable":true,"href":"https:\/\/www.cdlbc.com.br\/portal\/wp-json\/wp\/v2\/categories?post=2450"},{"taxonomy":"post_tag","embeddable":true,"href":"https:\/\/www.cdlbc.com.br\/portal\/wp-json\/wp\/v2\/tags?post=2450"}],"curies":[{"name":"wp","href":"https:\/\/api.w.org\/{rel}","templated":true}]}}