{"id":2446,"date":"2014-06-24T15:17:00","date_gmt":"2014-06-24T15:17:00","guid":{"rendered":"http:\/\/www.cdlbc.com.br\/portal\/noticias\/camex-reduz-imposto-de-importacao-do-trigo\/"},"modified":"2014-06-24T15:17:00","modified_gmt":"2014-06-24T15:17:00","slug":"camex-reduz-imposto-de-importacao-do-trigo","status":"publish","type":"post","link":"https:\/\/www.cdlbc.com.br\/portal\/noticias\/camex-reduz-imposto-de-importacao-do-trigo\/","title":{"rendered":"Camex reduz Imposto de Importa\u00e7\u00e3o do trigo"},"content":{"rendered":"<div class=\"ftpimagefix\" style=\"float:left\"><img decoding=\"async\" width=\"250\" alt=\"Compra externa com al\u00edquota zero est\u00e1 limitada \u00e0 cota de um milh\u00e3o de toneladas. Foto: Divulga\u00e7\u00e3o\" src=\"http:\/\/economiasc.com.br\/wp-content\/uploads\/2014\/06\/trigo-300x225.jpg\"><\/div>\n<p>Compra externa com al\u00edquota zero est\u00e1 limitada \u00e0 cota de um milh\u00e3o de toneladas. Foto: Divulga\u00e7\u00e3o<\/p>\n<p>A C\u00e2mara de Com\u00e9rcio Exterior (Camex), presidida pelo Minist\u00e9rio do Desenvolvimento, Ind\u00fastria e Com\u00e9rcio Exterior (MDIC), aprovou a redu\u00e7\u00e3o do Imposto de Importa\u00e7\u00e3o do trigo de 10% para 0%. A medida entrou nesta ter\u00e7a-feria, dia 24.  A importa\u00e7\u00e3o do produto ter\u00e1 al\u00edquota reduzida at\u00e9 15 de agosto deste ano.<\/p>\n<p>A compra externa com al\u00edquota zero est\u00e1 limitada \u00e0 cota de um milh\u00e3o de toneladas. A redu\u00e7\u00e3o tarif\u00e1ria foi aplicada por meio da inclus\u00e3o do produto na Lista de Exce\u00e7\u00f5es \u00e0 Tarifa Externa Comum do Mercosul (Letec).<\/p>\n<p>A medida foi adotada para garantir o abastecimento no mercado brasileiro, tendo em vista que os pa\u00edses do Mercosul est\u00e3o em per\u00edodo de entressafra.<\/p>\n<p>Na \u00faltima reuni\u00e3o, realizada no dia 22 de maio, a Camex j\u00e1 havia divulgado uma nota informando que iria avaliar a possibilidade de reduzir a al\u00edquota do Imposto de Importa\u00e7\u00e3o do trigo para uma cota espec\u00edfica e por prazo limitado, tendo em vista os efeitos da sazonalidade da safra.<\/p>\n<\/p>\n<p>The post Camex reduz Imposto de Importa\u00e7\u00e3o do trigo appeared first on Economia SC.<\/p>\n<p>Via: <a href=\"http:\/\/economiasc.com.br\/camex-reduz-imposto-de-importacao-trigo\/\" class=\"colorbox\" title=\"Camex reduz Imposto de Importa\u00e7\u00e3o do trigo\">economiasc.com.br<\/a><\/p>\n","protected":false},"excerpt":{"rendered":"<div class=\"ftpimagefix\" style=\"float:left\"><img decoding=\"async\" width=\"250\" alt=\"Compra externa com al\u00edquota zero est\u00e1 limitada \u00e0 cota de um milh\u00e3o de toneladas. Foto: Divulga\u00e7\u00e3o\" src=\"http:\/\/economiasc.com.br\/wp-content\/uploads\/2014\/06\/trigo-300x225.jpg\"><\/div>\n<p>Compra externa com al\u00edquota zero est\u00e1 limitada \u00e0 cota de um milh\u00e3o de toneladas. Foto: Divulga\u00e7\u00e3o<\/p>\n<p>A C\u00e2mara de Com\u00e9rcio Exterior (Camex), presidida pelo Minist\u00e9rio do Desenvolvimento, Ind\u00fastria e Com\u00e9rcio Exterior (MDIC), aprovou a redu\u00e7\u00e3o do Imposto de Importa\u00e7\u00e3o do trigo de 10% para 0%. A medida entrou nesta ter\u00e7a-feria, dia 24.  A importa\u00e7\u00e3o do produto ter\u00e1 al\u00edquota reduzida at\u00e9 15 de agosto deste ano.<\/p>\n<p>A compra externa com al\u00edquota zero est\u00e1 limitada \u00e0 cota de um milh\u00e3o de toneladas. A redu\u00e7\u00e3o tarif\u00e1ria foi aplicada por meio da inclus\u00e3o do produto na Lista de Exce\u00e7\u00f5es \u00e0 Tarifa Externa Comum do Mercosul (Letec).<\/p>\n<p>A medida foi adotada para garantir o abastecimento no mercado brasileiro, tendo em vista que os pa\u00edses do Mercosul est\u00e3o em per\u00edodo de entressafra.<\/p>\n<p>Na \u00faltima reuni\u00e3o, realizada no dia 22 de maio, a Camex j\u00e1 havia divulgado uma nota informando que iria avaliar a possibilidade de reduzir a al\u00edquota do Imposto de Importa\u00e7\u00e3o do trigo para uma cota espec\u00edfica e por prazo limitado, tendo em vista os efeitos da sazonalidade da safra.<\/p>\n<\/p>\n<p>The post Camex reduz Imposto de Importa\u00e7\u00e3o do trigo appeared first on Economia SC.<\/p>\n","protected":false},"author":1,"featured_media":0,"comment_status":"open","ping_status":"open","sticky":false,"template":"","format":"standard","meta":{"footnotes":""},"categories":[5],"tags":[],"class_list":["post-2446","post","type-post","status-publish","format-standard","hentry","category-noticias","no-post-thumbnail"],"_links":{"self":[{"href":"https:\/\/www.cdlbc.com.br\/portal\/wp-json\/wp\/v2\/posts\/2446","targetHints":{"allow":["GET"]}}],"collection":[{"href":"https:\/\/www.cdlbc.com.br\/portal\/wp-json\/wp\/v2\/posts"}],"about":[{"href":"https:\/\/www.cdlbc.com.br\/portal\/wp-json\/wp\/v2\/types\/post"}],"author":[{"embeddable":true,"href":"https:\/\/www.cdlbc.com.br\/portal\/wp-json\/wp\/v2\/users\/1"}],"replies":[{"embeddable":true,"href":"https:\/\/www.cdlbc.com.br\/portal\/wp-json\/wp\/v2\/comments?post=2446"}],"version-history":[{"count":0,"href":"https:\/\/www.cdlbc.com.br\/portal\/wp-json\/wp\/v2\/posts\/2446\/revisions"}],"wp:attachment":[{"href":"https:\/\/www.cdlbc.com.br\/portal\/wp-json\/wp\/v2\/media?parent=2446"}],"wp:term":[{"taxonomy":"category","embeddable":true,"href":"https:\/\/www.cdlbc.com.br\/portal\/wp-json\/wp\/v2\/categories?post=2446"},{"taxonomy":"post_tag","embeddable":true,"href":"https:\/\/www.cdlbc.com.br\/portal\/wp-json\/wp\/v2\/tags?post=2446"}],"curies":[{"name":"wp","href":"https:\/\/api.w.org\/{rel}","templated":true}]}}