{"id":2441,"date":"2014-06-24T12:48:00","date_gmt":"2014-06-24T12:48:00","guid":{"rendered":"http:\/\/www.cdlbc.com.br\/portal\/noticias\/lentidao-ja-prevista\/"},"modified":"2014-06-24T12:48:00","modified_gmt":"2014-06-24T12:48:00","slug":"lentidao-ja-prevista","status":"publish","type":"post","link":"https:\/\/www.cdlbc.com.br\/portal\/noticias\/lentidao-ja-prevista\/","title":{"rendered":"Lentid\u00e3o j\u00e1 prevista"},"content":{"rendered":"<div class=\"ftpimagefix\" style=\"float:left\"><img decoding=\"async\" width=\"250\" alt=\"pereseadvogados52\" src=\"http:\/\/economiasc.com.br\/wp-content\/uploads\/2014\/06\/pereseadvogados52-300x200.jpg\"><\/div>\n<p><b><i>Luciano Duarte Peres<\/i><\/b><\/p>\n<p>Voc\u00ea pode ter o melhor plano de dados de internet que sua operadora proporciona, mas tenha consci\u00eancia de que nessa \u00e9poca da copa do mundo haver\u00e1 lentid\u00e3o de tr\u00e1fego de dados.No Brasil houve refor\u00e7o de antenas 2G, 3G e 4G, por\u00e9m com o fluxo de pessoas fica praticamente imposs\u00edvel evitar o congestionamento das linhas. Pense nos problemas como temos em \u00e9pocas de Natal e Reveillon, agora lembre que teremos milhares de pessoas a mais, causando uma sobrecarga no sistema.<\/p>\n<p>O presidente-executivo do Sindtelebrasil, Eduardo Levy, anunciou na Folha de S\u00e3o Paulo que os torcedores podem demorar mais do que gostariam para publicar fotos nos est\u00e1dios, ter uma diferen\u00e7a de quatro minutos no tempo que gastaria normalmente. Refor\u00e7o de Wi-fi? Apenas em metade das arenas, sendo Bras\u00edlia, Porto Alegre, Salvador, Rio de Janeiro, Manaus e Cuiab\u00e1. Nos outros locais houve um impasse nas negocia\u00e7\u00f5es que impediram a instala\u00e7\u00e3o de antenas e um al\u00edvio para nossas operadoras.<\/p>\n<p>Para quem depende dos servi\u00e7os de internet e de telefonia, vale a orienta\u00e7\u00e3o de adiantar o que for necess\u00e1rio, j\u00e1 que as pessoas v\u00e3o fotografar muito mais do que falar e, nesse caso, a fotografia consome muito mais dados que o servi\u00e7o de voz.<\/p>\n<p>Os moradores de Curitiba e S\u00e3o Paulo devem se preocupar muito mais do que nos outros locais, j\u00e1 que s\u00e3o considerados os piores casos. Em algumas \u00e1reas o sinal ficar\u00e1 inexistente. Outra situa\u00e7\u00e3o \u00e9 que com tanto tr\u00e1fego de dados e com hor\u00e1rios de trabalho diferenciado por conta dos jogos, muitas redes de empresas podem ficar inst\u00e1veis.<\/p>\n<p>Esse cen\u00e1rio se deve em muito \u00e0 falta de infraestrutura em telecomunica\u00e7\u00f5es motivada pela aus\u00eancia de interesse do Poder P\u00fablico em estimular o seu crescimento. Da mesma forma a iniciativa privada tem sido defici\u00eante, n\u00e3o colocando \u00e0 disposi\u00e7\u00e3o servi\u00e7os essenciais de qualidade e eficazes, como \u00e9 o caso da telefonia m\u00f3vel e transfer\u00eancia de dados. No Brasil, da arrecada\u00e7\u00e3o total do Governo Federal, muito pouco \u00e9 destinado \u00e0 infraestrutura, ao contr\u00e1rio de pa\u00edses que visam o futuro a longo prazo.<\/p>\n<p>Caso o consumidor venha a ter qualquer tipo de irregularidade nos servi\u00e7os prestados pelas empresas de telefonia, seja em rela\u00e7\u00e3o \u00e0 transfer\u00eancia de dados ou liga\u00e7\u00f5es, o consumidor poder\u00e1 apresentar por escrito uma reclama\u00e7\u00e3o no site da Ag\u00eancia Nacional de Telecomunica\u00e7\u00f5es \u2013 Anatel (www.anatel.gov.br). Tamb\u00e9m \u00e9 poss\u00edvel apresentar uma reclama\u00e7\u00e3o por escrito ao Procon de seu munic\u00edpio que notificar\u00e1 a empresa para prestar esclarecimentos. Tamb\u00e9m recomenda-se, em casos mais graves, que o consumidor busque o aux\u00edlio de um advogado ou defensor p\u00fablico para analisar a possibilidade de ingressar com uma a\u00e7\u00e3o judicial.<\/p>\n<\/p>\n<p><em>Dr. Luciano Duarte Peres \u00e9 especialista em direito financeiro e presidente do Instituto Brasileiro de Defesa do Consumidor Banc\u00e1rio<\/em><\/p>\n<p>The post Lentid\u00e3o j\u00e1 prevista appeared first on Economia SC.<\/p>\n<p>Via: <a href=\"http:\/\/economiasc.com.br\/lentidao-ja-prevista\/\" class=\"colorbox\" title=\"Lentid\u00e3o j\u00e1 prevista\">economiasc.com.br<\/a><\/p>\n","protected":false},"excerpt":{"rendered":"<div class=\"ftpimagefix\" style=\"float:left\"><img decoding=\"async\" width=\"250\" alt=\"pereseadvogados52\" src=\"http:\/\/economiasc.com.br\/wp-content\/uploads\/2014\/06\/pereseadvogados52-300x200.jpg\"><\/div>\n<\/p>\n<p><b><i>Luciano Duarte Peres<\/i><\/b><\/p>\n<p>Voc\u00ea pode ter o melhor plano de dados de internet que sua operadora proporciona, mas tenha consci\u00eancia de que nessa \u00e9poca da copa do mundo haver\u00e1 lentid\u00e3o de tr\u00e1fego de dados.No Brasil houve refor\u00e7o de antenas 2G, 3G e 4G, por\u00e9m com o fluxo de pessoas fica praticamente imposs\u00edvel evitar o congestionamento das linhas. Pense nos problemas como temos em \u00e9pocas de Natal e Reveillon, agora lembre que teremos milhares de pessoas a mais, causando uma sobrecarga no sistema.<\/p>\n<p>O presidente-executivo do Sindtelebrasil, Eduardo Levy, anunciou na Folha de S\u00e3o Paulo que os torcedores podem demorar mais do que gostariam para publicar fotos nos est\u00e1dios, ter uma diferen\u00e7a de quatro minutos no tempo que gastaria normalmente. Refor\u00e7o de Wi-fi? Apenas em metade das arenas, sendo Bras\u00edlia, Porto Alegre, Salvador, Rio de Janeiro, Manaus e Cuiab\u00e1. Nos outros locais houve um impasse nas negocia\u00e7\u00f5es que impediram a instala\u00e7\u00e3o de antenas e um al\u00edvio para nossas operadoras.<\/p>\n<p>Para quem depende dos servi\u00e7os de internet e de telefonia, vale a orienta\u00e7\u00e3o de adiantar o que for necess\u00e1rio, j\u00e1 que as pessoas v\u00e3o fotografar muito mais do que falar e, nesse caso, a fotografia consome muito mais dados que o servi\u00e7o de voz.<\/p>\n<p>Os moradores de Curitiba e S\u00e3o Paulo devem se preocupar muito mais do que nos outros locais, j\u00e1 que s\u00e3o considerados os piores casos. Em algumas \u00e1reas o sinal ficar\u00e1 inexistente. Outra situa\u00e7\u00e3o \u00e9 que com tanto tr\u00e1fego de dados e com hor\u00e1rios de trabalho diferenciado por conta dos jogos, muitas redes de empresas podem ficar inst\u00e1veis.<\/p>\n<p>Esse cen\u00e1rio se deve em muito \u00e0 falta de infraestrutura em telecomunica\u00e7\u00f5es motivada pela aus\u00eancia de interesse do Poder P\u00fablico em estimular o seu crescimento. Da mesma forma a iniciativa privada tem sido defici\u00eante, n\u00e3o colocando \u00e0 disposi\u00e7\u00e3o servi\u00e7os essenciais de qualidade e eficazes, como \u00e9 o caso da telefonia m\u00f3vel e transfer\u00eancia de dados. No Brasil, da arrecada\u00e7\u00e3o total do Governo Federal, muito pouco \u00e9 destinado \u00e0 infraestrutura, ao contr\u00e1rio de pa\u00edses que visam o futuro a longo prazo.<\/p>\n<p>Caso o consumidor venha a ter qualquer tipo de irregularidade nos servi\u00e7os prestados pelas empresas de telefonia, seja em rela\u00e7\u00e3o \u00e0 transfer\u00eancia de dados ou liga\u00e7\u00f5es, o consumidor poder\u00e1 apresentar por escrito uma reclama\u00e7\u00e3o no site da Ag\u00eancia Nacional de Telecomunica\u00e7\u00f5es \u2013 Anatel (www.anatel.gov.br). Tamb\u00e9m \u00e9 poss\u00edvel apresentar uma reclama\u00e7\u00e3o por escrito ao Procon de seu munic\u00edpio que notificar\u00e1 a empresa para prestar esclarecimentos. Tamb\u00e9m recomenda-se, em casos mais graves, que o consumidor busque o aux\u00edlio de um advogado ou defensor p\u00fablico para analisar a possibilidade de ingressar com uma a\u00e7\u00e3o judicial.<\/p>\n<\/p>\n<p><em>Dr. Luciano Duarte Peres \u00e9 especialista em direito financeiro e presidente do Instituto Brasileiro de Defesa do Consumidor Banc\u00e1rio<\/em><\/p>\n<p>The post Lentid\u00e3o j\u00e1 prevista appeared first on Economia SC.<\/p>\n","protected":false},"author":1,"featured_media":0,"comment_status":"open","ping_status":"open","sticky":false,"template":"","format":"standard","meta":{"footnotes":""},"categories":[5],"tags":[],"class_list":["post-2441","post","type-post","status-publish","format-standard","hentry","category-noticias","no-post-thumbnail"],"_links":{"self":[{"href":"https:\/\/www.cdlbc.com.br\/portal\/wp-json\/wp\/v2\/posts\/2441","targetHints":{"allow":["GET"]}}],"collection":[{"href":"https:\/\/www.cdlbc.com.br\/portal\/wp-json\/wp\/v2\/posts"}],"about":[{"href":"https:\/\/www.cdlbc.com.br\/portal\/wp-json\/wp\/v2\/types\/post"}],"author":[{"embeddable":true,"href":"https:\/\/www.cdlbc.com.br\/portal\/wp-json\/wp\/v2\/users\/1"}],"replies":[{"embeddable":true,"href":"https:\/\/www.cdlbc.com.br\/portal\/wp-json\/wp\/v2\/comments?post=2441"}],"version-history":[{"count":0,"href":"https:\/\/www.cdlbc.com.br\/portal\/wp-json\/wp\/v2\/posts\/2441\/revisions"}],"wp:attachment":[{"href":"https:\/\/www.cdlbc.com.br\/portal\/wp-json\/wp\/v2\/media?parent=2441"}],"wp:term":[{"taxonomy":"category","embeddable":true,"href":"https:\/\/www.cdlbc.com.br\/portal\/wp-json\/wp\/v2\/categories?post=2441"},{"taxonomy":"post_tag","embeddable":true,"href":"https:\/\/www.cdlbc.com.br\/portal\/wp-json\/wp\/v2\/tags?post=2441"}],"curies":[{"name":"wp","href":"https:\/\/api.w.org\/{rel}","templated":true}]}}