{"id":2440,"date":"2014-06-24T12:18:00","date_gmt":"2014-06-24T12:18:00","guid":{"rendered":"http:\/\/www.cdlbc.com.br\/portal\/noticias\/regiao-metropolitana-sera-discutida-nesta-terca\/"},"modified":"2014-06-24T12:18:00","modified_gmt":"2014-06-24T12:18:00","slug":"regiao-metropolitana-sera-discutida-nesta-terca","status":"publish","type":"post","link":"https:\/\/www.cdlbc.com.br\/portal\/noticias\/regiao-metropolitana-sera-discutida-nesta-terca\/","title":{"rendered":"Regi\u00e3o Metropolitana ser\u00e1 discutida nesta ter\u00e7a"},"content":{"rendered":"<p>A cria\u00e7\u00e3o da Regi\u00e3o Metropolitana da Grande Florian\u00f3polis ser\u00e1 debatida na nesta ter\u00e7a-feira, dia 24, \u00e0s 17h, no Plenarinho da Assembleia Legislativa de Santa Catarina, em Florian\u00f3polis. A institui\u00e7\u00e3o da regi\u00e3o metropolitana, juntamente com a Suderf (Superintend\u00eancia de Desenvolvimento da Regi\u00e3o Metropolitana da Grande Florian\u00f3polis), faz parte do projeto de lei complementar (PLC) 1\/2014, que est\u00e1 em an\u00e1lise no colegiado.<\/p>\n<p><span> <\/span><span>O presidente do Conselho Metropolitano para o Desenvolvimento da Grande Florian\u00f3polis (Comdes), Marcos Souza, afirma que a participa\u00e7\u00e3o da sociedade no debate \u00e9 fundamental. \u201cEstamos dando um passo importante para a consolida\u00e7\u00e3o definitiva do projeto da Regi\u00e3o Metropolitana. Para tanto, precisamos da maci\u00e7a participa\u00e7\u00e3o dos membros do Comdes e da sociedade como um todo\u201d.<\/span><\/p>\n<\/p>\n<p>The post <a class=\"colorbox\" rel=\"nofollow\" href=\"http:\/\/economiasc.com.br\/regiao-metropolitana-sera-discutida-nesta-terca\/\">Regi\u00e3o Metropolitana ser\u00e1 discutida nesta ter\u00e7a<\/a> appeared first on <a class=\"colorbox\" rel=\"nofollow\" href=\"http:\/\/economiasc.com.br\/\">Economia SC<\/a>.<\/p>\n<p>Via: <a href=\"http:\/\/economiasc.com.br\/regiao-metropolitana-sera-discutida-nesta-terca\/\" class=\"colorbox\" title=\"Regi\u00e3o Metropolitana ser\u00e1 discutida nesta ter\u00e7a\">economiasc.com.br<\/a><\/p>\n","protected":false},"excerpt":{"rendered":"<p>A cria\u00e7\u00e3o da Regi\u00e3o Metropolitana da Grande Florian\u00f3polis ser\u00e1 debatida na nesta ter\u00e7a-feira, dia 24, \u00e0s 17h, no Plenarinho da Assembleia Legislativa de Santa Catarina, em Florian\u00f3polis. A institui\u00e7\u00e3o da regi\u00e3o metropolitana, juntamente com a Suderf (Superintend\u00eancia de Desenvolvimento da Regi\u00e3o Metropolitana da Grande Florian\u00f3polis), faz parte do projeto de lei complementar (PLC) 1\/2014, que est\u00e1 em an\u00e1lise no colegiado.<\/p>\n<p><span> <\/span><span>O presidente do Conselho Metropolitano para o Desenvolvimento da Grande Florian\u00f3polis (Comdes), Marcos Souza, afirma que a participa\u00e7\u00e3o da sociedade no debate \u00e9 fundamental. \u201cEstamos dando um passo importante para a consolida\u00e7\u00e3o definitiva do projeto da Regi\u00e3o Metropolitana. Para tanto, precisamos da maci\u00e7a participa\u00e7\u00e3o dos membros do Comdes e da sociedade como um todo\u201d.<\/span><\/p>\n<\/p>\n<p>The post <a class=\"colorbox\" rel=\"nofollow\" href=\"http:\/\/economiasc.com.br\/regiao-metropolitana-sera-discutida-nesta-terca\/\">Regi\u00e3o Metropolitana ser\u00e1 discutida nesta ter\u00e7a<\/a> appeared first on <a class=\"colorbox\" rel=\"nofollow\" href=\"http:\/\/economiasc.com.br\/\">Economia SC<\/a>.<\/p>\n","protected":false},"author":1,"featured_media":0,"comment_status":"open","ping_status":"open","sticky":false,"template":"","format":"standard","meta":{"footnotes":""},"categories":[5],"tags":[],"class_list":["post-2440","post","type-post","status-publish","format-standard","hentry","category-noticias","no-post-thumbnail"],"_links":{"self":[{"href":"https:\/\/www.cdlbc.com.br\/portal\/wp-json\/wp\/v2\/posts\/2440","targetHints":{"allow":["GET"]}}],"collection":[{"href":"https:\/\/www.cdlbc.com.br\/portal\/wp-json\/wp\/v2\/posts"}],"about":[{"href":"https:\/\/www.cdlbc.com.br\/portal\/wp-json\/wp\/v2\/types\/post"}],"author":[{"embeddable":true,"href":"https:\/\/www.cdlbc.com.br\/portal\/wp-json\/wp\/v2\/users\/1"}],"replies":[{"embeddable":true,"href":"https:\/\/www.cdlbc.com.br\/portal\/wp-json\/wp\/v2\/comments?post=2440"}],"version-history":[{"count":0,"href":"https:\/\/www.cdlbc.com.br\/portal\/wp-json\/wp\/v2\/posts\/2440\/revisions"}],"wp:attachment":[{"href":"https:\/\/www.cdlbc.com.br\/portal\/wp-json\/wp\/v2\/media?parent=2440"}],"wp:term":[{"taxonomy":"category","embeddable":true,"href":"https:\/\/www.cdlbc.com.br\/portal\/wp-json\/wp\/v2\/categories?post=2440"},{"taxonomy":"post_tag","embeddable":true,"href":"https:\/\/www.cdlbc.com.br\/portal\/wp-json\/wp\/v2\/tags?post=2440"}],"curies":[{"name":"wp","href":"https:\/\/api.w.org\/{rel}","templated":true}]}}