{"id":2438,"date":"2014-06-24T12:13:00","date_gmt":"2014-06-24T12:13:00","guid":{"rendered":"http:\/\/www.cdlbc.com.br\/portal\/noticias\/evento-discute-cultura-colaborativa-em-empresas\/"},"modified":"2014-06-24T12:13:00","modified_gmt":"2014-06-24T12:13:00","slug":"evento-discute-cultura-colaborativa-em-empresas","status":"publish","type":"post","link":"https:\/\/www.cdlbc.com.br\/portal\/noticias\/evento-discute-cultura-colaborativa-em-empresas\/","title":{"rendered":"Evento discute cultura colaborativa em empresas"},"content":{"rendered":"<p dir=\"ltr\">\u200bA necessidade de implementar culturas colaborativas entre os funcion\u00e1rios ser\u00e1 o tema da palestra do diretor do SGB Lab (laborat\u00f3rio do programa Social Good Brasil), Guilherme Sarkis, no pr\u00f3ximo Verticalmo\u00e7o, na semana que vem. Sarkis ir\u00e1 apresentar metodologias colaborativas para a co-cria\u00e7\u00e3o e a realiza\u00e7\u00e3o de projetos nas organiza\u00e7\u00f5es, com o objetivo de estimular a criatividade de equipes e desenvolver autonomia para melhores resultados. \u200bO evento \u00e9 promovido pela Associa\u00e7\u00e3o Catarinense de Empresas de Tecnologia (Acate) no Hotel Maria do Mar, na pr\u00f3xima ter\u00e7a, dia 1\u00b0 de julho.<\/p>\n<p><span>A mudan\u00e7a organizacional, segundo Sarkis, desenvolve um n\u00edvel de din\u00e2mica em que a criatividade, a inova\u00e7\u00e3o e o foco em resultados andam de m\u00e3os dadas. \u201cAssim \u00e9 imprescind\u00edvel criar ambientes e m\u00e9todos oportunos \u00e0 colabora\u00e7\u00e3o.\u201d <\/span><\/p>\n<p><span>A presen\u00e7a no almo\u00e7o pode ser confirmada a presen\u00e7a pelo endere\u00e7o<\/span><a class=\"colorbox\" href=\"http:\/\/www.eventick.com.br\/verticalmoco-inovacao\" target=\"_blank\"> http:\/\/www.eventick.com.br\/verticalmoco-inovacao<\/a><span>.<\/span><\/p>\n<p>The post <a class=\"colorbox\" rel=\"nofollow\" href=\"http:\/\/economiasc.com.br\/evento-discute-cultura-colaborativa-em-empresas\/\">Evento discute cultura colaborativa em empresas<\/a> appeared first on <a class=\"colorbox\" rel=\"nofollow\" href=\"http:\/\/economiasc.com.br\/\">Economia SC<\/a>.<\/p>\n<p>Via: <a href=\"http:\/\/economiasc.com.br\/evento-discute-cultura-colaborativa-em-empresas\/\" class=\"colorbox\" title=\"Evento discute cultura colaborativa em empresas\">economiasc.com.br<\/a><\/p>\n","protected":false},"excerpt":{"rendered":"<p dir=\"ltr\">\u200bA necessidade de implementar culturas colaborativas entre os funcion\u00e1rios ser\u00e1 o tema da palestra do diretor do SGB Lab (laborat\u00f3rio do programa Social Good Brasil), Guilherme Sarkis, no pr\u00f3ximo Verticalmo\u00e7o, na semana que vem. Sarkis ir\u00e1 apresentar metodologias colaborativas para a co-cria\u00e7\u00e3o e a realiza\u00e7\u00e3o de projetos nas organiza\u00e7\u00f5es, com o objetivo de estimular a criatividade de equipes e desenvolver autonomia para melhores resultados. \u200bO evento \u00e9 promovido pela Associa\u00e7\u00e3o Catarinense de Empresas de Tecnologia (Acate) no Hotel Maria do Mar, na pr\u00f3xima ter\u00e7a, dia 1\u00b0 de julho.<\/p>\n<p><span>A mudan\u00e7a organizacional, segundo Sarkis, desenvolve um n\u00edvel de din\u00e2mica em que a criatividade, a inova\u00e7\u00e3o e o foco em resultados andam de m\u00e3os dadas. \u201cAssim \u00e9 imprescind\u00edvel criar ambientes e m\u00e9todos oportunos \u00e0 colabora\u00e7\u00e3o.\u201d <\/span><\/p>\n<p><span>A presen\u00e7a no almo\u00e7o pode ser confirmada a presen\u00e7a pelo endere\u00e7o<\/span><a class=\"colorbox\" href=\"http:\/\/www.eventick.com.br\/verticalmoco-inovacao\" target=\"_blank\"> http:\/\/www.eventick.com.br\/verticalmoco-inovacao<\/a><span>.<\/span><\/p>\n<p>The post <a class=\"colorbox\" rel=\"nofollow\" href=\"http:\/\/economiasc.com.br\/evento-discute-cultura-colaborativa-em-empresas\/\">Evento discute cultura colaborativa em empresas<\/a> appeared first on <a class=\"colorbox\" rel=\"nofollow\" href=\"http:\/\/economiasc.com.br\/\">Economia SC<\/a>.<\/p>\n","protected":false},"author":1,"featured_media":0,"comment_status":"open","ping_status":"open","sticky":false,"template":"","format":"standard","meta":{"footnotes":""},"categories":[5],"tags":[],"class_list":["post-2438","post","type-post","status-publish","format-standard","hentry","category-noticias","no-post-thumbnail"],"_links":{"self":[{"href":"https:\/\/www.cdlbc.com.br\/portal\/wp-json\/wp\/v2\/posts\/2438","targetHints":{"allow":["GET"]}}],"collection":[{"href":"https:\/\/www.cdlbc.com.br\/portal\/wp-json\/wp\/v2\/posts"}],"about":[{"href":"https:\/\/www.cdlbc.com.br\/portal\/wp-json\/wp\/v2\/types\/post"}],"author":[{"embeddable":true,"href":"https:\/\/www.cdlbc.com.br\/portal\/wp-json\/wp\/v2\/users\/1"}],"replies":[{"embeddable":true,"href":"https:\/\/www.cdlbc.com.br\/portal\/wp-json\/wp\/v2\/comments?post=2438"}],"version-history":[{"count":0,"href":"https:\/\/www.cdlbc.com.br\/portal\/wp-json\/wp\/v2\/posts\/2438\/revisions"}],"wp:attachment":[{"href":"https:\/\/www.cdlbc.com.br\/portal\/wp-json\/wp\/v2\/media?parent=2438"}],"wp:term":[{"taxonomy":"category","embeddable":true,"href":"https:\/\/www.cdlbc.com.br\/portal\/wp-json\/wp\/v2\/categories?post=2438"},{"taxonomy":"post_tag","embeddable":true,"href":"https:\/\/www.cdlbc.com.br\/portal\/wp-json\/wp\/v2\/tags?post=2438"}],"curies":[{"name":"wp","href":"https:\/\/api.w.org\/{rel}","templated":true}]}}