{"id":2434,"date":"2014-06-24T11:36:00","date_gmt":"2014-06-24T11:36:00","guid":{"rendered":"http:\/\/www.cdlbc.com.br\/portal\/noticias\/ipc-s-recua-em-5-de-7-capitais-pesquisadas\/"},"modified":"2014-06-24T11:36:00","modified_gmt":"2014-06-24T11:36:00","slug":"ipc-s-recua-em-5-de-7-capitais-pesquisadas","status":"publish","type":"post","link":"https:\/\/www.cdlbc.com.br\/portal\/noticias\/ipc-s-recua-em-5-de-7-capitais-pesquisadas\/","title":{"rendered":"IPC-S  recua em 5 de 7 capitais pesquisadas"},"content":{"rendered":"<div class=\"ftpimagefix\" style=\"float:left\"><img decoding=\"async\" width=\"250\" alt=\"Salvador continuou com a mesma taxa e \u00fanico aumento do IPC-S foi no Rio de Janeiro. Foto: Divulga\u00e7\u00e3o\" src=\"http:\/\/economiasc.com.br\/wp-content\/uploads\/2014\/06\/Gr%C3%A1fico-queda1-300x225.jpg\"><\/div>\n<p>Salvador continuou com a mesma taxa e \u00fanico aumento do IPC-S foi no Rio de Janeiro. Foto: Divulga\u00e7\u00e3o<\/p>\n<p>O \u00cdndice de Pre\u00e7os ao Consumidor Semanal (IPC-S) registrou varia\u00e7\u00e3o de 0,34%, 0,02 ponto percentual (p.p.) abaixo da taxa divulgada na \u00faltima apura\u00e7\u00e3o. Cinco das sete capitais pesquisadas registraram decr\u00e9scimo em suas taxas de varia\u00e7\u00e3o. Houve aumento apenas no Rio de Janeiro e, em Salvador, o indicador manteve-se o mesmo.<\/p>\n<p>Em Salvador, o IPC-S continuou em 0,62. Em Bras\u00edlia, o indicador passou de 0,5 para 0,49. J\u00e1 em Belo Horizonte, diminuiu de 0,16 para 0,10. Em Recife, o indicador apresentou queda de 0,70 para 0,53. Em Porto Alegre, houve diminui\u00e7\u00e3o de 0,20 para 0,16 e, em S\u00e3o Paulo, o IPC-S passou de 0,3 para 0,28. No Rio de Janeiro, houve aumento de 0,33 para 0,4. <strong>(Ibre\/FGV)<\/strong><\/p>\n<p>The post IPC-S  recua em 5 de 7 capitais pesquisadas appeared first on Economia SC.<\/p>\n<p>Via: <a href=\"http:\/\/economiasc.com.br\/ipc-s-recua-em-5-de-7-capitais-pesquisadas\/\" class=\"colorbox\" title=\"IPC-S  recua em 5 de 7 capitais pesquisadas\">economiasc.com.br<\/a><\/p>\n","protected":false},"excerpt":{"rendered":"<div class=\"ftpimagefix\" style=\"float:left\"><img decoding=\"async\" width=\"250\" alt=\"Salvador continuou com a mesma taxa e \u00fanico aumento do IPC-S foi no Rio de Janeiro. Foto: Divulga\u00e7\u00e3o\" src=\"http:\/\/economiasc.com.br\/wp-content\/uploads\/2014\/06\/Gr%C3%A1fico-queda1-300x225.jpg\"><\/div>\n<p>Salvador continuou com a mesma taxa e \u00fanico aumento do IPC-S foi no Rio de Janeiro. Foto: Divulga\u00e7\u00e3o<\/p>\n<p>O \u00cdndice de Pre\u00e7os ao Consumidor Semanal (IPC-S) registrou varia\u00e7\u00e3o de 0,34%, 0,02 ponto percentual (p.p.) abaixo da taxa divulgada na \u00faltima apura\u00e7\u00e3o. Cinco das sete capitais pesquisadas registraram decr\u00e9scimo em suas taxas de varia\u00e7\u00e3o. Houve aumento apenas no Rio de Janeiro e, em Salvador, o indicador manteve-se o mesmo.<\/p>\n<p>Em Salvador, o IPC-S continuou em 0,62. Em Bras\u00edlia, o indicador passou de 0,5 para 0,49. J\u00e1 em Belo Horizonte, diminuiu de 0,16 para 0,10. Em Recife, o indicador apresentou queda de 0,70 para 0,53. Em Porto Alegre, houve diminui\u00e7\u00e3o de 0,20 para 0,16 e, em S\u00e3o Paulo, o IPC-S passou de 0,3 para 0,28. No Rio de Janeiro, houve aumento de 0,33 para 0,4. <strong>(Ibre\/FGV)<\/strong><\/p>\n<p>The post IPC-S  recua em 5 de 7 capitais pesquisadas appeared first on Economia SC.<\/p>\n","protected":false},"author":1,"featured_media":0,"comment_status":"open","ping_status":"open","sticky":false,"template":"","format":"standard","meta":{"footnotes":""},"categories":[5],"tags":[],"class_list":["post-2434","post","type-post","status-publish","format-standard","hentry","category-noticias","no-post-thumbnail"],"_links":{"self":[{"href":"https:\/\/www.cdlbc.com.br\/portal\/wp-json\/wp\/v2\/posts\/2434","targetHints":{"allow":["GET"]}}],"collection":[{"href":"https:\/\/www.cdlbc.com.br\/portal\/wp-json\/wp\/v2\/posts"}],"about":[{"href":"https:\/\/www.cdlbc.com.br\/portal\/wp-json\/wp\/v2\/types\/post"}],"author":[{"embeddable":true,"href":"https:\/\/www.cdlbc.com.br\/portal\/wp-json\/wp\/v2\/users\/1"}],"replies":[{"embeddable":true,"href":"https:\/\/www.cdlbc.com.br\/portal\/wp-json\/wp\/v2\/comments?post=2434"}],"version-history":[{"count":0,"href":"https:\/\/www.cdlbc.com.br\/portal\/wp-json\/wp\/v2\/posts\/2434\/revisions"}],"wp:attachment":[{"href":"https:\/\/www.cdlbc.com.br\/portal\/wp-json\/wp\/v2\/media?parent=2434"}],"wp:term":[{"taxonomy":"category","embeddable":true,"href":"https:\/\/www.cdlbc.com.br\/portal\/wp-json\/wp\/v2\/categories?post=2434"},{"taxonomy":"post_tag","embeddable":true,"href":"https:\/\/www.cdlbc.com.br\/portal\/wp-json\/wp\/v2\/tags?post=2434"}],"curies":[{"name":"wp","href":"https:\/\/api.w.org\/{rel}","templated":true}]}}