{"id":2431,"date":"2014-06-23T19:28:00","date_gmt":"2014-06-23T19:28:00","guid":{"rendered":"http:\/\/www.cdlbc.com.br\/portal\/noticias\/fiesc-promove-jornada-sobre-competitividade\/"},"modified":"2014-06-23T19:28:00","modified_gmt":"2014-06-23T19:28:00","slug":"fiesc-promove-jornada-sobre-competitividade","status":"publish","type":"post","link":"https:\/\/www.cdlbc.com.br\/portal\/noticias\/fiesc-promove-jornada-sobre-competitividade\/","title":{"rendered":"Fiesc promove jornada sobre competitividade"},"content":{"rendered":"<div class=\"ftpimagefix\" style=\"float:left\"><img decoding=\"async\" width=\"250\" alt=\"Rela\u00e7\u00e3o entre trabalhador saud\u00e1vel e a ind\u00fastria produtiva ser\u00e1 um dos temas  abordados durante a jornada. Foto: Divulga\u00e7\u00e3o \" src=\"http:\/\/economiasc.com.br\/wp-content\/uploads\/2014\/06\/industria-61.jpg\"><\/div>\n<p>Rela\u00e7\u00e3o entre trabalhador saud\u00e1vel e a ind\u00fastria produtiva ser\u00e1 um dos temas abordados durante a jornada. Foto: Divulga\u00e7\u00e3o<\/p>\n<p>A Jornada Inova\u00e7\u00e3o e Competitividade da Ind\u00fastria Catarinense, promovida pela Fiesc (Federa\u00e7\u00e3o das Ind\u00fastrias de Santa Catarina), come\u00e7a nesta quarta-feira, dia 25, e segue at\u00e9 sexta-feira, dia 27, no Centro de Eventos da entidade, em Florian\u00f3polis. Com 1,5 mil inscritos, o encontro reunir\u00e1 empres\u00e1rios, representantes de sindicatos de ind\u00fastria, autoridades e especialistas v\u00e3o debater os temas: qualidade de vida, educa\u00e7\u00e3o, inova\u00e7\u00e3o, tecnologia e ambiente institucional.<\/p>\n<p>Na quarta-feira, dia 25, os assuntos ser\u00e3o qualidade de vida e educa\u00e7\u00e3o. \u00c0s 9h45 ser\u00e1 realizada a palestra \u201cTrabalhador saud\u00e1vel, ind\u00fastria produtiva\u201d, com Steven Aldana, um dos maiores especialistas norte-americanos em bem-estar e vida saud\u00e1vel no ambiente de trabalho. Ele \u00e9 autor de sete livros sobre gerenciamento de risco \u00e0 sa\u00fade, vida saud\u00e1vel, e programas de promo\u00e7\u00e3o da sa\u00fade. As publica\u00e7\u00f5es j\u00e1 venderam mais de um milh\u00e3o de c\u00f3pias e s\u00e3o usadas por 4,5 mil empresas e corpora\u00e7\u00f5es.<\/p>\n<p>No mesmo dia tamb\u00e9m est\u00e3o programadas as palestras \u201cGest\u00e3o de economia para ambientes seguros e saud\u00e1veis\u201d; \u201cNovas compet\u00eancias para o profissional do s\u00e9culo 21\u2033, al\u00e9m do painel \u201cO papel da educa\u00e7\u00e3o para o desenvolvimento de compet\u00eancias para o mundo do trabalho\u201d.<\/p>\n<p>Na quinta-feira, dia 26, ser\u00e3o tratados os temas inova\u00e7\u00e3o, design, educa\u00e7\u00e3o e ambiente institucional. \u00c0s 9h45 ser\u00e1 realizada a palestra \u201cEcossistema de inova\u00e7\u00e3o\u201d, com o professor do Centro de Performance Industrial do Massachusetts Institute of Technology (MIT), Celson Pantoja Lima. \u00c0s 10h40 est\u00e1 programada a palestra \u201cCapacidade de inova\u00e7\u00e3o, competitividade e educa\u00e7\u00e3o\u201d, com o especialista da Universidade de Berlim, Ardin Djalali. \u00c0 tarde, \u00e0s 14h10, ser\u00e1 realizado painel sobre produtividade na ind\u00fastria, com a participa\u00e7\u00e3o do economista Jorge Arbache, do consultor Lu\u00eds Alberto Saavedra Martinelli e do gerente-executivo da unidade de pol\u00edtica econ\u00f4mica da CNI, Fl\u00e1vio Castelo Branco. Tamb\u00e9m ser\u00e1 realizada palestra sobre empreendedorismo, com o presidente da Endeavor Brasil, Juliano Seabra.<\/p>\n<p>Na sexta-feira, dia 27, \u00e0s 10 horas, ser\u00e3o realizadas a entrega da Ordem do M\u00e9rito Industrial de Santa Catarina, a Ordem do M\u00e9rito Industrial da CNI e o M\u00e9rito Sindical. A solenidade, exclusiva para convidados, marca o encerramento da jornada.<\/p>\n<p>A jornada ter\u00e1 as emiss\u00f5es de gases de efeito estufa (GEE) inventariadas a partir da metodologia GHG Protocol e compensadas por meio de restauro florestal de Mata Atl\u00e2ntica. O GHG Protocol \u00e9 a ferramenta mais utilizada no mundo para gerenciar emiss\u00f5es. A iniciativa est\u00e1 no \u00e2mbito do Plano Sustentabilidade para a Competitividade da Ind\u00fastria Catarinense. A jornada tem o apoio do BRDE, CrediFIESC, Previsc, Tractebel, Sesi e Senai Nacional.<\/p>\n<\/p>\n<p>The post Fiesc promove jornada sobre competitividade appeared first on Economia SC.<\/p>\n<p>Via: <a href=\"http:\/\/economiasc.com.br\/fiesc-promove-jornada-sobre-competitividade\/\" class=\"colorbox\" title=\"Fiesc promove jornada sobre competitividade\">economiasc.com.br<\/a><\/p>\n","protected":false},"excerpt":{"rendered":"<div class=\"ftpimagefix\" style=\"float:left\"><img decoding=\"async\" width=\"250\" alt=\"Rela\u00e7\u00e3o entre trabalhador saud\u00e1vel e a ind\u00fastria produtiva ser\u00e1 um dos temas  abordados durante a jornada. Foto: Divulga\u00e7\u00e3o \" src=\"http:\/\/economiasc.com.br\/wp-content\/uploads\/2014\/06\/industria-61.jpg\"><\/div>\n<p>Rela\u00e7\u00e3o entre trabalhador saud\u00e1vel e a ind\u00fastria produtiva ser\u00e1 um dos temas abordados durante a jornada. Foto: Divulga\u00e7\u00e3o<\/p>\n<p>A Jornada Inova\u00e7\u00e3o e Competitividade da Ind\u00fastria Catarinense, promovida pela Fiesc (Federa\u00e7\u00e3o das Ind\u00fastrias de Santa Catarina), come\u00e7a nesta quarta-feira, dia 25, e segue at\u00e9 sexta-feira, dia 27, no Centro de Eventos da entidade, em Florian\u00f3polis. Com 1,5 mil inscritos, o encontro reunir\u00e1 empres\u00e1rios, representantes de sindicatos de ind\u00fastria, autoridades e especialistas v\u00e3o debater os temas: qualidade de vida, educa\u00e7\u00e3o, inova\u00e7\u00e3o, tecnologia e ambiente institucional.<\/p>\n<p>Na quarta-feira, dia 25, os assuntos ser\u00e3o qualidade de vida e educa\u00e7\u00e3o. \u00c0s 9h45 ser\u00e1 realizada a palestra \u201cTrabalhador saud\u00e1vel, ind\u00fastria produtiva\u201d, com Steven Aldana, um dos maiores especialistas norte-americanos em bem-estar e vida saud\u00e1vel no ambiente de trabalho. Ele \u00e9 autor de sete livros sobre gerenciamento de risco \u00e0 sa\u00fade, vida saud\u00e1vel, e programas de promo\u00e7\u00e3o da sa\u00fade. As publica\u00e7\u00f5es j\u00e1 venderam mais de um milh\u00e3o de c\u00f3pias e s\u00e3o usadas por 4,5 mil empresas e corpora\u00e7\u00f5es.<\/p>\n<p>No mesmo dia tamb\u00e9m est\u00e3o programadas as palestras \u201cGest\u00e3o de economia para ambientes seguros e saud\u00e1veis\u201d; \u201cNovas compet\u00eancias para o profissional do s\u00e9culo 21\u2033, al\u00e9m do painel \u201cO papel da educa\u00e7\u00e3o para o desenvolvimento de compet\u00eancias para o mundo do trabalho\u201d.<\/p>\n<p>Na quinta-feira, dia 26, ser\u00e3o tratados os temas inova\u00e7\u00e3o, design, educa\u00e7\u00e3o e ambiente institucional. \u00c0s 9h45 ser\u00e1 realizada a palestra \u201cEcossistema de inova\u00e7\u00e3o\u201d, com o professor do Centro de Performance Industrial do Massachusetts Institute of Technology (MIT), Celson Pantoja Lima. \u00c0s 10h40 est\u00e1 programada a palestra \u201cCapacidade de inova\u00e7\u00e3o, competitividade e educa\u00e7\u00e3o\u201d, com o especialista da Universidade de Berlim, Ardin Djalali. \u00c0 tarde, \u00e0s 14h10, ser\u00e1 realizado painel sobre produtividade na ind\u00fastria, com a participa\u00e7\u00e3o do economista Jorge Arbache, do consultor Lu\u00eds Alberto Saavedra Martinelli e do gerente-executivo da unidade de pol\u00edtica econ\u00f4mica da CNI, Fl\u00e1vio Castelo Branco. Tamb\u00e9m ser\u00e1 realizada palestra sobre empreendedorismo, com o presidente da Endeavor Brasil, Juliano Seabra.<\/p>\n<p>Na sexta-feira, dia 27, \u00e0s 10 horas, ser\u00e3o realizadas a entrega da Ordem do M\u00e9rito Industrial de Santa Catarina, a Ordem do M\u00e9rito Industrial da CNI e o M\u00e9rito Sindical. A solenidade, exclusiva para convidados, marca o encerramento da jornada.<\/p>\n<p>A jornada ter\u00e1 as emiss\u00f5es de gases de efeito estufa (GEE) inventariadas a partir da metodologia GHG Protocol e compensadas por meio de restauro florestal de Mata Atl\u00e2ntica. O GHG Protocol \u00e9 a ferramenta mais utilizada no mundo para gerenciar emiss\u00f5es. A iniciativa est\u00e1 no \u00e2mbito do Plano Sustentabilidade para a Competitividade da Ind\u00fastria Catarinense. A jornada tem o apoio do BRDE, CrediFIESC, Previsc, Tractebel, Sesi e Senai Nacional.<\/p>\n<\/p>\n<p>The post Fiesc promove jornada sobre competitividade appeared first on Economia SC.<\/p>\n","protected":false},"author":1,"featured_media":0,"comment_status":"open","ping_status":"open","sticky":false,"template":"","format":"standard","meta":{"footnotes":""},"categories":[5],"tags":[],"class_list":["post-2431","post","type-post","status-publish","format-standard","hentry","category-noticias","no-post-thumbnail"],"_links":{"self":[{"href":"https:\/\/www.cdlbc.com.br\/portal\/wp-json\/wp\/v2\/posts\/2431","targetHints":{"allow":["GET"]}}],"collection":[{"href":"https:\/\/www.cdlbc.com.br\/portal\/wp-json\/wp\/v2\/posts"}],"about":[{"href":"https:\/\/www.cdlbc.com.br\/portal\/wp-json\/wp\/v2\/types\/post"}],"author":[{"embeddable":true,"href":"https:\/\/www.cdlbc.com.br\/portal\/wp-json\/wp\/v2\/users\/1"}],"replies":[{"embeddable":true,"href":"https:\/\/www.cdlbc.com.br\/portal\/wp-json\/wp\/v2\/comments?post=2431"}],"version-history":[{"count":0,"href":"https:\/\/www.cdlbc.com.br\/portal\/wp-json\/wp\/v2\/posts\/2431\/revisions"}],"wp:attachment":[{"href":"https:\/\/www.cdlbc.com.br\/portal\/wp-json\/wp\/v2\/media?parent=2431"}],"wp:term":[{"taxonomy":"category","embeddable":true,"href":"https:\/\/www.cdlbc.com.br\/portal\/wp-json\/wp\/v2\/categories?post=2431"},{"taxonomy":"post_tag","embeddable":true,"href":"https:\/\/www.cdlbc.com.br\/portal\/wp-json\/wp\/v2\/tags?post=2431"}],"curies":[{"name":"wp","href":"https:\/\/api.w.org\/{rel}","templated":true}]}}