{"id":2429,"date":"2014-06-23T17:22:00","date_gmt":"2014-06-23T17:22:00","guid":{"rendered":"http:\/\/www.cdlbc.com.br\/portal\/noticias\/acib-promove-ciclo-de-boas-praticas-empreendedoras\/"},"modified":"2014-06-23T17:22:00","modified_gmt":"2014-06-23T17:22:00","slug":"acib-promove-ciclo-de-boas-praticas-empreendedoras","status":"publish","type":"post","link":"https:\/\/www.cdlbc.com.br\/portal\/noticias\/acib-promove-ciclo-de-boas-praticas-empreendedoras\/","title":{"rendered":"Acib promove ciclo de boas pr\u00e1ticas empreendedoras"},"content":{"rendered":"<div class=\"ftpimagefix\" style=\"float:left\"><img decoding=\"async\" width=\"250\" alt=\"Primeira palestra ser\u00e1 ministrada  por Juliano Mendes e Bruno Mendes. Foto: Divulga\u00e7\u00e3o\" src=\"http:\/\/economiasc.com.br\/wp-content\/uploads\/2014\/06\/foto04367-300x199.jpg\"><\/div>\n<p>Primeira palestra ser\u00e1 ministrada por Juliano Mendes e Bruno Mendes. Foto: Divulga\u00e7\u00e3o<\/p>\n<p>Fazer reflex\u00f5es sobre o pr\u00f3prio empreendimento e ainda se capacitar com empreendedores de sucesso s\u00e3o os principais objetivos do Ciclo de Boas Pr\u00e1ticas Empreendedoras, que ocorre na pr\u00f3xima quinta-feira, dia 26, em Blumenau, e tamb\u00e9m no dia 24 de julho. O evento \u00e9 gratuito e aberto a quem tiver interesse.<\/p>\n<p>A ideia \u00e9 que os participantes possam conhecer o que fez a diferen\u00e7a no sucesso dos neg\u00f3cios de empreendimentos locais.  Para isso, a primeira palestra nesta quinta-feira ser\u00e1 com Juliano Mendes e Bruno Mendes, que est\u00e3o \u00e0 frente do The Basement Pub. O encontro ser\u00e1 no Instituto Gene, no Garcia, \u00e0s 19h.<\/p>\n<p>Em julho, no dia 26, \u00e0s 19h, ser\u00e1 a vez de trocar conhecimento com Simone Nascimento, da empresa Bem Nutrir. A palestra vai ser no Sest Senat, na Itoupava Central .<\/p>\n<p>O ciclo \u00e9 uma realiza\u00e7\u00e3o da Acib com o apoio do Sebrae e da Viacredi. O evento \u00e9 gratuito e para participar basta fazer a inscri\u00e7\u00e3o pelo telefone (47) 3326-1230 ou pelo e-maileventos@acib.net.<\/p>\n<p align=\"center\"><b> <\/b><\/p>\n<\/p>\n<p>The post Acib promove ciclo de boas pr\u00e1ticas empreendedoras appeared first on Economia SC.<\/p>\n<p>Via: <a href=\"http:\/\/economiasc.com.br\/acib-promove-ciclo-de-boas-praticas-empreendedoras\/\" class=\"colorbox\" title=\"Acib promove ciclo de boas pr\u00e1ticas empreendedoras\">economiasc.com.br<\/a><\/p>\n","protected":false},"excerpt":{"rendered":"<div class=\"ftpimagefix\" style=\"float:left\"><img decoding=\"async\" width=\"250\" alt=\"Primeira palestra ser\u00e1 ministrada  por Juliano Mendes e Bruno Mendes. Foto: Divulga\u00e7\u00e3o\" src=\"http:\/\/economiasc.com.br\/wp-content\/uploads\/2014\/06\/foto04367-300x199.jpg\"><\/div>\n<p>Primeira palestra ser\u00e1 ministrada por Juliano Mendes e Bruno Mendes. Foto: Divulga\u00e7\u00e3o<\/p>\n<p>Fazer reflex\u00f5es sobre o pr\u00f3prio empreendimento e ainda se capacitar com empreendedores de sucesso s\u00e3o os principais objetivos do Ciclo de Boas Pr\u00e1ticas Empreendedoras, que ocorre na pr\u00f3xima quinta-feira, dia 26, em Blumenau, e tamb\u00e9m no dia 24 de julho. O evento \u00e9 gratuito e aberto a quem tiver interesse.<\/p>\n<p>A ideia \u00e9 que os participantes possam conhecer o que fez a diferen\u00e7a no sucesso dos neg\u00f3cios de empreendimentos locais.  Para isso, a primeira palestra nesta quinta-feira ser\u00e1 com Juliano Mendes e Bruno Mendes, que est\u00e3o \u00e0 frente do The Basement Pub. O encontro ser\u00e1 no Instituto Gene, no Garcia, \u00e0s 19h.<\/p>\n<p>Em julho, no dia 26, \u00e0s 19h, ser\u00e1 a vez de trocar conhecimento com Simone Nascimento, da empresa Bem Nutrir. A palestra vai ser no Sest Senat, na Itoupava Central .<\/p>\n<p>O ciclo \u00e9 uma realiza\u00e7\u00e3o da Acib com o apoio do Sebrae e da Viacredi. O evento \u00e9 gratuito e para participar basta fazer a inscri\u00e7\u00e3o pelo telefone (47) 3326-1230 ou pelo e-maileventos@acib.net.<\/p>\n<p align=\"center\"><b> <\/b><\/p>\n<\/p>\n<p>The post Acib promove ciclo de boas pr\u00e1ticas empreendedoras appeared first on Economia SC.<\/p>\n","protected":false},"author":1,"featured_media":0,"comment_status":"open","ping_status":"open","sticky":false,"template":"","format":"standard","meta":{"footnotes":""},"categories":[5],"tags":[],"class_list":["post-2429","post","type-post","status-publish","format-standard","hentry","category-noticias","no-post-thumbnail"],"_links":{"self":[{"href":"https:\/\/www.cdlbc.com.br\/portal\/wp-json\/wp\/v2\/posts\/2429","targetHints":{"allow":["GET"]}}],"collection":[{"href":"https:\/\/www.cdlbc.com.br\/portal\/wp-json\/wp\/v2\/posts"}],"about":[{"href":"https:\/\/www.cdlbc.com.br\/portal\/wp-json\/wp\/v2\/types\/post"}],"author":[{"embeddable":true,"href":"https:\/\/www.cdlbc.com.br\/portal\/wp-json\/wp\/v2\/users\/1"}],"replies":[{"embeddable":true,"href":"https:\/\/www.cdlbc.com.br\/portal\/wp-json\/wp\/v2\/comments?post=2429"}],"version-history":[{"count":0,"href":"https:\/\/www.cdlbc.com.br\/portal\/wp-json\/wp\/v2\/posts\/2429\/revisions"}],"wp:attachment":[{"href":"https:\/\/www.cdlbc.com.br\/portal\/wp-json\/wp\/v2\/media?parent=2429"}],"wp:term":[{"taxonomy":"category","embeddable":true,"href":"https:\/\/www.cdlbc.com.br\/portal\/wp-json\/wp\/v2\/categories?post=2429"},{"taxonomy":"post_tag","embeddable":true,"href":"https:\/\/www.cdlbc.com.br\/portal\/wp-json\/wp\/v2\/tags?post=2429"}],"curies":[{"name":"wp","href":"https:\/\/api.w.org\/{rel}","templated":true}]}}