{"id":2426,"date":"2014-06-23T16:11:00","date_gmt":"2014-06-23T16:11:00","guid":{"rendered":"http:\/\/www.cdlbc.com.br\/portal\/noticias\/cai-intencao-de-consumo-em-santa-catarina\/"},"modified":"2014-06-23T16:11:00","modified_gmt":"2014-06-23T16:11:00","slug":"cai-intencao-de-consumo-em-santa-catarina","status":"publish","type":"post","link":"https:\/\/www.cdlbc.com.br\/portal\/noticias\/cai-intencao-de-consumo-em-santa-catarina\/","title":{"rendered":"Cai inten\u00e7\u00e3o de consumo em Santa Catarina"},"content":{"rendered":"<div class=\"ftpimagefix\" style=\"float:left\"><img decoding=\"async\" width=\"250\" alt=\"De acordo com pesquisa da Fecomercio, na compara\u00e7\u00e3o mensal, queda foi de 3%. Foto: Divulga\u00e7\u00e3o\" src=\"http:\/\/economiasc.com.br\/wp-content\/uploads\/2014\/06\/consumidor-300x188.jpg\"><\/div>\n<p>De acordo com pesquisa da Fecomercio, na compara\u00e7\u00e3o mensal, queda foi de 3%. Foto: Divulga\u00e7\u00e3o<\/p>\n<p align=\"left\">A Inten\u00e7\u00e3o de Consumo das Fam\u00edlias  catarinenses caiu 3% na compara\u00e7\u00e3o mensal e 8,8% na compara\u00e7\u00e3o anual. No entanto, ainda chegou a junho no positivo patamar de 131,9 pontos, isso em uma escala que vai de 0 a 200 pontos, com 100 demarcando o limite entre o pessimismo e o otimismo. Os dados s\u00e3o de pesquisa da Federa\u00e7\u00e3o do Com\u00e9rcio de Santa Catarina (Fecomercio).<\/p>\n<p align=\"left\">A confian\u00e7a em rela\u00e7\u00e3o \u00e0 renda atual caiu -3,1% em compara\u00e7\u00e3o ao m\u00eas de maio e, na compara\u00e7\u00e3o com o mesmo m\u00eas do ano anterior, a queda foi de -3,7%. J\u00e1 as expectativas com rela\u00e7\u00e3o ao consumo atual apresentaram estabilidade de 0,2% na varia\u00e7\u00e3o mensal e queda de -5,5% na compara\u00e7\u00e3o anual. O n\u00edvel de emprego atual caiu -2,1% em termos mensais e -4,9% em termos anuais.<\/p>\n<p align=\"left\">No m\u00eas de junho, o indicador de perspectiva profissional apresentou uma expressiva queda de -10,4% na compara\u00e7\u00e3o mensal e -15,7% na compara\u00e7\u00e3o anual. Em termos absolutos, a marca ficou abaixo dos 100 pontos pelo segundo m\u00eas consecutivo.<\/p>\n<p align=\"left\">O acesso ao cr\u00e9dito, em termos mensais, apresentou queda de -1,3%. A varia\u00e7\u00e3o anual tamb\u00e9m teve queda de -10,5%. O que indica que o elevado grau de endividamento das fam\u00edlias e as elevadas taxas de juros j\u00e1 est\u00e3o comprometendo sua capacidade de contrair mais d\u00edvidas. Em termos absolutos, o \u00edndice ficou em 151,3.<\/p>\n<p align=\"left\">A perspectiva de consumo das fam\u00edlias catarinenses caiu pouco no m\u00eas. O indicador teve como pontua\u00e7\u00e3o o valor de 130,1 pontos, queda de -2,2% na compara\u00e7\u00e3o mensal. No ano, houve expressiva queda de -10,4%.<\/p>\n<p>The post Cai inten\u00e7\u00e3o de consumo em Santa Catarina appeared first on Economia SC.<\/p>\n<p>Via: <a href=\"http:\/\/economiasc.com.br\/cai-intencao-de-consumo-em-santa-catarina\/\" class=\"colorbox\" title=\"Cai inten\u00e7\u00e3o de consumo em Santa Catarina\">economiasc.com.br<\/a><\/p>\n","protected":false},"excerpt":{"rendered":"<div class=\"ftpimagefix\" style=\"float:left\"><img decoding=\"async\" width=\"250\" alt=\"De acordo com pesquisa da Fecomercio, na compara\u00e7\u00e3o mensal, queda foi de 3%. Foto: Divulga\u00e7\u00e3o\" src=\"http:\/\/economiasc.com.br\/wp-content\/uploads\/2014\/06\/consumidor-300x188.jpg\"><\/div>\n<p>De acordo com pesquisa da Fecomercio, na compara\u00e7\u00e3o mensal, queda foi de 3%. Foto: Divulga\u00e7\u00e3o<\/p>\n<p align=\"left\">A Inten\u00e7\u00e3o de Consumo das Fam\u00edlias  catarinenses caiu 3% na compara\u00e7\u00e3o mensal e 8,8% na compara\u00e7\u00e3o anual. No entanto, ainda chegou a junho no positivo patamar de 131,9 pontos, isso em uma escala que vai de 0 a 200 pontos, com 100 demarcando o limite entre o pessimismo e o otimismo. Os dados s\u00e3o de pesquisa da Federa\u00e7\u00e3o do Com\u00e9rcio de Santa Catarina (Fecomercio).<\/p>\n<p align=\"left\">A confian\u00e7a em rela\u00e7\u00e3o \u00e0 renda atual caiu -3,1% em compara\u00e7\u00e3o ao m\u00eas de maio e, na compara\u00e7\u00e3o com o mesmo m\u00eas do ano anterior, a queda foi de -3,7%. J\u00e1 as expectativas com rela\u00e7\u00e3o ao consumo atual apresentaram estabilidade de 0,2% na varia\u00e7\u00e3o mensal e queda de -5,5% na compara\u00e7\u00e3o anual. O n\u00edvel de emprego atual caiu -2,1% em termos mensais e -4,9% em termos anuais.<\/p>\n<p align=\"left\">No m\u00eas de junho, o indicador de perspectiva profissional apresentou uma expressiva queda de -10,4% na compara\u00e7\u00e3o mensal e -15,7% na compara\u00e7\u00e3o anual. Em termos absolutos, a marca ficou abaixo dos 100 pontos pelo segundo m\u00eas consecutivo.<\/p>\n<p align=\"left\">O acesso ao cr\u00e9dito, em termos mensais, apresentou queda de -1,3%. A varia\u00e7\u00e3o anual tamb\u00e9m teve queda de -10,5%. O que indica que o elevado grau de endividamento das fam\u00edlias e as elevadas taxas de juros j\u00e1 est\u00e3o comprometendo sua capacidade de contrair mais d\u00edvidas. Em termos absolutos, o \u00edndice ficou em 151,3.<\/p>\n<p align=\"left\">A perspectiva de consumo das fam\u00edlias catarinenses caiu pouco no m\u00eas. O indicador teve como pontua\u00e7\u00e3o o valor de 130,1 pontos, queda de -2,2% na compara\u00e7\u00e3o mensal. No ano, houve expressiva queda de -10,4%.<\/p>\n<p>The post Cai inten\u00e7\u00e3o de consumo em Santa Catarina appeared first on Economia SC.<\/p>\n","protected":false},"author":1,"featured_media":0,"comment_status":"open","ping_status":"open","sticky":false,"template":"","format":"standard","meta":{"footnotes":""},"categories":[5],"tags":[],"class_list":["post-2426","post","type-post","status-publish","format-standard","hentry","category-noticias","no-post-thumbnail"],"_links":{"self":[{"href":"https:\/\/www.cdlbc.com.br\/portal\/wp-json\/wp\/v2\/posts\/2426","targetHints":{"allow":["GET"]}}],"collection":[{"href":"https:\/\/www.cdlbc.com.br\/portal\/wp-json\/wp\/v2\/posts"}],"about":[{"href":"https:\/\/www.cdlbc.com.br\/portal\/wp-json\/wp\/v2\/types\/post"}],"author":[{"embeddable":true,"href":"https:\/\/www.cdlbc.com.br\/portal\/wp-json\/wp\/v2\/users\/1"}],"replies":[{"embeddable":true,"href":"https:\/\/www.cdlbc.com.br\/portal\/wp-json\/wp\/v2\/comments?post=2426"}],"version-history":[{"count":0,"href":"https:\/\/www.cdlbc.com.br\/portal\/wp-json\/wp\/v2\/posts\/2426\/revisions"}],"wp:attachment":[{"href":"https:\/\/www.cdlbc.com.br\/portal\/wp-json\/wp\/v2\/media?parent=2426"}],"wp:term":[{"taxonomy":"category","embeddable":true,"href":"https:\/\/www.cdlbc.com.br\/portal\/wp-json\/wp\/v2\/categories?post=2426"},{"taxonomy":"post_tag","embeddable":true,"href":"https:\/\/www.cdlbc.com.br\/portal\/wp-json\/wp\/v2\/tags?post=2426"}],"curies":[{"name":"wp","href":"https:\/\/api.w.org\/{rel}","templated":true}]}}