{"id":2412,"date":"2014-06-23T11:55:00","date_gmt":"2014-06-23T11:55:00","guid":{"rendered":"http:\/\/www.cdlbc.com.br\/portal\/noticias\/brusque-tera-novo-centro-de-tecnologia-e-inovacao\/"},"modified":"2014-06-23T11:55:00","modified_gmt":"2014-06-23T11:55:00","slug":"brusque-tera-novo-centro-de-tecnologia-e-inovacao","status":"publish","type":"post","link":"https:\/\/www.cdlbc.com.br\/portal\/noticias\/brusque-tera-novo-centro-de-tecnologia-e-inovacao\/","title":{"rendered":"Brusque ter\u00e1 novo Centro de Tecnologia e Inova\u00e7\u00e3o"},"content":{"rendered":"<p>Nesta segunda-feira pela manh\u00e3, em Brusque, a Funda\u00e7\u00e3o de Amparo \u00e0 Pesquisa e Inova\u00e7\u00e3o do Estado de Santa Catarina \u2013 Fapesc \u2013 e o Centro Universit\u00e1rio de Brusque \u2013 Unifebe \u2013 assinam conv\u00eanio para implanta\u00e7\u00e3o do Centro de Tecnologia e Inova\u00e7\u00e3o.<\/p>\n<p>A Fapesc repassar\u00e1 R$ 1 milh\u00e3o em duas parcelas, metade em 2014 e, outra metade, em 2015, para compra de equipamentos na \u00e1rea de mec\u00e2nica. A finalidade \u00e9 respaldar o Arranjo Produtivo Local (APL) t\u00eaxtil e cal\u00e7adista da regi\u00e3o de Brusque.<\/p>\n<p>Depois de conclu\u00eddo, o laborat\u00f3rio, que ficar\u00e1 na universidade, servir\u00e1 de nova refer\u00eancia tecnol\u00f3gica em Santa Catarina, principalmente para a Associa\u00e7\u00e3o de Munic\u00edpios do M\u00e9dio Vale do Itaja\u00ed.<\/p>\n<p>De acordo com o coordenador de projetos da Fapesc, Gerson Bortoluzzi, \u201crepassar recursos para implanta\u00e7\u00e3o do laborat\u00f3rio \u00e9 relevante, e apoiar o setor industrial da regi\u00e3o permitir\u00e1 que a academia transfira conhecimento\u201d.<\/p>\n<p>Outro ganho para a regi\u00e3o ser\u00e1 o aprimoramento de tecnologias, melhorando a qualidade, a produtividade e a competitividade dos produtos ali fabricados, al\u00e9m de consolidar a rela\u00e7\u00e3o Universidade \u2013 Empresa.<\/p>\n<p>The post <a class=\"colorbox\" rel=\"nofollow\" href=\"http:\/\/economiasc.com.br\/brusque-tera-novo-centro-de-tecnologia-e-inovacao\/\">Brusque ter\u00e1 novo Centro de Tecnologia e Inova\u00e7\u00e3o<\/a> appeared first on <a class=\"colorbox\" rel=\"nofollow\" href=\"http:\/\/economiasc.com.br\/\">Economia SC<\/a>.<\/p>\n<p>Via: <a href=\"http:\/\/economiasc.com.br\/brusque-tera-novo-centro-de-tecnologia-e-inovacao\/\" class=\"colorbox\" title=\"Brusque ter\u00e1 novo Centro de Tecnologia e Inova\u00e7\u00e3o\">economiasc.com.br<\/a><\/p>\n","protected":false},"excerpt":{"rendered":"<p>Nesta segunda-feira pela manh\u00e3, em Brusque, a Funda\u00e7\u00e3o de Amparo \u00e0 Pesquisa e Inova\u00e7\u00e3o do Estado de Santa Catarina \u2013 Fapesc \u2013 e o Centro Universit\u00e1rio de Brusque \u2013 Unifebe \u2013 assinam conv\u00eanio para implanta\u00e7\u00e3o do Centro de Tecnologia e Inova\u00e7\u00e3o.<\/p>\n<p>A Fapesc repassar\u00e1 R$ 1 milh\u00e3o em duas parcelas, metade em 2014 e, outra metade, em 2015, para compra de equipamentos na \u00e1rea de mec\u00e2nica. A finalidade \u00e9 respaldar o Arranjo Produtivo Local (APL) t\u00eaxtil e cal\u00e7adista da regi\u00e3o de Brusque.<\/p>\n<p>Depois de conclu\u00eddo, o laborat\u00f3rio, que ficar\u00e1 na universidade, servir\u00e1 de nova refer\u00eancia tecnol\u00f3gica em Santa Catarina, principalmente para a Associa\u00e7\u00e3o de Munic\u00edpios do M\u00e9dio Vale do Itaja\u00ed.<\/p>\n<p>De acordo com o coordenador de projetos da Fapesc, Gerson Bortoluzzi, \u201crepassar recursos para implanta\u00e7\u00e3o do laborat\u00f3rio \u00e9 relevante, e apoiar o setor industrial da regi\u00e3o permitir\u00e1 que a academia transfira conhecimento\u201d.<\/p>\n<p>Outro ganho para a regi\u00e3o ser\u00e1 o aprimoramento de tecnologias, melhorando a qualidade, a produtividade e a competitividade dos produtos ali fabricados, al\u00e9m de consolidar a rela\u00e7\u00e3o Universidade \u2013 Empresa.<\/p>\n<p>The post <a class=\"colorbox\" rel=\"nofollow\" href=\"http:\/\/economiasc.com.br\/brusque-tera-novo-centro-de-tecnologia-e-inovacao\/\">Brusque ter\u00e1 novo Centro de Tecnologia e Inova\u00e7\u00e3o<\/a> appeared first on <a class=\"colorbox\" rel=\"nofollow\" href=\"http:\/\/economiasc.com.br\/\">Economia SC<\/a>.<\/p>\n","protected":false},"author":1,"featured_media":0,"comment_status":"open","ping_status":"open","sticky":false,"template":"","format":"standard","meta":{"footnotes":""},"categories":[5],"tags":[],"class_list":["post-2412","post","type-post","status-publish","format-standard","hentry","category-noticias","no-post-thumbnail"],"_links":{"self":[{"href":"https:\/\/www.cdlbc.com.br\/portal\/wp-json\/wp\/v2\/posts\/2412","targetHints":{"allow":["GET"]}}],"collection":[{"href":"https:\/\/www.cdlbc.com.br\/portal\/wp-json\/wp\/v2\/posts"}],"about":[{"href":"https:\/\/www.cdlbc.com.br\/portal\/wp-json\/wp\/v2\/types\/post"}],"author":[{"embeddable":true,"href":"https:\/\/www.cdlbc.com.br\/portal\/wp-json\/wp\/v2\/users\/1"}],"replies":[{"embeddable":true,"href":"https:\/\/www.cdlbc.com.br\/portal\/wp-json\/wp\/v2\/comments?post=2412"}],"version-history":[{"count":0,"href":"https:\/\/www.cdlbc.com.br\/portal\/wp-json\/wp\/v2\/posts\/2412\/revisions"}],"wp:attachment":[{"href":"https:\/\/www.cdlbc.com.br\/portal\/wp-json\/wp\/v2\/media?parent=2412"}],"wp:term":[{"taxonomy":"category","embeddable":true,"href":"https:\/\/www.cdlbc.com.br\/portal\/wp-json\/wp\/v2\/categories?post=2412"},{"taxonomy":"post_tag","embeddable":true,"href":"https:\/\/www.cdlbc.com.br\/portal\/wp-json\/wp\/v2\/tags?post=2412"}],"curies":[{"name":"wp","href":"https:\/\/api.w.org\/{rel}","templated":true}]}}