{"id":2408,"date":"2014-06-20T18:03:00","date_gmt":"2014-06-20T18:03:00","guid":{"rendered":"http:\/\/www.cdlbc.com.br\/portal\/noticias\/sebraesc-abre-inscricoes-para-startup-sc\/"},"modified":"2014-06-20T18:03:00","modified_gmt":"2014-06-20T18:03:00","slug":"sebraesc-abre-inscricoes-para-startup-sc","status":"publish","type":"post","link":"https:\/\/www.cdlbc.com.br\/portal\/noticias\/sebraesc-abre-inscricoes-para-startup-sc\/","title":{"rendered":"Sebrae\/SC abre inscri\u00e7\u00f5es para Startup SC"},"content":{"rendered":"<p>O Sebrae\/SC abre inscri\u00e7\u00f5es para 4\u00ba turma do programa de capacita\u00e7\u00e3o Startup SC. O programa tem como objetivo impulsionar as empresas que desenvolvem produtos e modelos de neg\u00f3cios inovadores voltados para tecnologia, as chamadas startups. As inscri\u00e7\u00f5es s\u00e3o gratuitas.<\/p>\n<p>O programa \u00e9 baseado em mentoria e educa\u00e7\u00e3o empresarial com alguns dos maiores profissionais do ecossistema empreendedor e de diversas \u00e1reas estrat\u00e9gicas que os ajudar\u00e3o a preparar seus neg\u00f3cios para ingressarem ou se consolidarem no mercado de maneira sustent\u00e1vel.<\/p>\n<p>O time de mentores do programa conta com nomes como Maurilio Alberone, CEO da Bizstart e Edools; Yuri Gitahy, fundador da Aceleradora; Rafael Assun\u00e7\u00e3o, investidor anjo e co-fundador de startups; Felipe Matos, COO do Startup Brasil; Rodrigo Ventura, do fundo de investimento BZplan; e Vinicius Roveda, CEO da Conta Azul.<\/p>\n<p>Al\u00e9m do programa ser totalmente gratuito, o Sebrae\/SC realizou uma s\u00e9rie de parcerias estrat\u00e9gicas com a Amazon Web Services, Conta Azul, Sendgrid, 99Designs, Resultados Digitais e espa\u00e7os de coworking, visando entregar mais benef\u00edcios para as startups participantes.<\/p>\n<p>As inscri\u00e7\u00f5es v\u00e3o at\u00e9 o dia 10 de julho e o resultado, com as 20 startups selecionadas, ser\u00e1 divulgado no dia 20 de julho durante a segunda edi\u00e7\u00e3o do Sebrae Startup Day, na Feira do Empreendedor.<\/p>\n<p>The post <a class=\"colorbox\" rel=\"nofollow\" href=\"http:\/\/economiasc.com.br\/sebraesc-abre-inscricoes-para-startup-sc\/\">Sebrae\/SC abre inscri\u00e7\u00f5es para Startup SC<\/a> appeared first on <a class=\"colorbox\" rel=\"nofollow\" href=\"http:\/\/economiasc.com.br\/\">Economia SC<\/a>.<\/p>\n<p>Via: <a href=\"http:\/\/economiasc.com.br\/sebraesc-abre-inscricoes-para-startup-sc\/\" class=\"colorbox\" title=\"Sebrae\/SC abre inscri\u00e7\u00f5es para Startup SC\">economiasc.com.br<\/a><\/p>\n","protected":false},"excerpt":{"rendered":"<p>O Sebrae\/SC abre inscri\u00e7\u00f5es para 4\u00ba turma do programa de capacita\u00e7\u00e3o Startup SC. O programa tem como objetivo impulsionar as empresas que desenvolvem produtos e modelos de neg\u00f3cios inovadores voltados para tecnologia, as chamadas startups. As inscri\u00e7\u00f5es s\u00e3o gratuitas.<\/p>\n<p>O programa \u00e9 baseado em mentoria e educa\u00e7\u00e3o empresarial com alguns dos maiores profissionais do ecossistema empreendedor e de diversas \u00e1reas estrat\u00e9gicas que os ajudar\u00e3o a preparar seus neg\u00f3cios para ingressarem ou se consolidarem no mercado de maneira sustent\u00e1vel.<\/p>\n<p>O time de mentores do programa conta com nomes como Maurilio Alberone, CEO da Bizstart e Edools; Yuri Gitahy, fundador da Aceleradora; Rafael Assun\u00e7\u00e3o, investidor anjo e co-fundador de startups; Felipe Matos, COO do Startup Brasil; Rodrigo Ventura, do fundo de investimento BZplan; e Vinicius Roveda, CEO da Conta Azul.<\/p>\n<p>Al\u00e9m do programa ser totalmente gratuito, o Sebrae\/SC realizou uma s\u00e9rie de parcerias estrat\u00e9gicas com a Amazon Web Services, Conta Azul, Sendgrid, 99Designs, Resultados Digitais e espa\u00e7os de coworking, visando entregar mais benef\u00edcios para as startups participantes.<\/p>\n<p>As inscri\u00e7\u00f5es v\u00e3o at\u00e9 o dia 10 de julho e o resultado, com as 20 startups selecionadas, ser\u00e1 divulgado no dia 20 de julho durante a segunda edi\u00e7\u00e3o do Sebrae Startup Day, na Feira do Empreendedor.<\/p>\n<p>The post <a class=\"colorbox\" rel=\"nofollow\" href=\"http:\/\/economiasc.com.br\/sebraesc-abre-inscricoes-para-startup-sc\/\">Sebrae\/SC abre inscri\u00e7\u00f5es para Startup SC<\/a> appeared first on <a class=\"colorbox\" rel=\"nofollow\" href=\"http:\/\/economiasc.com.br\/\">Economia SC<\/a>.<\/p>\n","protected":false},"author":1,"featured_media":0,"comment_status":"open","ping_status":"open","sticky":false,"template":"","format":"standard","meta":{"footnotes":""},"categories":[5],"tags":[],"class_list":["post-2408","post","type-post","status-publish","format-standard","hentry","category-noticias","no-post-thumbnail"],"_links":{"self":[{"href":"https:\/\/www.cdlbc.com.br\/portal\/wp-json\/wp\/v2\/posts\/2408","targetHints":{"allow":["GET"]}}],"collection":[{"href":"https:\/\/www.cdlbc.com.br\/portal\/wp-json\/wp\/v2\/posts"}],"about":[{"href":"https:\/\/www.cdlbc.com.br\/portal\/wp-json\/wp\/v2\/types\/post"}],"author":[{"embeddable":true,"href":"https:\/\/www.cdlbc.com.br\/portal\/wp-json\/wp\/v2\/users\/1"}],"replies":[{"embeddable":true,"href":"https:\/\/www.cdlbc.com.br\/portal\/wp-json\/wp\/v2\/comments?post=2408"}],"version-history":[{"count":0,"href":"https:\/\/www.cdlbc.com.br\/portal\/wp-json\/wp\/v2\/posts\/2408\/revisions"}],"wp:attachment":[{"href":"https:\/\/www.cdlbc.com.br\/portal\/wp-json\/wp\/v2\/media?parent=2408"}],"wp:term":[{"taxonomy":"category","embeddable":true,"href":"https:\/\/www.cdlbc.com.br\/portal\/wp-json\/wp\/v2\/categories?post=2408"},{"taxonomy":"post_tag","embeddable":true,"href":"https:\/\/www.cdlbc.com.br\/portal\/wp-json\/wp\/v2\/tags?post=2408"}],"curies":[{"name":"wp","href":"https:\/\/api.w.org\/{rel}","templated":true}]}}