{"id":2405,"date":"2014-06-20T14:46:00","date_gmt":"2014-06-20T14:46:00","guid":{"rendered":"http:\/\/www.cdlbc.com.br\/portal\/noticias\/sebraesc-e-acatmar-assinam-acordo\/"},"modified":"2014-06-20T14:46:00","modified_gmt":"2014-06-20T14:46:00","slug":"sebraesc-e-acatmar-assinam-acordo","status":"publish","type":"post","link":"https:\/\/www.cdlbc.com.br\/portal\/noticias\/sebraesc-e-acatmar-assinam-acordo\/","title":{"rendered":"Sebrae\/SC e Acatmar assinam acordo"},"content":{"rendered":"<p>O Sebrae\/SC e a Associa\u00e7\u00e3o N\u00e1utica Catarinense para o Brasil \u2013 Acatmar assinaram acordo de coopera\u00e7\u00e3o em evento relizado nesta quarta-feira, dia 18, no Veleiros da Ilha, em Florian\u00f3polis.<\/p>\n<p>O projeto Fortalecimento de Polos Industriais \u2013 Polo N\u00e1utico \u2013 tem como objetivo promover o incremento da ind\u00fastria, criando condi\u00e7\u00f5es para micro e pequenas empresas acessarem novos mercados, desenvolvendo tecnologia e inova\u00e7\u00e3o. Est\u00e3o previstas diversas a\u00e7\u00f5es, como a elabora\u00e7\u00e3o de  um diagn\u00f3stico que vai levantar dados sobre a gest\u00e3o de cada empresa, avaliando aspectos da produ\u00e7\u00e3o, layout, marketing, manuten\u00e7\u00e3o, etc. \u201cTudo isso ser\u00e1 permeado por <i>workshops<\/i> que v\u00e3o discutir tend\u00eancias e novas tecnologias, promovendo troca de experi\u00eancias com parceiros nacionais e internacionais\u201d,  afirma o Analista T\u00e9cnico doSebrae\/SC e Coordenador do Projeto, Roberto Tavares de Albuquerque.<\/p>\n<p>A segunda meta do projeto \u00e9  incentivar as empresas a participarem de feiras de neg\u00f3cios do setor. \u201cO objetivo \u00e9  divulgar essas empresas, fazer promo\u00e7\u00e3o e comercializa\u00e7\u00e3o dos seus produtos e servi\u00e7os desenvolvidos\u201d, explica Roberto . Al\u00e9m disso, est\u00e3o previstas visitas e miss\u00f5es t\u00e9cnicas dentro e fora do Brasil, com foco no benchmarking, prospec\u00e7\u00e3o de novas tecnologias e interc\u00e2mbio.<\/p>\n<p>Santa Catarina \u00e9 o segundo Polo N\u00e1utico do pa\u00eds e<b>, <\/b>segundo o Presidente da Acatmar, Leandro Ferrari, o Estado tem todas as condi\u00e7\u00f5es para assumir o topo.  \u201cA ideia \u00e9 contarmos com a participa\u00e7\u00e3o de 10 pequenos estaleiros e 25 MPEs do segmento\u201d, afirma.<\/p>\n<p>The post <a class=\"colorbox\" rel=\"nofollow\" href=\"http:\/\/economiasc.com.br\/sebraesc-e-acatmar-assinam-acordo\/\">Sebrae\/SC e Acatmar assinam acordo<\/a> appeared first on <a class=\"colorbox\" rel=\"nofollow\" href=\"http:\/\/economiasc.com.br\/\">Economia SC<\/a>.<\/p>\n<p>Via: <a href=\"http:\/\/economiasc.com.br\/sebraesc-e-acatmar-assinam-acordo\/\" class=\"colorbox\" title=\"Sebrae\/SC e Acatmar assinam acordo\">economiasc.com.br<\/a><\/p>\n","protected":false},"excerpt":{"rendered":"<p>O Sebrae\/SC e a Associa\u00e7\u00e3o N\u00e1utica Catarinense para o Brasil \u2013 Acatmar assinaram acordo de coopera\u00e7\u00e3o em evento relizado nesta quarta-feira, dia 18, no Veleiros da Ilha, em Florian\u00f3polis.<\/p>\n<p>O projeto Fortalecimento de Polos Industriais \u2013 Polo N\u00e1utico \u2013 tem como objetivo promover o incremento da ind\u00fastria, criando condi\u00e7\u00f5es para micro e pequenas empresas acessarem novos mercados, desenvolvendo tecnologia e inova\u00e7\u00e3o. Est\u00e3o previstas diversas a\u00e7\u00f5es, como a elabora\u00e7\u00e3o de  um diagn\u00f3stico que vai levantar dados sobre a gest\u00e3o de cada empresa, avaliando aspectos da produ\u00e7\u00e3o, layout, marketing, manuten\u00e7\u00e3o, etc. \u201cTudo isso ser\u00e1 permeado por <i>workshops<\/i> que v\u00e3o discutir tend\u00eancias e novas tecnologias, promovendo troca de experi\u00eancias com parceiros nacionais e internacionais\u201d,  afirma o Analista T\u00e9cnico doSebrae\/SC e Coordenador do Projeto, Roberto Tavares de Albuquerque.<\/p>\n<p>A segunda meta do projeto \u00e9  incentivar as empresas a participarem de feiras de neg\u00f3cios do setor. \u201cO objetivo \u00e9  divulgar essas empresas, fazer promo\u00e7\u00e3o e comercializa\u00e7\u00e3o dos seus produtos e servi\u00e7os desenvolvidos\u201d, explica Roberto . Al\u00e9m disso, est\u00e3o previstas visitas e miss\u00f5es t\u00e9cnicas dentro e fora do Brasil, com foco no benchmarking, prospec\u00e7\u00e3o de novas tecnologias e interc\u00e2mbio.<\/p>\n<p>Santa Catarina \u00e9 o segundo Polo N\u00e1utico do pa\u00eds e<b>, <\/b>segundo o Presidente da Acatmar, Leandro Ferrari, o Estado tem todas as condi\u00e7\u00f5es para assumir o topo.  \u201cA ideia \u00e9 contarmos com a participa\u00e7\u00e3o de 10 pequenos estaleiros e 25 MPEs do segmento\u201d, afirma.<\/p>\n<p>The post <a class=\"colorbox\" rel=\"nofollow\" href=\"http:\/\/economiasc.com.br\/sebraesc-e-acatmar-assinam-acordo\/\">Sebrae\/SC e Acatmar assinam acordo<\/a> appeared first on <a class=\"colorbox\" rel=\"nofollow\" href=\"http:\/\/economiasc.com.br\/\">Economia SC<\/a>.<\/p>\n","protected":false},"author":1,"featured_media":0,"comment_status":"open","ping_status":"open","sticky":false,"template":"","format":"standard","meta":{"footnotes":""},"categories":[5],"tags":[],"class_list":["post-2405","post","type-post","status-publish","format-standard","hentry","category-noticias","no-post-thumbnail"],"_links":{"self":[{"href":"https:\/\/www.cdlbc.com.br\/portal\/wp-json\/wp\/v2\/posts\/2405","targetHints":{"allow":["GET"]}}],"collection":[{"href":"https:\/\/www.cdlbc.com.br\/portal\/wp-json\/wp\/v2\/posts"}],"about":[{"href":"https:\/\/www.cdlbc.com.br\/portal\/wp-json\/wp\/v2\/types\/post"}],"author":[{"embeddable":true,"href":"https:\/\/www.cdlbc.com.br\/portal\/wp-json\/wp\/v2\/users\/1"}],"replies":[{"embeddable":true,"href":"https:\/\/www.cdlbc.com.br\/portal\/wp-json\/wp\/v2\/comments?post=2405"}],"version-history":[{"count":0,"href":"https:\/\/www.cdlbc.com.br\/portal\/wp-json\/wp\/v2\/posts\/2405\/revisions"}],"wp:attachment":[{"href":"https:\/\/www.cdlbc.com.br\/portal\/wp-json\/wp\/v2\/media?parent=2405"}],"wp:term":[{"taxonomy":"category","embeddable":true,"href":"https:\/\/www.cdlbc.com.br\/portal\/wp-json\/wp\/v2\/categories?post=2405"},{"taxonomy":"post_tag","embeddable":true,"href":"https:\/\/www.cdlbc.com.br\/portal\/wp-json\/wp\/v2\/tags?post=2405"}],"curies":[{"name":"wp","href":"https:\/\/api.w.org\/{rel}","templated":true}]}}