{"id":2403,"date":"2014-06-20T14:36:00","date_gmt":"2014-06-20T14:36:00","guid":{"rendered":"http:\/\/www.cdlbc.com.br\/portal\/noticias\/aumentam-recursos-para-financiamento-de-veiculos\/"},"modified":"2014-06-20T14:36:00","modified_gmt":"2014-06-20T14:36:00","slug":"aumentam-recursos-para-financiamento-de-veiculos","status":"publish","type":"post","link":"https:\/\/www.cdlbc.com.br\/portal\/noticias\/aumentam-recursos-para-financiamento-de-veiculos\/","title":{"rendered":"Aumentam recursos para financiamento de ve\u00edculos"},"content":{"rendered":"<div class=\"ftpimagefix\" style=\"float:left\"><img decoding=\"async\" width=\"250\" alt=\"Foto: Renato Ara\u00fajo\/Divulga\u00e7\u00e3o\" src=\"http:\/\/economiasc.com.br\/wp-content\/uploads\/2014\/06\/carros_090926_renatoaraujo.abr_2.jpg\"><\/div>\n<p>Primeiro quadrimestre apresentou incremento de 3,9% sobre cr\u00e9dito concedido. Foto: Renato Ara\u00fajo\/Divulga\u00e7\u00e3o<\/p>\n<p>O total de recursos liberados para financiamento de ve\u00edculos em abril somou R$ 9,2 bilh\u00f5es, crescimento de 10,1% sobre os R$ 8,3 bilh\u00f5es de mar\u00e7o. Com o resultado, o primeiro quadrimestre do ano foi encerrado com R$ 37,1 bilh\u00f5es, alta de 3,9% ante igual per\u00edodo do exerc\u00edcio anterior, quando foram concedidos R$ 35,6 bilh\u00f5es, segundo a ANEF (Associa\u00e7\u00e3o Nacional das Empresas Financeiras das Montadoras).<\/p>\n<p>Apesar do incremento geral, o saldo das carteiras de financiamentos de ve\u00edculos (CDC + Leasing PF e PJ) apresentou queda durante os quatro primeiros meses de 2014, fechando em R$ 220,7 bilh\u00f5es. Atualmente, o saldo do cr\u00e9dito para aquisi\u00e7\u00e3o de ve\u00edculos por pessoas f\u00edsicas e jur\u00eddicas corresponde a 4,4% do PIB, queda de 0,8 p.p. sobre o mesmo intervalo de tempo do ano passado, quando equivalia a 5,2%.<\/p>\n<p>Para D\u00e9cio Carbonari, presidente da ANEF, o racioc\u00ednio de que a retra\u00e7\u00e3o nas vendas de ve\u00edculos est\u00e1 exclusivamente ligada \u00e0 restri\u00e7\u00e3o no cr\u00e9dito \u00e9 falso. \u201cAs pol\u00edticas de cr\u00e9dito foram alteradas h\u00e1 mais de dois anos e n\u00e3o sofreram nenhuma mudan\u00e7a recente. N\u00e3o se pode dizer que a atual pol\u00edtica de cr\u00e9dito \u00e9 mais restritiva. Ela \u00e9 absolutamente a mesma. Desde que ocorreram, as medidas se mostraram acertadas, e a inadimpl\u00eancia vem apresentando quedas constantes.\u201d<\/p>\n<p>A inadimpl\u00eancia no setor automotivo durante abril seguiu est\u00e1vel em 5%, no CDC para pessoa f\u00edsica. Os atrasos inferiores a 90 dias, apesar de n\u00e3o representarem inadimpl\u00eancia, tamb\u00e9m se mantiveram em 8,4% naquele m\u00eas.<\/p>\n<p>A pondera\u00e7\u00e3o m\u00e9dia utilizada pelo mercado em abril, para pessoa f\u00edsica, teve ligeira queda, passando de 1,77% a.m. e 23,5% a.a. para 1,71% a.m. e 22,6% a.a., respectivamente. As taxas praticadas pelas associadas da ANEF permaneceram em 1,35% a.m. e 17,46% a.a. A Selic, que em mar\u00e7o estava em 0,85% a.m. e 10,75% a.a., sofreu oscila\u00e7\u00e3o para cima em abril, para 0,87% a.m. e 11% a.a.<\/p>\n<p>Nos contratos firmados em abril, os planos m\u00e1ximos oferecidos pelos bancos foram de 60 meses, mas o prazo m\u00e9dio das concess\u00f5es foi de 41, um a menos que em igual m\u00eas de 2013.<\/p>\n<p>Fundada em 1993, a ANEF representa as suas marcas associadas junto aos \u00f3rg\u00e3os do governo, de entidades de classe e associa\u00e7\u00f5es cong\u00eaneres, divulga, esclarece e presta informa\u00e7\u00f5es, tanto \u00e0 imprensa quanto aos consumidores em geral, sobre as modalidades de financiamentos \u2013 CDC (Cr\u00e9dito Direto ao Consumidor), Finame, Leasing e Cons\u00f3rcio \u2013, nos segmentos de autom\u00f3veis, \u00f4nibus, caminh\u00f5es e motocicletas. A entidade representa, hoje, 15 marcas e suas respectivas estruturas de servi\u00e7os financeiros, incluindo bancos, empresas de arrendamento mercantil e administradoras de cons\u00f3rcios vinculados \u00e0 ind\u00fastria automotiva.<\/p>\n<p>The post Aumentam recursos para financiamento de ve\u00edculos appeared first on Economia SC.<\/p>\n<p>Via: <a href=\"http:\/\/economiasc.com.br\/aumentam-recursos-para-financiamento-de-veiculos\/\" class=\"colorbox\" title=\"Aumentam recursos para financiamento de ve\u00edculos\">economiasc.com.br<\/a><\/p>\n","protected":false},"excerpt":{"rendered":"<div class=\"ftpimagefix\" style=\"float:left\"><img decoding=\"async\" width=\"250\" alt=\"Foto: Renato Ara\u00fajo\/Divulga\u00e7\u00e3o\" src=\"http:\/\/economiasc.com.br\/wp-content\/uploads\/2014\/06\/carros_090926_renatoaraujo.abr_2.jpg\"><\/div>\n<p>Primeiro quadrimestre apresentou incremento de 3,9% sobre cr\u00e9dito concedido. Foto: Renato Ara\u00fajo\/Divulga\u00e7\u00e3o<\/p>\n<p>O total de recursos liberados para financiamento de ve\u00edculos em abril somou R$ 9,2 bilh\u00f5es, crescimento de 10,1% sobre os R$ 8,3 bilh\u00f5es de mar\u00e7o. Com o resultado, o primeiro quadrimestre do ano foi encerrado com R$ 37,1 bilh\u00f5es, alta de 3,9% ante igual per\u00edodo do exerc\u00edcio anterior, quando foram concedidos R$ 35,6 bilh\u00f5es, segundo a ANEF (Associa\u00e7\u00e3o Nacional das Empresas Financeiras das Montadoras).<\/p>\n<p>Apesar do incremento geral, o saldo das carteiras de financiamentos de ve\u00edculos (CDC + Leasing PF e PJ) apresentou queda durante os quatro primeiros meses de 2014, fechando em R$ 220,7 bilh\u00f5es. Atualmente, o saldo do cr\u00e9dito para aquisi\u00e7\u00e3o de ve\u00edculos por pessoas f\u00edsicas e jur\u00eddicas corresponde a 4,4% do PIB, queda de 0,8 p.p. sobre o mesmo intervalo de tempo do ano passado, quando equivalia a 5,2%.<\/p>\n<p>Para D\u00e9cio Carbonari, presidente da ANEF, o racioc\u00ednio de que a retra\u00e7\u00e3o nas vendas de ve\u00edculos est\u00e1 exclusivamente ligada \u00e0 restri\u00e7\u00e3o no cr\u00e9dito \u00e9 falso. \u201cAs pol\u00edticas de cr\u00e9dito foram alteradas h\u00e1 mais de dois anos e n\u00e3o sofreram nenhuma mudan\u00e7a recente. N\u00e3o se pode dizer que a atual pol\u00edtica de cr\u00e9dito \u00e9 mais restritiva. Ela \u00e9 absolutamente a mesma. Desde que ocorreram, as medidas se mostraram acertadas, e a inadimpl\u00eancia vem apresentando quedas constantes.\u201d<\/p>\n<p>A inadimpl\u00eancia no setor automotivo durante abril seguiu est\u00e1vel em 5%, no CDC para pessoa f\u00edsica. Os atrasos inferiores a 90 dias, apesar de n\u00e3o representarem inadimpl\u00eancia, tamb\u00e9m se mantiveram em 8,4% naquele m\u00eas.<\/p>\n<p>A pondera\u00e7\u00e3o m\u00e9dia utilizada pelo mercado em abril, para pessoa f\u00edsica, teve ligeira queda, passando de 1,77% a.m. e 23,5% a.a. para 1,71% a.m. e 22,6% a.a., respectivamente. As taxas praticadas pelas associadas da ANEF permaneceram em 1,35% a.m. e 17,46% a.a. A Selic, que em mar\u00e7o estava em 0,85% a.m. e 10,75% a.a., sofreu oscila\u00e7\u00e3o para cima em abril, para 0,87% a.m. e 11% a.a.<\/p>\n<p>Nos contratos firmados em abril, os planos m\u00e1ximos oferecidos pelos bancos foram de 60 meses, mas o prazo m\u00e9dio das concess\u00f5es foi de 41, um a menos que em igual m\u00eas de 2013.<\/p>\n<p>Fundada em 1993, a ANEF representa as suas marcas associadas junto aos \u00f3rg\u00e3os do governo, de entidades de classe e associa\u00e7\u00f5es cong\u00eaneres, divulga, esclarece e presta informa\u00e7\u00f5es, tanto \u00e0 imprensa quanto aos consumidores em geral, sobre as modalidades de financiamentos \u2013 CDC (Cr\u00e9dito Direto ao Consumidor), Finame, Leasing e Cons\u00f3rcio \u2013, nos segmentos de autom\u00f3veis, \u00f4nibus, caminh\u00f5es e motocicletas. A entidade representa, hoje, 15 marcas e suas respectivas estruturas de servi\u00e7os financeiros, incluindo bancos, empresas de arrendamento mercantil e administradoras de cons\u00f3rcios vinculados \u00e0 ind\u00fastria automotiva.<\/p>\n<p>The post Aumentam recursos para financiamento de ve\u00edculos appeared first on Economia SC.<\/p>\n","protected":false},"author":1,"featured_media":0,"comment_status":"open","ping_status":"open","sticky":false,"template":"","format":"standard","meta":{"footnotes":""},"categories":[5],"tags":[],"class_list":["post-2403","post","type-post","status-publish","format-standard","hentry","category-noticias","no-post-thumbnail"],"_links":{"self":[{"href":"https:\/\/www.cdlbc.com.br\/portal\/wp-json\/wp\/v2\/posts\/2403","targetHints":{"allow":["GET"]}}],"collection":[{"href":"https:\/\/www.cdlbc.com.br\/portal\/wp-json\/wp\/v2\/posts"}],"about":[{"href":"https:\/\/www.cdlbc.com.br\/portal\/wp-json\/wp\/v2\/types\/post"}],"author":[{"embeddable":true,"href":"https:\/\/www.cdlbc.com.br\/portal\/wp-json\/wp\/v2\/users\/1"}],"replies":[{"embeddable":true,"href":"https:\/\/www.cdlbc.com.br\/portal\/wp-json\/wp\/v2\/comments?post=2403"}],"version-history":[{"count":0,"href":"https:\/\/www.cdlbc.com.br\/portal\/wp-json\/wp\/v2\/posts\/2403\/revisions"}],"wp:attachment":[{"href":"https:\/\/www.cdlbc.com.br\/portal\/wp-json\/wp\/v2\/media?parent=2403"}],"wp:term":[{"taxonomy":"category","embeddable":true,"href":"https:\/\/www.cdlbc.com.br\/portal\/wp-json\/wp\/v2\/categories?post=2403"},{"taxonomy":"post_tag","embeddable":true,"href":"https:\/\/www.cdlbc.com.br\/portal\/wp-json\/wp\/v2\/tags?post=2403"}],"curies":[{"name":"wp","href":"https:\/\/api.w.org\/{rel}","templated":true}]}}