{"id":2402,"date":"2014-06-20T14:23:00","date_gmt":"2014-06-20T14:23:00","guid":{"rendered":"http:\/\/www.cdlbc.com.br\/portal\/noticias\/empresa-de-blumenau-busca-ampliar-pontos-de-venda\/"},"modified":"2014-06-20T14:23:00","modified_gmt":"2014-06-20T14:23:00","slug":"empresa-de-blumenau-busca-ampliar-pontos-de-venda","status":"publish","type":"post","link":"https:\/\/www.cdlbc.com.br\/portal\/noticias\/empresa-de-blumenau-busca-ampliar-pontos-de-venda\/","title":{"rendered":"Empresa de Blumenau busca ampliar pontos de venda"},"content":{"rendered":"<div class=\"ftpimagefix\" style=\"float:left\"><img decoding=\"async\" width=\"250\" alt=\"Vicci Esmaltes j\u00e1 possui 20 pontos e expectativa \u00e9 chegar a 60 at\u00e9 o fim do ano. Foto: Divulga\u00e7\u00e3o\" src=\"http:\/\/economiasc.com.br\/wp-content\/uploads\/2014\/06\/Foto_002-2014-Andr%C3%A9-e-Auro-C%C3%B3pia-300x189.png\"><\/div>\n<p>Vicci Esmaltes j\u00e1 possui 20 pontos e expectativa \u00e9 chegar a 60 at\u00e9 o fim do ano. Foto: Divulga\u00e7\u00e3o<\/p>\n<p>A Vicci Esmaltes, de Blumenau, lan\u00e7a nova cole\u00e7\u00e3o e espera ampliar as suas vendas com novos pontos.  Hoje a Vicci est\u00e1 presente em Alagoas, Distrito Federal, Goi\u00e1s, Santa Catarina e S\u00e3o Paulo, mas at\u00e9 o fim de ano a expectativa \u00e9 chegar no Rio De Janeiro, Paran\u00e1 e Rio Grande do Sul, ampliando os pontos de venda de 20 para 60. A empresa foi criada em outubro de 2013 pelos empreendedores Andr\u00e9 Ricardo Witheoft e Auro Gadotti Jr.<\/p>\n<p>A segunda cole\u00e7\u00e3o \u00e9  intitulada \u201cIlluminare\u201d e ir\u00e1 acrescentar cinco novas cores ao portf\u00f3lio da marca, que j\u00e1 contava com 10 tons da primeira cole\u00e7\u00e3o. \u201dAgora, trazemos para as nossas clientes a nova cole\u00e7\u00e3o com mais benef\u00edcios e sa\u00fade para as unhas\u201d, explica o s\u00f3cio-gerente da Vicci Esmaltes, Andr\u00e9 Ricardo Withoeft. A nova cole\u00e7\u00e3o apresenta  tons que v\u00e3o do nude at\u00e9 cores fortes. \u201cEsse lan\u00e7amento busca trazer novos sentimentos, para que as mulheres se sintam iluminadas por cores que inspiram e motivam a seguir em frente\u201d, comenta Auro Gadotti Jr,  tamb\u00e9m s\u00f3cio-gerente da Vicci Esmaltes.<\/p>\n<p>Os empreendedores apostam na sofistica\u00e7\u00e3o do produto, os frascos s\u00e3o totalmente importados da It\u00e1lia e o pincel \u00e9 semi-trincha, que melhora a aplica\u00e7\u00e3o.<\/p>\n<p>Os produtos possuem \u00f3leo de argan e vitamina E na composi\u00e7\u00e3o. Chamado de \u201couro l\u00edquido do Marrocos\u201d e sucesso no tratamento de cabelos, o \u00f3leo agora tamb\u00e9m \u00e9 usado nos esmaltes para hidratar e fortalecer as unhas com o objetivo de restaura\u00e7\u00e3o.  J\u00e1 a vitamina \u00e9 considerada protetora, exercendo um papel importante como antioxidante e evitando danos do tempo \u00e0s unhas e cut\u00edculas, ao mesmo tempo em que nutre e hidrata. <\/p>\n<\/p>\n<p>The post Empresa de Blumenau busca ampliar pontos de venda appeared first on Economia SC.<\/p>\n<p>Via: <a href=\"http:\/\/economiasc.com.br\/empresa-de-blumenau-busca-ampliar-pontos-de-venda\/\" class=\"colorbox\" title=\"Empresa de Blumenau busca ampliar pontos de venda\">economiasc.com.br<\/a><\/p>\n","protected":false},"excerpt":{"rendered":"<div class=\"ftpimagefix\" style=\"float:left\"><img decoding=\"async\" width=\"250\" alt=\"Vicci Esmaltes j\u00e1 possui 20 pontos e expectativa \u00e9 chegar a 60 at\u00e9 o fim do ano. Foto: Divulga\u00e7\u00e3o\" src=\"http:\/\/economiasc.com.br\/wp-content\/uploads\/2014\/06\/Foto_002-2014-Andr%C3%A9-e-Auro-C%C3%B3pia-300x189.png\"><\/div>\n<p>Vicci Esmaltes j\u00e1 possui 20 pontos e expectativa \u00e9 chegar a 60 at\u00e9 o fim do ano. Foto: Divulga\u00e7\u00e3o<\/p>\n<p>A Vicci Esmaltes, de Blumenau, lan\u00e7a nova cole\u00e7\u00e3o e espera ampliar as suas vendas com novos pontos.  Hoje a Vicci est\u00e1 presente em Alagoas, Distrito Federal, Goi\u00e1s, Santa Catarina e S\u00e3o Paulo, mas at\u00e9 o fim de ano a expectativa \u00e9 chegar no Rio De Janeiro, Paran\u00e1 e Rio Grande do Sul, ampliando os pontos de venda de 20 para 60. A empresa foi criada em outubro de 2013 pelos empreendedores Andr\u00e9 Ricardo Witheoft e Auro Gadotti Jr.<\/p>\n<p>A segunda cole\u00e7\u00e3o \u00e9  intitulada \u201cIlluminare\u201d e ir\u00e1 acrescentar cinco novas cores ao portf\u00f3lio da marca, que j\u00e1 contava com 10 tons da primeira cole\u00e7\u00e3o. \u201dAgora, trazemos para as nossas clientes a nova cole\u00e7\u00e3o com mais benef\u00edcios e sa\u00fade para as unhas\u201d, explica o s\u00f3cio-gerente da Vicci Esmaltes, Andr\u00e9 Ricardo Withoeft. A nova cole\u00e7\u00e3o apresenta  tons que v\u00e3o do nude at\u00e9 cores fortes. \u201cEsse lan\u00e7amento busca trazer novos sentimentos, para que as mulheres se sintam iluminadas por cores que inspiram e motivam a seguir em frente\u201d, comenta Auro Gadotti Jr,  tamb\u00e9m s\u00f3cio-gerente da Vicci Esmaltes.<\/p>\n<p>Os empreendedores apostam na sofistica\u00e7\u00e3o do produto, os frascos s\u00e3o totalmente importados da It\u00e1lia e o pincel \u00e9 semi-trincha, que melhora a aplica\u00e7\u00e3o.<\/p>\n<p>Os produtos possuem \u00f3leo de argan e vitamina E na composi\u00e7\u00e3o. Chamado de \u201couro l\u00edquido do Marrocos\u201d e sucesso no tratamento de cabelos, o \u00f3leo agora tamb\u00e9m \u00e9 usado nos esmaltes para hidratar e fortalecer as unhas com o objetivo de restaura\u00e7\u00e3o.  J\u00e1 a vitamina \u00e9 considerada protetora, exercendo um papel importante como antioxidante e evitando danos do tempo \u00e0s unhas e cut\u00edculas, ao mesmo tempo em que nutre e hidrata. <\/p>\n<\/p>\n<p>The post Empresa de Blumenau busca ampliar pontos de venda appeared first on Economia SC.<\/p>\n","protected":false},"author":1,"featured_media":0,"comment_status":"open","ping_status":"open","sticky":false,"template":"","format":"standard","meta":{"footnotes":""},"categories":[5],"tags":[],"class_list":["post-2402","post","type-post","status-publish","format-standard","hentry","category-noticias","no-post-thumbnail"],"_links":{"self":[{"href":"https:\/\/www.cdlbc.com.br\/portal\/wp-json\/wp\/v2\/posts\/2402","targetHints":{"allow":["GET"]}}],"collection":[{"href":"https:\/\/www.cdlbc.com.br\/portal\/wp-json\/wp\/v2\/posts"}],"about":[{"href":"https:\/\/www.cdlbc.com.br\/portal\/wp-json\/wp\/v2\/types\/post"}],"author":[{"embeddable":true,"href":"https:\/\/www.cdlbc.com.br\/portal\/wp-json\/wp\/v2\/users\/1"}],"replies":[{"embeddable":true,"href":"https:\/\/www.cdlbc.com.br\/portal\/wp-json\/wp\/v2\/comments?post=2402"}],"version-history":[{"count":0,"href":"https:\/\/www.cdlbc.com.br\/portal\/wp-json\/wp\/v2\/posts\/2402\/revisions"}],"wp:attachment":[{"href":"https:\/\/www.cdlbc.com.br\/portal\/wp-json\/wp\/v2\/media?parent=2402"}],"wp:term":[{"taxonomy":"category","embeddable":true,"href":"https:\/\/www.cdlbc.com.br\/portal\/wp-json\/wp\/v2\/categories?post=2402"},{"taxonomy":"post_tag","embeddable":true,"href":"https:\/\/www.cdlbc.com.br\/portal\/wp-json\/wp\/v2\/tags?post=2402"}],"curies":[{"name":"wp","href":"https:\/\/api.w.org\/{rel}","templated":true}]}}