{"id":2398,"date":"2014-06-20T12:56:00","date_gmt":"2014-06-20T12:56:00","guid":{"rendered":"http:\/\/www.cdlbc.com.br\/portal\/noticias\/regiao-metropolitana-de-florianopolis-em-discussao\/"},"modified":"2014-06-20T12:56:00","modified_gmt":"2014-06-20T12:56:00","slug":"regiao-metropolitana-de-florianopolis-em-discussao","status":"publish","type":"post","link":"https:\/\/www.cdlbc.com.br\/portal\/noticias\/regiao-metropolitana-de-florianopolis-em-discussao\/","title":{"rendered":"Regi\u00e3o Metropolitana de Florian\u00f3polis em discuss\u00e3o"},"content":{"rendered":"<div><span>A cria\u00e7\u00e3o da Regi\u00e3o Metropolitana da Grande Florian\u00f3polis ser\u00e1 debatida na pr\u00f3xima ter\u00e7a-feira, dia 24, em audi\u00eancia p\u00fablica, \u00e0s 17h, no Plenarinho da Alesc (Assembleia Legislativa de Santa Catarina), em Florian\u00f3polis.<\/span><\/div>\n<p><span>A institui\u00e7\u00e3o da regi\u00e3o metropolitana, juntamente com a Suderf (Superintend\u00eancia de Desenvolvimento da Regi\u00e3o Metropolitana da Grande Florian\u00f3polis), faz parte do projeto de lei complementar 1\/2014, que se encontra em an\u00e1lise no colegiado.<\/span><\/p>\n<p>Parlamentares tomaram a decis\u00e3o do debate na semana passada, no dia 11, durante reuni\u00e3o da Comiss\u00e3o de Finan\u00e7as e Tributa\u00e7\u00e3o, alegando que a proposta precisa ser mais debatida.<\/p>\n<p><span>A inten\u00e7\u00e3o \u00e9 apresentar o projeto e ouvir os representantes dos munic\u00edpios, das C\u00e2maras de Vereadores e das entidades civis organizadas e destacar os pontos importantes para sua efetiva implanta\u00e7\u00e3o. O projeto de lei que estrutura a regi\u00e3o metropolitana foi encaminhado em car\u00e1ter de urg\u00eancia para a Assembleia em fevereiro deste ano e contempla oito munic\u00edpios: \u00c1guas Mornas, Ant\u00f4nio Carlos, Bigua\u00e7u, Florian\u00f3polis, Palho\u00e7a, Santo Amaro da Imperatriz, S\u00e3o Jos\u00e9 e S\u00e3o Pedro de Alc\u00e2ntara, somando mais de 920 mil habitantes. Entretanto, n\u00e3o impede o ingresso de outros munic\u00edpios futuramente, ou at\u00e9 mesmo a constru\u00e7\u00e3o de solu\u00e7\u00f5es espec\u00edficas que possam trazer outras cidades em forma de cons\u00f3rcio.<\/span><\/p>\n<p>A regi\u00e3o tamb\u00e9m contar\u00e1 com uma Superintend\u00eancia de Desenvolvimento da Regi\u00e3o, a qual ter\u00e1 autonomia e far\u00e1 a gest\u00e3o de projetos conjuntos entre os munic\u00edpios. Com a cria\u00e7\u00e3o da Regi\u00e3o Metropolitana de Florian\u00f3polis, ser\u00e1 poss\u00edvel resolver, de forma integrada, as principais defici\u00eancias dos munic\u00edpios, como abastecimento de \u00e1gua e energia, coleta de res\u00edduos s\u00f3lidos, mobilidade urbana, saneamento b\u00e1sico e transporte p\u00fablico.<\/p>\n<p>O presidente da AEMFLO e CDL-SJ, Marcos Souza, afirma que a participa\u00e7\u00e3o da sociedade no debate \u00e9 fundamental. \u201cEstamos dando um passo importante para a consolida\u00e7\u00e3o definitiva do projeto da Regi\u00e3o Metropolitana. Para tanto, precisamos da maci\u00e7a participa\u00e7\u00e3o dos membros do COMDES (Conselho Metropolitano para o Desenvolvimento da Grande Florian\u00f3polis) e da sociedade como um todo\u201d.<\/p>\n<p>Souza complementa que a defesa da participa\u00e7\u00e3o da sociedade organizada na futura entidade que coordenar\u00e1 os trabalhos e os projetos da Regi\u00e3o Metropolitana \u00e9 um dos pontos fundamentais para o sucesso desta a\u00e7\u00e3o em prol de toda Grande Florian\u00f3polis.<\/p>\n<p><em>Com informa\u00e7\u00f5es da Ag\u00eancia Alesc<\/em><\/p>\n<p>The post <a class=\"colorbox\" rel=\"nofollow\" href=\"http:\/\/economiasc.com.br\/regiao-metropolitana-de-florianopolis-em-discussao\/\">Regi\u00e3o Metropolitana de Florian\u00f3polis em discuss\u00e3o<\/a> appeared first on <a class=\"colorbox\" rel=\"nofollow\" href=\"http:\/\/economiasc.com.br\/\">Economia SC<\/a>.<\/p>\n<p>Via: <a href=\"http:\/\/economiasc.com.br\/regiao-metropolitana-de-florianopolis-em-discussao\/\" class=\"colorbox\" title=\"Regi\u00e3o Metropolitana de Florian\u00f3polis em discuss\u00e3o\">economiasc.com.br<\/a><\/p>\n","protected":false},"excerpt":{"rendered":"<div><span>A cria\u00e7\u00e3o da Regi\u00e3o Metropolitana da Grande Florian\u00f3polis ser\u00e1 debatida na pr\u00f3xima ter\u00e7a-feira, dia 24, em audi\u00eancia p\u00fablica, \u00e0s 17h, no Plenarinho da Alesc (Assembleia Legislativa de Santa Catarina), em Florian\u00f3polis.<\/span><\/div>\n<p><span>A institui\u00e7\u00e3o da regi\u00e3o metropolitana, juntamente com a Suderf (Superintend\u00eancia de Desenvolvimento da Regi\u00e3o Metropolitana da Grande Florian\u00f3polis), faz parte do projeto de lei complementar 1\/2014, que se encontra em an\u00e1lise no colegiado.<\/span><\/p>\n<p>Parlamentares tomaram a decis\u00e3o do debate na semana passada, no dia 11, durante reuni\u00e3o da Comiss\u00e3o de Finan\u00e7as e Tributa\u00e7\u00e3o, alegando que a proposta precisa ser mais debatida.<\/p>\n<p><span>A inten\u00e7\u00e3o \u00e9 apresentar o projeto e ouvir os representantes dos munic\u00edpios, das C\u00e2maras de Vereadores e das entidades civis organizadas e destacar os pontos importantes para sua efetiva implanta\u00e7\u00e3o. O projeto de lei que estrutura a regi\u00e3o metropolitana foi encaminhado em car\u00e1ter de urg\u00eancia para a Assembleia em fevereiro deste ano e contempla oito munic\u00edpios: \u00c1guas Mornas, Ant\u00f4nio Carlos, Bigua\u00e7u, Florian\u00f3polis, Palho\u00e7a, Santo Amaro da Imperatriz, S\u00e3o Jos\u00e9 e S\u00e3o Pedro de Alc\u00e2ntara, somando mais de 920 mil habitantes. Entretanto, n\u00e3o impede o ingresso de outros munic\u00edpios futuramente, ou at\u00e9 mesmo a constru\u00e7\u00e3o de solu\u00e7\u00f5es espec\u00edficas que possam trazer outras cidades em forma de cons\u00f3rcio.<\/span><\/p>\n<p>A regi\u00e3o tamb\u00e9m contar\u00e1 com uma Superintend\u00eancia de Desenvolvimento da Regi\u00e3o, a qual ter\u00e1 autonomia e far\u00e1 a gest\u00e3o de projetos conjuntos entre os munic\u00edpios. Com a cria\u00e7\u00e3o da Regi\u00e3o Metropolitana de Florian\u00f3polis, ser\u00e1 poss\u00edvel resolver, de forma integrada, as principais defici\u00eancias dos munic\u00edpios, como abastecimento de \u00e1gua e energia, coleta de res\u00edduos s\u00f3lidos, mobilidade urbana, saneamento b\u00e1sico e transporte p\u00fablico.<\/p>\n<p>O presidente da AEMFLO e CDL-SJ, Marcos Souza, afirma que a participa\u00e7\u00e3o da sociedade no debate \u00e9 fundamental. \u201cEstamos dando um passo importante para a consolida\u00e7\u00e3o definitiva do projeto da Regi\u00e3o Metropolitana. Para tanto, precisamos da maci\u00e7a participa\u00e7\u00e3o dos membros do COMDES (Conselho Metropolitano para o Desenvolvimento da Grande Florian\u00f3polis) e da sociedade como um todo\u201d.<\/p>\n<p>Souza complementa que a defesa da participa\u00e7\u00e3o da sociedade organizada na futura entidade que coordenar\u00e1 os trabalhos e os projetos da Regi\u00e3o Metropolitana \u00e9 um dos pontos fundamentais para o sucesso desta a\u00e7\u00e3o em prol de toda Grande Florian\u00f3polis.<\/p>\n<p><em>Com informa\u00e7\u00f5es da Ag\u00eancia Alesc<\/em><\/p>\n<p>The post <a class=\"colorbox\" rel=\"nofollow\" href=\"http:\/\/economiasc.com.br\/regiao-metropolitana-de-florianopolis-em-discussao\/\">Regi\u00e3o Metropolitana de Florian\u00f3polis em discuss\u00e3o<\/a> appeared first on <a class=\"colorbox\" rel=\"nofollow\" href=\"http:\/\/economiasc.com.br\/\">Economia SC<\/a>.<\/p>\n","protected":false},"author":1,"featured_media":0,"comment_status":"open","ping_status":"open","sticky":false,"template":"","format":"standard","meta":{"footnotes":""},"categories":[5],"tags":[],"class_list":["post-2398","post","type-post","status-publish","format-standard","hentry","category-noticias","no-post-thumbnail"],"_links":{"self":[{"href":"https:\/\/www.cdlbc.com.br\/portal\/wp-json\/wp\/v2\/posts\/2398","targetHints":{"allow":["GET"]}}],"collection":[{"href":"https:\/\/www.cdlbc.com.br\/portal\/wp-json\/wp\/v2\/posts"}],"about":[{"href":"https:\/\/www.cdlbc.com.br\/portal\/wp-json\/wp\/v2\/types\/post"}],"author":[{"embeddable":true,"href":"https:\/\/www.cdlbc.com.br\/portal\/wp-json\/wp\/v2\/users\/1"}],"replies":[{"embeddable":true,"href":"https:\/\/www.cdlbc.com.br\/portal\/wp-json\/wp\/v2\/comments?post=2398"}],"version-history":[{"count":0,"href":"https:\/\/www.cdlbc.com.br\/portal\/wp-json\/wp\/v2\/posts\/2398\/revisions"}],"wp:attachment":[{"href":"https:\/\/www.cdlbc.com.br\/portal\/wp-json\/wp\/v2\/media?parent=2398"}],"wp:term":[{"taxonomy":"category","embeddable":true,"href":"https:\/\/www.cdlbc.com.br\/portal\/wp-json\/wp\/v2\/categories?post=2398"},{"taxonomy":"post_tag","embeddable":true,"href":"https:\/\/www.cdlbc.com.br\/portal\/wp-json\/wp\/v2\/tags?post=2398"}],"curies":[{"name":"wp","href":"https:\/\/api.w.org\/{rel}","templated":true}]}}