{"id":2397,"date":"2014-06-20T12:26:00","date_gmt":"2014-06-20T12:26:00","guid":{"rendered":"http:\/\/www.cdlbc.com.br\/portal\/noticias\/sao-jose-e-chapeco-recebem-recursos-do-plano-safra\/"},"modified":"2014-06-20T12:26:00","modified_gmt":"2014-06-20T12:26:00","slug":"sao-jose-e-chapeco-recebem-recursos-do-plano-safra","status":"publish","type":"post","link":"https:\/\/www.cdlbc.com.br\/portal\/noticias\/sao-jose-e-chapeco-recebem-recursos-do-plano-safra\/","title":{"rendered":"S\u00e3o Jos\u00e9 e Chapec\u00f3 recebem recursos do Plano Safra"},"content":{"rendered":"<div class=\"ftpimagefix\" style=\"float:left\"><img decoding=\"async\" width=\"250\" alt=\"Tratores PAC 2 S\u00e3o Jos\u00e9 017\" src=\"http:\/\/economiasc.com.br\/wp-content\/uploads\/2014\/06\/Tratores-PAC-2-S%C3%A3o-Jos%C3%A9-017-300x167.jpg\"><\/div>\n<p>Tamb\u00e9m ser\u00e3o entregues m\u00e1quinas motoniveladoras obtidas atrav\u00e9s do PAC 2. Foto: Divulga\u00e7\u00e3o<\/p>\n<p>Nesta sexta-feira, dia 20, o Minist\u00e9rio do Desenvolvimento Agr\u00e1rio entrega m\u00e1quinas da Segunda Fase do Programa de Acelera\u00e7\u00e3o do Crescimento \u2013 PAC 2 e anuncia os recursos destinados a Santa Catarina pelo Plano Safra da Agricultura Familiar 2014\/2015, em dois eventos que acontecem em S\u00e3o Jos\u00e9 e Chapec\u00f3.<\/p>\n<p>Em S\u00e3o Jos\u00e9, ser\u00e3o entregues motoniveladoras a 76 munic\u00edpios de diversas regi\u00f5es do estado. A cerim\u00f4nia acontece a partir das 9h no Centro Multiuso localizado na avenida Beira-Mar, s\/n\u00ba. J\u00e1 em Chapec\u00f3, ser\u00e3o entregues 81 caminh\u00f5es-ca\u00e7amba no evento marcado para as 15h na Universidade Federal da Fronteira Sul \u2013 UFFS, Campus Chapec\u00f3. As m\u00e1quinas s\u00e3o as \u00faltimas a serem entregues \u00e0s Prefeituras de munic\u00edpios catarinenses com at\u00e9 50 mil habitantes. No total, s\u00e3o 269 munic\u00edpios contemplados com uma retroescavadeira, um caminh\u00e3o-ca\u00e7amba e uma retroescavadeira cada, num investimento de cerca de um milh\u00e3o por munic\u00edpio garantido pelo Governo Federal.<\/p>\n<p>\u201cDesde 2012 estamos entregando as m\u00e1quinas atrav\u00e9s deste programa, que \u00e9 in\u00e9dito no repasse de equipamentos aos munic\u00edpios que mais necessitam. Ficamos realizados em concluir o trabalho e saber que contribuimos para a mobilidade e escoamento da produ\u00e7\u00e3o das comunidades rurais\u201d, revela Jurandi Gugel, delegado federal do Minist\u00e9rio do Desenvolvimento Agr\u00e1rio em Santa Catarina. O kit de m\u00e1quinas entregues \u00e0s prefeituras devem ser utilizados pelos executivos municipais para a constru\u00e7\u00e3o e conserva\u00e7\u00e3o de estradas vicinais.<\/p>\n<p>Lan\u00e7ado no \u00faltimo dia 26 de maio pela presidenta Dilma Rousseff, o Plano Safra da Agricultura Familiar destinar\u00e1 R$ 24,1 bilh\u00f5es em investimentos para o bi\u00eanio 2014\/2015. Este valor \u00e9 14,7% superior ao recurso disponibilizado na safra atual e dez vezes maior que o ofertado h\u00e1 12 anos. Para Santa Catarina, a previs\u00e3o \u00e9 de R$2,8 bilh\u00f5es em financiamentos para os agricultores familiares.<\/p>\n<p>O repasse dos recursos ser\u00e1 efetuado por meio do Programa Nacional de Fortalecimento da Agricultura Familiar (Pronaf). Al\u00e9m da oferta do cr\u00e9dito, o Plano Safra re\u00fane um conjunto de pol\u00edticas p\u00fablicas para o desenvolvimento do meio rural, como os servi\u00e7os de Assist\u00eancia T\u00e9cnica e Extens\u00e3o Rural (Ater) e as compras institucionais do Programa de Aquisi\u00e7\u00e3o de Alimentos (PAA) e do Programa Nacional de Alimenta\u00e7\u00e3o Escolar (Pnae).<\/p>\n<p>The post S\u00e3o Jos\u00e9 e Chapec\u00f3 recebem recursos do Plano Safra appeared first on Economia SC.<\/p>\n<p>Via: <a href=\"http:\/\/economiasc.com.br\/sao-jose-e-chapeco-recebem-recursos-plano-safra\/\" class=\"colorbox\" title=\"S\u00e3o Jos\u00e9 e Chapec\u00f3 recebem recursos do Plano Safra\">economiasc.com.br<\/a><\/p>\n","protected":false},"excerpt":{"rendered":"<div class=\"ftpimagefix\" style=\"float:left\"><img decoding=\"async\" width=\"250\" alt=\"Tratores PAC 2 S\u00e3o Jos\u00e9 017\" src=\"http:\/\/economiasc.com.br\/wp-content\/uploads\/2014\/06\/Tratores-PAC-2-S%C3%A3o-Jos%C3%A9-017-300x167.jpg\"><\/div>\n<p>Tamb\u00e9m ser\u00e3o entregues m\u00e1quinas motoniveladoras obtidas atrav\u00e9s do PAC 2. Foto: Divulga\u00e7\u00e3o<\/p>\n<p>Nesta sexta-feira, dia 20, o Minist\u00e9rio do Desenvolvimento Agr\u00e1rio entrega m\u00e1quinas da Segunda Fase do Programa de Acelera\u00e7\u00e3o do Crescimento \u2013 PAC 2 e anuncia os recursos destinados a Santa Catarina pelo Plano Safra da Agricultura Familiar 2014\/2015, em dois eventos que acontecem em S\u00e3o Jos\u00e9 e Chapec\u00f3.<\/p>\n<p>Em S\u00e3o Jos\u00e9, ser\u00e3o entregues motoniveladoras a 76 munic\u00edpios de diversas regi\u00f5es do estado. A cerim\u00f4nia acontece a partir das 9h no Centro Multiuso localizado na avenida Beira-Mar, s\/n\u00ba. J\u00e1 em Chapec\u00f3, ser\u00e3o entregues 81 caminh\u00f5es-ca\u00e7amba no evento marcado para as 15h na Universidade Federal da Fronteira Sul \u2013 UFFS, Campus Chapec\u00f3. As m\u00e1quinas s\u00e3o as \u00faltimas a serem entregues \u00e0s Prefeituras de munic\u00edpios catarinenses com at\u00e9 50 mil habitantes. No total, s\u00e3o 269 munic\u00edpios contemplados com uma retroescavadeira, um caminh\u00e3o-ca\u00e7amba e uma retroescavadeira cada, num investimento de cerca de um milh\u00e3o por munic\u00edpio garantido pelo Governo Federal.<\/p>\n<p>\u201cDesde 2012 estamos entregando as m\u00e1quinas atrav\u00e9s deste programa, que \u00e9 in\u00e9dito no repasse de equipamentos aos munic\u00edpios que mais necessitam. Ficamos realizados em concluir o trabalho e saber que contribuimos para a mobilidade e escoamento da produ\u00e7\u00e3o das comunidades rurais\u201d, revela Jurandi Gugel, delegado federal do Minist\u00e9rio do Desenvolvimento Agr\u00e1rio em Santa Catarina. O kit de m\u00e1quinas entregues \u00e0s prefeituras devem ser utilizados pelos executivos municipais para a constru\u00e7\u00e3o e conserva\u00e7\u00e3o de estradas vicinais.<\/p>\n<p>Lan\u00e7ado no \u00faltimo dia 26 de maio pela presidenta Dilma Rousseff, o Plano Safra da Agricultura Familiar destinar\u00e1 R$ 24,1 bilh\u00f5es em investimentos para o bi\u00eanio 2014\/2015. Este valor \u00e9 14,7% superior ao recurso disponibilizado na safra atual e dez vezes maior que o ofertado h\u00e1 12 anos. Para Santa Catarina, a previs\u00e3o \u00e9 de R$2,8 bilh\u00f5es em financiamentos para os agricultores familiares.<\/p>\n<p>O repasse dos recursos ser\u00e1 efetuado por meio do Programa Nacional de Fortalecimento da Agricultura Familiar (Pronaf). Al\u00e9m da oferta do cr\u00e9dito, o Plano Safra re\u00fane um conjunto de pol\u00edticas p\u00fablicas para o desenvolvimento do meio rural, como os servi\u00e7os de Assist\u00eancia T\u00e9cnica e Extens\u00e3o Rural (Ater) e as compras institucionais do Programa de Aquisi\u00e7\u00e3o de Alimentos (PAA) e do Programa Nacional de Alimenta\u00e7\u00e3o Escolar (Pnae).<\/p>\n<p>The post S\u00e3o Jos\u00e9 e Chapec\u00f3 recebem recursos do Plano Safra appeared first on Economia SC.<\/p>\n","protected":false},"author":1,"featured_media":0,"comment_status":"open","ping_status":"open","sticky":false,"template":"","format":"standard","meta":{"footnotes":""},"categories":[5],"tags":[],"class_list":["post-2397","post","type-post","status-publish","format-standard","hentry","category-noticias","no-post-thumbnail"],"_links":{"self":[{"href":"https:\/\/www.cdlbc.com.br\/portal\/wp-json\/wp\/v2\/posts\/2397","targetHints":{"allow":["GET"]}}],"collection":[{"href":"https:\/\/www.cdlbc.com.br\/portal\/wp-json\/wp\/v2\/posts"}],"about":[{"href":"https:\/\/www.cdlbc.com.br\/portal\/wp-json\/wp\/v2\/types\/post"}],"author":[{"embeddable":true,"href":"https:\/\/www.cdlbc.com.br\/portal\/wp-json\/wp\/v2\/users\/1"}],"replies":[{"embeddable":true,"href":"https:\/\/www.cdlbc.com.br\/portal\/wp-json\/wp\/v2\/comments?post=2397"}],"version-history":[{"count":0,"href":"https:\/\/www.cdlbc.com.br\/portal\/wp-json\/wp\/v2\/posts\/2397\/revisions"}],"wp:attachment":[{"href":"https:\/\/www.cdlbc.com.br\/portal\/wp-json\/wp\/v2\/media?parent=2397"}],"wp:term":[{"taxonomy":"category","embeddable":true,"href":"https:\/\/www.cdlbc.com.br\/portal\/wp-json\/wp\/v2\/categories?post=2397"},{"taxonomy":"post_tag","embeddable":true,"href":"https:\/\/www.cdlbc.com.br\/portal\/wp-json\/wp\/v2\/tags?post=2397"}],"curies":[{"name":"wp","href":"https:\/\/api.w.org\/{rel}","templated":true}]}}