{"id":2388,"date":"2014-06-18T16:21:00","date_gmt":"2014-06-18T16:21:00","guid":{"rendered":"http:\/\/www.cdlbc.com.br\/portal\/noticias\/pronatec-2-0-tera-oferta-de-12-milhoes-de-vagas\/"},"modified":"2014-06-18T16:21:00","modified_gmt":"2014-06-18T16:21:00","slug":"pronatec-2-0-tera-oferta-de-12-milhoes-de-vagas","status":"publish","type":"post","link":"https:\/\/www.cdlbc.com.br\/portal\/noticias\/pronatec-2-0-tera-oferta-de-12-milhoes-de-vagas\/","title":{"rendered":"Pronatec 2.0 ter\u00e1 oferta de 12 milh\u00f5es de vagas"},"content":{"rendered":"<div class=\"ftpimagefix\" style=\"float:left\"><img decoding=\"async\" width=\"250\" alt=\"919653-pronatec_dilma_dsc7613124\" src=\"http:\/\/economiasc.com.br\/wp-content\/uploads\/2014\/06\/919653-pronatec_dilma_dsc76131241-300x199.jpg\"><\/div>\n<p>A presidenta Dilma Rousseff anunciou nesta quarta-feira, dia 18, a segunda etapa do Programa Nacional de Acesso ao Ensino T\u00e9cnico e Emprego (Pronatec), que vai ofertar 12 milh\u00f5es de vagas em 220 cursos t\u00e9cnicos de n\u00edvel m\u00e9dio e em 646 cursos de qualifica\u00e7\u00e3o, a partir de 2015. A meta da primeira etapa do programa, criado em 2011, \u00e9 oferecer 8 milh\u00f5es de matr\u00edculas at\u00e9 2014.<\/p>\n<p>A meta da primeira etapa do programa, criado em 2011, \u00e9 oferecer 8 milh\u00f5es de matr\u00edculas at\u00e9 2014. \u201cFalamos em 12 milh\u00f5es com a certeza de que esse n\u00famero \u00e9 vi\u00e1vel porque ao longo deste per\u00edodo constru\u00edmos nossa curva de aprendizado. Hoje sabemos como se faz e podemos melhorar muito o Pronatec\u201d, disse a presidenta ao discursar na cerim\u00f4nia de lan\u00e7amento da segunda etapa do programa, chamada de Pronatec 2.0. Ela ainda destacou que a meta da primeira fase est\u00e1 pr\u00f3xima de ser alcan\u00e7ada, j\u00e1 que o Pronatec contabiliza atualmente 7,4 milh\u00f5es de matr\u00edculas.<\/p>\n<p>Dilma ressaltou a import\u00e2ncia da educa\u00e7\u00e3o para a redu\u00e7\u00e3o da pobreza e para a economia brasileira. \u201cCada vez mais, a educa\u00e7\u00e3o ter\u00e1 um duplo papel que \u00e9 garantir a perenidade da redu\u00e7\u00e3o da pobreza e desconcentra\u00e7\u00e3o da renda que tivemos nos \u00faltimos 12 anos. O segundo papel \u00e9 relativo \u00e0 entrada do Brasil na sociedade do conhecimento. No curto prazo, isso passa pelo aumento da produtividade da nossa economia.\u201d<\/p>\n<p>Segundo o ministro da Educa\u00e7\u00e3o, Henrique Paim, o Pronatec 2.0, ir\u00e1 ampliar a oferta de cursos voltados \u00e0 forma\u00e7\u00e3o empreendedora e \u00e0 gest\u00e3o para pequenos empres\u00e1rios. Paim disse ainda que a segunda etapa dar\u00e1 continuidade \u00e0 expans\u00e3o das matr\u00edculas e ir\u00e1 organizar nacionalmente a trajet\u00f3ria de forma\u00e7\u00e3o profissional. \u201cSabemos que a educa\u00e7\u00e3o profissional no Brasil sempre foi relegada a segundo plano, fizemos um esfor\u00e7o expressivo e avan\u00e7amos muito\u201d, acrescentou o ministro.<\/p>\n<p>O Pronatec foi criado em 2011 pelo governo federal com o objetivo de ampliar a oferta de cursos de educa\u00e7\u00e3o profissional e tecnol\u00f3gica. O governo federal investe na fase atual R$ 14 bilh\u00f5es at\u00e9 o final de 2014.<\/p>\n<\/p>\n<\/p>\n<p>The post Pronatec 2.0 ter\u00e1 oferta de 12 milh\u00f5es de vagas appeared first on Economia SC.<\/p>\n<p>Via: <a href=\"http:\/\/economiasc.com.br\/pronatec-2-0-tera-oferta-de-12-milhoes-de-vagas\/\" class=\"colorbox\" title=\"Pronatec 2.0 ter\u00e1 oferta de 12 milh\u00f5es de vagas\">economiasc.com.br<\/a><\/p>\n","protected":false},"excerpt":{"rendered":"<div class=\"ftpimagefix\" style=\"float:left\"><img decoding=\"async\" width=\"250\" alt=\"919653-pronatec_dilma_dsc7613124\" src=\"http:\/\/economiasc.com.br\/wp-content\/uploads\/2014\/06\/919653-pronatec_dilma_dsc76131241-300x199.jpg\"><\/div>\n<p>A presidenta Dilma Rousseff anunciou nesta quarta-feira, dia 18, a segunda etapa do Programa Nacional de Acesso ao Ensino T\u00e9cnico e Emprego (Pronatec), que vai ofertar 12 milh\u00f5es de vagas em 220 cursos t\u00e9cnicos de n\u00edvel m\u00e9dio e em 646 cursos de qualifica\u00e7\u00e3o, a partir de 2015. A meta da primeira etapa do programa, criado em 2011, \u00e9 oferecer 8 milh\u00f5es de matr\u00edculas at\u00e9 2014.<\/p>\n<p>A meta da primeira etapa do programa, criado em 2011, \u00e9 oferecer 8 milh\u00f5es de matr\u00edculas at\u00e9 2014. \u201cFalamos em 12 milh\u00f5es com a certeza de que esse n\u00famero \u00e9 vi\u00e1vel porque ao longo deste per\u00edodo constru\u00edmos nossa curva de aprendizado. Hoje sabemos como se faz e podemos melhorar muito o Pronatec\u201d, disse a presidenta ao discursar na cerim\u00f4nia de lan\u00e7amento da segunda etapa do programa, chamada de Pronatec 2.0. Ela ainda destacou que a meta da primeira fase est\u00e1 pr\u00f3xima de ser alcan\u00e7ada, j\u00e1 que o Pronatec contabiliza atualmente 7,4 milh\u00f5es de matr\u00edculas.<\/p>\n<p>Dilma ressaltou a import\u00e2ncia da educa\u00e7\u00e3o para a redu\u00e7\u00e3o da pobreza e para a economia brasileira. \u201cCada vez mais, a educa\u00e7\u00e3o ter\u00e1 um duplo papel que \u00e9 garantir a perenidade da redu\u00e7\u00e3o da pobreza e desconcentra\u00e7\u00e3o da renda que tivemos nos \u00faltimos 12 anos. O segundo papel \u00e9 relativo \u00e0 entrada do Brasil na sociedade do conhecimento. No curto prazo, isso passa pelo aumento da produtividade da nossa economia.\u201d<\/p>\n<p>Segundo o ministro da Educa\u00e7\u00e3o, Henrique Paim, o Pronatec 2.0, ir\u00e1 ampliar a oferta de cursos voltados \u00e0 forma\u00e7\u00e3o empreendedora e \u00e0 gest\u00e3o para pequenos empres\u00e1rios. Paim disse ainda que a segunda etapa dar\u00e1 continuidade \u00e0 expans\u00e3o das matr\u00edculas e ir\u00e1 organizar nacionalmente a trajet\u00f3ria de forma\u00e7\u00e3o profissional. \u201cSabemos que a educa\u00e7\u00e3o profissional no Brasil sempre foi relegada a segundo plano, fizemos um esfor\u00e7o expressivo e avan\u00e7amos muito\u201d, acrescentou o ministro.<\/p>\n<p>O Pronatec foi criado em 2011 pelo governo federal com o objetivo de ampliar a oferta de cursos de educa\u00e7\u00e3o profissional e tecnol\u00f3gica. O governo federal investe na fase atual R$ 14 bilh\u00f5es at\u00e9 o final de 2014.<\/p>\n<\/p>\n<\/p>\n<p>The post Pronatec 2.0 ter\u00e1 oferta de 12 milh\u00f5es de vagas appeared first on Economia SC.<\/p>\n","protected":false},"author":1,"featured_media":0,"comment_status":"open","ping_status":"open","sticky":false,"template":"","format":"standard","meta":{"footnotes":""},"categories":[5],"tags":[],"class_list":["post-2388","post","type-post","status-publish","format-standard","hentry","category-noticias","no-post-thumbnail"],"_links":{"self":[{"href":"https:\/\/www.cdlbc.com.br\/portal\/wp-json\/wp\/v2\/posts\/2388","targetHints":{"allow":["GET"]}}],"collection":[{"href":"https:\/\/www.cdlbc.com.br\/portal\/wp-json\/wp\/v2\/posts"}],"about":[{"href":"https:\/\/www.cdlbc.com.br\/portal\/wp-json\/wp\/v2\/types\/post"}],"author":[{"embeddable":true,"href":"https:\/\/www.cdlbc.com.br\/portal\/wp-json\/wp\/v2\/users\/1"}],"replies":[{"embeddable":true,"href":"https:\/\/www.cdlbc.com.br\/portal\/wp-json\/wp\/v2\/comments?post=2388"}],"version-history":[{"count":0,"href":"https:\/\/www.cdlbc.com.br\/portal\/wp-json\/wp\/v2\/posts\/2388\/revisions"}],"wp:attachment":[{"href":"https:\/\/www.cdlbc.com.br\/portal\/wp-json\/wp\/v2\/media?parent=2388"}],"wp:term":[{"taxonomy":"category","embeddable":true,"href":"https:\/\/www.cdlbc.com.br\/portal\/wp-json\/wp\/v2\/categories?post=2388"},{"taxonomy":"post_tag","embeddable":true,"href":"https:\/\/www.cdlbc.com.br\/portal\/wp-json\/wp\/v2\/tags?post=2388"}],"curies":[{"name":"wp","href":"https:\/\/api.w.org\/{rel}","templated":true}]}}