{"id":2381,"date":"2014-06-18T13:42:00","date_gmt":"2014-06-18T13:42:00","guid":{"rendered":"http:\/\/www.cdlbc.com.br\/portal\/noticias\/consultor-da-oit-faz-palestra-em-evento-da-fiesc\/"},"modified":"2014-06-18T13:42:00","modified_gmt":"2014-06-18T13:42:00","slug":"consultor-da-oit-faz-palestra-em-evento-da-fiesc","status":"publish","type":"post","link":"https:\/\/www.cdlbc.com.br\/portal\/noticias\/consultor-da-oit-faz-palestra-em-evento-da-fiesc\/","title":{"rendered":"Consultor da OIT faz palestra em evento da Fiesc"},"content":{"rendered":"<p><span>As provas do Programa Internacional de Avalia\u00e7\u00e3o de Estudantes (Pisa) t\u00eam demonstrado que os pa\u00edses precisam construir capital humano no \u00e2mbito da matem\u00e1tica e da ci\u00eancia, afirma o consultor da Organiza\u00e7\u00e3o Internacional do Trabalho (OIT), Fernando Vargas. Ele vai ministrar a palestra \u201cNovas compet\u00eancias para o profissional do s\u00e9culo 21\u2033, no dia 25 de junho, na Jornada Inova\u00e7\u00e3o e Competitividade da Ind\u00fastria Catarinense, evento promovido pela Federa\u00e7\u00e3o das Ind\u00fastrias de Santa Catarina (FIESC), em Florian\u00f3polis. O encontro, que segue at\u00e9 o dia 27, conta com o apoio do BRDE, CrediFiesc, Previsc, Tractebel, Sesi e Senai Nacional.<\/span><\/p>\n<p align=\"justify\">A prova \u00e9 aplicada a estudantes na faixa dos 15 anos, idade em que se pressup\u00f5e o t\u00e9rmino da escolaridade b\u00e1sica obrigat\u00f3ria na maioria dos pa\u00edses. O objetivo do Pisa \u00e9 produzir indicadores que contribuam para a discuss\u00e3o da qualidade da educa\u00e7\u00e3o nos pa\u00edses participantes, de modo a subsidiar pol\u00edticas de melhoria do ensino b\u00e1sico. A iniciativa \u00e9 da Organiza\u00e7\u00e3o para Coopera\u00e7\u00e3o e Desenvolvimento Econ\u00f4mico (OCDE).<\/p>\n<p>Vargas destaca que a ideia do profissional competente \u00e9 aquele que tem capacidade para resolver problemas e interagir com as mudan\u00e7as no mercado e na tecnologia. \u201cNa mesma velocidade com que o mundo est\u00e1 mudando, os profissionais tamb\u00e9m precisam mudar suas compet\u00eancias para acompanhar as transforma\u00e7\u00f5es\u201d, diz.<\/p>\n<p>O especialista ressalta que apesar de as tecnologias facilitarem o aprendizado e aumentarem o acesso dos profissionais \u00e0 qualifica\u00e7\u00e3o, o aprendizado das compet\u00eancias b\u00e1sicas, como ler, escrever e interpretar, ainda \u00e9 um problema e requer aten\u00e7\u00e3o. Al\u00e9m disso, h\u00e1 o desafio de dominar uma segunda l\u00edngua, importante para se comunicar num mundo cada vez mais globalizado.<\/p>\n<p><strong><\/strong>No dia 25 (quarta-feira), os assuntos ser\u00e3o qualidade de vida e educa\u00e7\u00e3o. \u00c0s 9h45 ser\u00e1 realizada a palestra \u201cTrabalhador saud\u00e1vel, ind\u00fastria produtiva\u201d, com Steven Aldana, um dos maiores especialistas norte-americanos em bem-estar e vida saud\u00e1vel no ambiente de trabalho. Ele \u00e9 autor de sete livros sobre gerenciamento de risco \u00e0 sa\u00fade, vida saud\u00e1vel, e programas de promo\u00e7\u00e3o da sa\u00fade. As publica\u00e7\u00f5es j\u00e1 venderam mais de um milh\u00e3o de c\u00f3pias e s\u00e3o usadas por 4,5 mil empresas e corpora\u00e7\u00f5es. Em seguida, o debate ser\u00e1 sobre \u201cGest\u00e3o de economia para ambientes seguros e saud\u00e1veis\u201d. \u00c0 tarde, a partir das 13h30, ser\u00e1 realizada a palestra \u201cNovas compet\u00eancias para o profissional do s\u00e9culo XXI\u201d, al\u00e9m do painel \u201cO papel da educa\u00e7\u00e3o para o desenvolvimento de compet\u00eancias para o mundo do trabalho\u201d.<\/p>\n<p>Na quinta-feira, dia 26, ser\u00e3o tratados os temas inova\u00e7\u00e3o, design, educa\u00e7\u00e3o e ambiente institucional. \u00c0s 9h45 ser\u00e1 realizada a palestra \u201cEcossistema de inova\u00e7\u00e3o\u201d, com o professor do Centro de Performance Industrial do Massachusetts Institute of Technology (MIT), Celson Pantoja Lima. \u00c0s 10h40 est\u00e1 programada a palestra \u201cCapacidade de inova\u00e7\u00e3o, competitividade e educa\u00e7\u00e3o\u201d, com o especialista da Universidade de Berlim, Ardin Djalali. \u00c0 tarde, \u00e0s 14h10, ser\u00e1 realizado painel sobre produtividade na ind\u00fastria, com a participa\u00e7\u00e3o do economista Jorge Arbache, do consultor Lu\u00eds Alberto Saavedra Martinelli e do gerente-executivo da unidade de pol\u00edtica econ\u00f4mica da CNI, Fl\u00e1vio Castelo Branco. Tamb\u00e9m ser\u00e1 realizada palestra sobre empreendedorismo, com o presidente da Endeavor Brasil, Juliano Seabra.<\/p>\n<p>Na sexta-feira, dia 27, \u00e0s 10 horas, ser\u00e3o realizadas a entrega da Ordem do M\u00e9rito Industrial de Santa Catarina, a Ordem do M\u00e9rito Industrial da CNI e o M\u00e9rito Sindical. A solenidade, exclusiva para convidados, marca o encerramento da Jornada.<\/p>\n<p><span>A Jornada ter\u00e1 as emiss\u00f5es de Gases de Efeito Estufa (GEE) inventariadas a partir da metodologia GHG Protocol e compensadas por meio de restauro florestal de Mata Atl\u00e2ntica. O GHG Protocol \u00e9 a ferramenta mais utilizada no mundo para gerenciar emiss\u00f5es. A iniciativa est\u00e1 no \u00e2mbito do Plano Sustentabilidade para a Competitividade da Ind\u00fastria Catarinense.<\/span><\/p>\n<p>The post <a class=\"colorbox\" rel=\"nofollow\" href=\"http:\/\/economiasc.com.br\/consultor-da-oit-faz-palestra-em-evento-da-fiesc\/\">Consultor da OIT faz palestra em evento da Fiesc<\/a> appeared first on <a class=\"colorbox\" rel=\"nofollow\" href=\"http:\/\/economiasc.com.br\/\">Economia SC<\/a>.<\/p>\n<p>Via: <a href=\"http:\/\/economiasc.com.br\/consultor-da-oit-faz-palestra-em-evento-da-fiesc\/\" class=\"colorbox\" title=\"Consultor da OIT faz palestra em evento da Fiesc\">economiasc.com.br<\/a><\/p>\n","protected":false},"excerpt":{"rendered":"<p><span>As provas do Programa Internacional de Avalia\u00e7\u00e3o de Estudantes (Pisa) t\u00eam demonstrado que os pa\u00edses precisam construir capital humano no \u00e2mbito da matem\u00e1tica e da ci\u00eancia, afirma o consultor da Organiza\u00e7\u00e3o Internacional do Trabalho (OIT), Fernando Vargas. Ele vai ministrar a palestra \u201cNovas compet\u00eancias para o profissional do s\u00e9culo 21\u2033, no dia 25 de junho, na Jornada Inova\u00e7\u00e3o e Competitividade da Ind\u00fastria Catarinense, evento promovido pela Federa\u00e7\u00e3o das Ind\u00fastrias de Santa Catarina (FIESC), em Florian\u00f3polis. O encontro, que segue at\u00e9 o dia 27, conta com o apoio do BRDE, CrediFiesc, Previsc, Tractebel, Sesi e Senai Nacional.<\/span><\/p>\n<p align=\"justify\">A prova \u00e9 aplicada a estudantes na faixa dos 15 anos, idade em que se pressup\u00f5e o t\u00e9rmino da escolaridade b\u00e1sica obrigat\u00f3ria na maioria dos pa\u00edses. O objetivo do Pisa \u00e9 produzir indicadores que contribuam para a discuss\u00e3o da qualidade da educa\u00e7\u00e3o nos pa\u00edses participantes, de modo a subsidiar pol\u00edticas de melhoria do ensino b\u00e1sico. A iniciativa \u00e9 da Organiza\u00e7\u00e3o para Coopera\u00e7\u00e3o e Desenvolvimento Econ\u00f4mico (OCDE).<\/p>\n<p>Vargas destaca que a ideia do profissional competente \u00e9 aquele que tem capacidade para resolver problemas e interagir com as mudan\u00e7as no mercado e na tecnologia. \u201cNa mesma velocidade com que o mundo est\u00e1 mudando, os profissionais tamb\u00e9m precisam mudar suas compet\u00eancias para acompanhar as transforma\u00e7\u00f5es\u201d, diz.<\/p>\n<p>O especialista ressalta que apesar de as tecnologias facilitarem o aprendizado e aumentarem o acesso dos profissionais \u00e0 qualifica\u00e7\u00e3o, o aprendizado das compet\u00eancias b\u00e1sicas, como ler, escrever e interpretar, ainda \u00e9 um problema e requer aten\u00e7\u00e3o. Al\u00e9m disso, h\u00e1 o desafio de dominar uma segunda l\u00edngua, importante para se comunicar num mundo cada vez mais globalizado.<\/p>\n<p><strong><\/strong>No dia 25 (quarta-feira), os assuntos ser\u00e3o qualidade de vida e educa\u00e7\u00e3o. \u00c0s 9h45 ser\u00e1 realizada a palestra \u201cTrabalhador saud\u00e1vel, ind\u00fastria produtiva\u201d, com Steven Aldana, um dos maiores especialistas norte-americanos em bem-estar e vida saud\u00e1vel no ambiente de trabalho. Ele \u00e9 autor de sete livros sobre gerenciamento de risco \u00e0 sa\u00fade, vida saud\u00e1vel, e programas de promo\u00e7\u00e3o da sa\u00fade. As publica\u00e7\u00f5es j\u00e1 venderam mais de um milh\u00e3o de c\u00f3pias e s\u00e3o usadas por 4,5 mil empresas e corpora\u00e7\u00f5es. Em seguida, o debate ser\u00e1 sobre \u201cGest\u00e3o de economia para ambientes seguros e saud\u00e1veis\u201d. \u00c0 tarde, a partir das 13h30, ser\u00e1 realizada a palestra \u201cNovas compet\u00eancias para o profissional do s\u00e9culo XXI\u201d, al\u00e9m do painel \u201cO papel da educa\u00e7\u00e3o para o desenvolvimento de compet\u00eancias para o mundo do trabalho\u201d.<\/p>\n<p>Na quinta-feira, dia 26, ser\u00e3o tratados os temas inova\u00e7\u00e3o, design, educa\u00e7\u00e3o e ambiente institucional. \u00c0s 9h45 ser\u00e1 realizada a palestra \u201cEcossistema de inova\u00e7\u00e3o\u201d, com o professor do Centro de Performance Industrial do Massachusetts Institute of Technology (MIT), Celson Pantoja Lima. \u00c0s 10h40 est\u00e1 programada a palestra \u201cCapacidade de inova\u00e7\u00e3o, competitividade e educa\u00e7\u00e3o\u201d, com o especialista da Universidade de Berlim, Ardin Djalali. \u00c0 tarde, \u00e0s 14h10, ser\u00e1 realizado painel sobre produtividade na ind\u00fastria, com a participa\u00e7\u00e3o do economista Jorge Arbache, do consultor Lu\u00eds Alberto Saavedra Martinelli e do gerente-executivo da unidade de pol\u00edtica econ\u00f4mica da CNI, Fl\u00e1vio Castelo Branco. Tamb\u00e9m ser\u00e1 realizada palestra sobre empreendedorismo, com o presidente da Endeavor Brasil, Juliano Seabra.<\/p>\n<p>Na sexta-feira, dia 27, \u00e0s 10 horas, ser\u00e3o realizadas a entrega da Ordem do M\u00e9rito Industrial de Santa Catarina, a Ordem do M\u00e9rito Industrial da CNI e o M\u00e9rito Sindical. A solenidade, exclusiva para convidados, marca o encerramento da Jornada.<\/p>\n<p><span>A Jornada ter\u00e1 as emiss\u00f5es de Gases de Efeito Estufa (GEE) inventariadas a partir da metodologia GHG Protocol e compensadas por meio de restauro florestal de Mata Atl\u00e2ntica. O GHG Protocol \u00e9 a ferramenta mais utilizada no mundo para gerenciar emiss\u00f5es. A iniciativa est\u00e1 no \u00e2mbito do Plano Sustentabilidade para a Competitividade da Ind\u00fastria Catarinense.<\/span><\/p>\n<p>The post <a class=\"colorbox\" rel=\"nofollow\" href=\"http:\/\/economiasc.com.br\/consultor-da-oit-faz-palestra-em-evento-da-fiesc\/\">Consultor da OIT faz palestra em evento da Fiesc<\/a> appeared first on <a class=\"colorbox\" rel=\"nofollow\" href=\"http:\/\/economiasc.com.br\/\">Economia SC<\/a>.<\/p>\n","protected":false},"author":1,"featured_media":0,"comment_status":"open","ping_status":"open","sticky":false,"template":"","format":"standard","meta":{"footnotes":""},"categories":[5],"tags":[],"class_list":["post-2381","post","type-post","status-publish","format-standard","hentry","category-noticias","no-post-thumbnail"],"_links":{"self":[{"href":"https:\/\/www.cdlbc.com.br\/portal\/wp-json\/wp\/v2\/posts\/2381","targetHints":{"allow":["GET"]}}],"collection":[{"href":"https:\/\/www.cdlbc.com.br\/portal\/wp-json\/wp\/v2\/posts"}],"about":[{"href":"https:\/\/www.cdlbc.com.br\/portal\/wp-json\/wp\/v2\/types\/post"}],"author":[{"embeddable":true,"href":"https:\/\/www.cdlbc.com.br\/portal\/wp-json\/wp\/v2\/users\/1"}],"replies":[{"embeddable":true,"href":"https:\/\/www.cdlbc.com.br\/portal\/wp-json\/wp\/v2\/comments?post=2381"}],"version-history":[{"count":0,"href":"https:\/\/www.cdlbc.com.br\/portal\/wp-json\/wp\/v2\/posts\/2381\/revisions"}],"wp:attachment":[{"href":"https:\/\/www.cdlbc.com.br\/portal\/wp-json\/wp\/v2\/media?parent=2381"}],"wp:term":[{"taxonomy":"category","embeddable":true,"href":"https:\/\/www.cdlbc.com.br\/portal\/wp-json\/wp\/v2\/categories?post=2381"},{"taxonomy":"post_tag","embeddable":true,"href":"https:\/\/www.cdlbc.com.br\/portal\/wp-json\/wp\/v2\/tags?post=2381"}],"curies":[{"name":"wp","href":"https:\/\/api.w.org\/{rel}","templated":true}]}}