{"id":2373,"date":"2014-06-18T12:22:00","date_gmt":"2014-06-18T12:22:00","guid":{"rendered":"http:\/\/www.cdlbc.com.br\/portal\/noticias\/acic-comemora-70-anos-em-criciuma\/"},"modified":"2014-06-18T12:22:00","modified_gmt":"2014-06-18T12:22:00","slug":"acic-comemora-70-anos-em-criciuma","status":"publish","type":"post","link":"https:\/\/www.cdlbc.com.br\/portal\/noticias\/acic-comemora-70-anos-em-criciuma\/","title":{"rendered":"Acic comemora 70 anos em Crici\u00fama"},"content":{"rendered":"<div class=\"ftpimagefix\" style=\"float:left\"><img decoding=\"async\" width=\"250\" alt=\"acic foto governo criciuma\" src=\"http:\/\/economiasc.com.br\/wp-content\/uploads\/2014\/06\/acic-foto-governo-criciuma-300x200.jpg\"><\/div>\n<p>Aos 70 anos, a entidade revela-se uma institui\u00e7\u00e3o forte, independente. Foto: Divulga\u00e7\u00e3o<\/p>\n<p>A Associa\u00e7\u00e3o Empresarial de Crici\u00fama (Acic) realizar\u00e1, no dia 30 de junho, um evento de comemora\u00e7\u00e3o dos seus 70 anos, que ser\u00e3o completados nesta quarta-feira,  dia 18. No dia 30, a entidade reunir\u00e1 associados e convidados para uma solenidade de abertura dos festejos. O evento ser\u00e1 realizado na sede da associa\u00e7\u00e3o, a partir das 17 horas.<\/p>\n<p>Com a  miss\u00e3o de promover o desenvolvimento econ\u00f4mico, pol\u00edtico, social e cultural de Crici\u00fama e regi\u00e3o, a Acic representa e presta servi\u00e7os aos associados e ao meio empresarial. \u201cAos 70 anos, a entidade revela-se uma institui\u00e7\u00e3o forte, independente, que em parceria com as outras entidades procura buscar o bem-estar econ\u00f4mico, social e ambiental n\u00e3o s\u00f3 de Crici\u00fama, mas da regi\u00e3o\u201d, afirma o presidente da Acic, C\u00e9sar Smielevski.<\/p>\n<p>A entidade conta com cerca de 1.200 associados, divididos entre os setores da ind\u00fastria, do com\u00e9rcio e de servi\u00e7os. Seja para seus associados ou para a comunidade em geral, a associa\u00e7\u00e3o disponibiliza uma estrutura modelo no Estado. Sua sede possui mais de 10 mil m\u00b2, com amplos espa\u00e7os para eventos, reuni\u00f5es e treinamentos. Em 2013, a Acic inaugurou o novo audit\u00f3rio, denominado Jayme Ant\u00f4nio Zanatta, onde pode receber at\u00e9 540 pessoas. O espa\u00e7o modular \u00e9 dotado de alta tecnologia em sistemas audiovisuais.<\/p>\n<p>Tamb\u00e9m no centro empresarial, a Acic abriga entidades parceiras, como a Junta Comercial de Santa Catarina, sindicatos patronais, conselhos de classe e n\u00facleos do Projeto Empreender. Comoservi\u00e7os disponibilizados pela entidade tamb\u00e9m est\u00e3o o Escrit\u00f3rio de Certifica\u00e7\u00e3o Digital, restaurante, salas para treinamento e consultorias e agora o Observat\u00f3rio Social de Crici\u00fama.<\/p>\n<p>The post Acic comemora 70 anos em Crici\u00fama appeared first on Economia SC.<\/p>\n<p>Via: <a href=\"http:\/\/economiasc.com.br\/acic-comemora-70-anos-em-criciuma\/\" class=\"colorbox\" title=\"Acic comemora 70 anos em Crici\u00fama\">economiasc.com.br<\/a><\/p>\n","protected":false},"excerpt":{"rendered":"<div class=\"ftpimagefix\" style=\"float:left\"><img decoding=\"async\" width=\"250\" alt=\"acic foto governo criciuma\" src=\"http:\/\/economiasc.com.br\/wp-content\/uploads\/2014\/06\/acic-foto-governo-criciuma-300x200.jpg\"><\/div>\n<p>Aos 70 anos, a entidade revela-se uma institui\u00e7\u00e3o forte, independente. Foto: Divulga\u00e7\u00e3o<\/p>\n<p>A Associa\u00e7\u00e3o Empresarial de Crici\u00fama (Acic) realizar\u00e1, no dia 30 de junho, um evento de comemora\u00e7\u00e3o dos seus 70 anos, que ser\u00e3o completados nesta quarta-feira,  dia 18. No dia 30, a entidade reunir\u00e1 associados e convidados para uma solenidade de abertura dos festejos. O evento ser\u00e1 realizado na sede da associa\u00e7\u00e3o, a partir das 17 horas.<\/p>\n<p>Com a  miss\u00e3o de promover o desenvolvimento econ\u00f4mico, pol\u00edtico, social e cultural de Crici\u00fama e regi\u00e3o, a Acic representa e presta servi\u00e7os aos associados e ao meio empresarial. \u201cAos 70 anos, a entidade revela-se uma institui\u00e7\u00e3o forte, independente, que em parceria com as outras entidades procura buscar o bem-estar econ\u00f4mico, social e ambiental n\u00e3o s\u00f3 de Crici\u00fama, mas da regi\u00e3o\u201d, afirma o presidente da Acic, C\u00e9sar Smielevski.<\/p>\n<p>A entidade conta com cerca de 1.200 associados, divididos entre os setores da ind\u00fastria, do com\u00e9rcio e de servi\u00e7os. Seja para seus associados ou para a comunidade em geral, a associa\u00e7\u00e3o disponibiliza uma estrutura modelo no Estado. Sua sede possui mais de 10 mil m\u00b2, com amplos espa\u00e7os para eventos, reuni\u00f5es e treinamentos. Em 2013, a Acic inaugurou o novo audit\u00f3rio, denominado Jayme Ant\u00f4nio Zanatta, onde pode receber at\u00e9 540 pessoas. O espa\u00e7o modular \u00e9 dotado de alta tecnologia em sistemas audiovisuais.<\/p>\n<p>Tamb\u00e9m no centro empresarial, a Acic abriga entidades parceiras, como a Junta Comercial de Santa Catarina, sindicatos patronais, conselhos de classe e n\u00facleos do Projeto Empreender. Comoservi\u00e7os disponibilizados pela entidade tamb\u00e9m est\u00e3o o Escrit\u00f3rio de Certifica\u00e7\u00e3o Digital, restaurante, salas para treinamento e consultorias e agora o Observat\u00f3rio Social de Crici\u00fama.<\/p>\n<p>The post Acic comemora 70 anos em Crici\u00fama appeared first on Economia SC.<\/p>\n","protected":false},"author":1,"featured_media":0,"comment_status":"open","ping_status":"open","sticky":false,"template":"","format":"standard","meta":{"footnotes":""},"categories":[5],"tags":[],"class_list":["post-2373","post","type-post","status-publish","format-standard","hentry","category-noticias","no-post-thumbnail"],"_links":{"self":[{"href":"https:\/\/www.cdlbc.com.br\/portal\/wp-json\/wp\/v2\/posts\/2373","targetHints":{"allow":["GET"]}}],"collection":[{"href":"https:\/\/www.cdlbc.com.br\/portal\/wp-json\/wp\/v2\/posts"}],"about":[{"href":"https:\/\/www.cdlbc.com.br\/portal\/wp-json\/wp\/v2\/types\/post"}],"author":[{"embeddable":true,"href":"https:\/\/www.cdlbc.com.br\/portal\/wp-json\/wp\/v2\/users\/1"}],"replies":[{"embeddable":true,"href":"https:\/\/www.cdlbc.com.br\/portal\/wp-json\/wp\/v2\/comments?post=2373"}],"version-history":[{"count":0,"href":"https:\/\/www.cdlbc.com.br\/portal\/wp-json\/wp\/v2\/posts\/2373\/revisions"}],"wp:attachment":[{"href":"https:\/\/www.cdlbc.com.br\/portal\/wp-json\/wp\/v2\/media?parent=2373"}],"wp:term":[{"taxonomy":"category","embeddable":true,"href":"https:\/\/www.cdlbc.com.br\/portal\/wp-json\/wp\/v2\/categories?post=2373"},{"taxonomy":"post_tag","embeddable":true,"href":"https:\/\/www.cdlbc.com.br\/portal\/wp-json\/wp\/v2\/tags?post=2373"}],"curies":[{"name":"wp","href":"https:\/\/api.w.org\/{rel}","templated":true}]}}